{"id":9069,"date":"2021-06-19T13:24:10","date_gmt":"2021-06-19T13:24:10","guid":{"rendered":"https:\/\/conakrynews.org\/?p=9069"},"modified":"2021-06-19T13:44:48","modified_gmt":"2021-06-19T13:44:48","slug":"justice-alpha-conde-gracie-grenade-et-madic-100-frontieres","status":"publish","type":"post","link":"https:\/\/conakrynews.org\/index.php\/justice-alpha-conde-gracie-grenade-et-madic-100-frontieres\/","title":{"rendered":"Justice : Alpha Cond\u00e9 gracie, Grenade et Madic 100 fronti\u00e8res"},"content":{"rendered":"<div class=\"td-post-header\">\n<header class=\"td-post-title\">\n<h1 class=\"entry-title\"><\/h1>\n<div class=\"td-module-meta-info\">\n<div class=\"td-post-author-name\">\n<div class=\"td-author-by\"><\/div>\n<\/div>\n<\/div>\n<\/header>\n<\/div>\n<div class=\"td-post-sharing td-post-sharing-top \">\n<div class=\"td-default-sharing\"><i class=\"td-icon-facebook\"><\/i>\u00a0<i class=\"td-icon-twitter\"><\/i>\u00a0<i class=\"td-icon-googleplus\"><\/i>\u00a0<i class=\"td-icon-pinterest\"><\/i>\u00a0<i class=\"td-icon-whatsapp\"><\/i><\/div>\n<\/div>\n<div class=\"td-post-content\">\n<div class=\"td-post-featured-image\"><a class=\"td-modal-image\" href=\"https:\/\/liberationinfo.com\/wp-content\/uploads\/2021\/06\/alpha_decret_14_5.jpg\" data-caption=\"\"><img loading=\"lazy\" decoding=\"async\" class=\"entry-thumb td-animation-stack-type0-2\" title=\"alpha_decret_14_5\" src=\"https:\/\/liberationinfo.com\/wp-content\/uploads\/2021\/06\/alpha_decret_14_5.jpg\" alt=\"\" width=\"470\" height=\"354\" \/><\/a><\/div>\n<div class=\"entry-header\">\n<h1 class=\"jeg_post_title\"><\/h1>\n<\/div>\n<div class=\"jeg_share_top_container\">\n<div class=\"jeg_share_button clearfix\">\n<div class=\"jeg_share_stats\"><\/div>\n<div class=\"jeg_sharelist\"><\/div>\n<\/div>\n<\/div>\n<div class=\"jeg_ad jeg_article jnews_content_top_ads \">\n<div class=\"ads-wrapper \"><\/div>\n<\/div>\n<div class=\"entry-content no-share\">\n<div class=\"jeg_share_button share-float jeg_sticky_share clearfix share-monocrhome\">\n<div class=\"jeg_share_float_container\"><\/div>\n<\/div>\n<div class=\"content-inner \">\n<p>Quelques jours apr\u00e8s la confirmation de leurs condamnations respectives par la cour d\u2019appel de Conakry, Boubacar Diallo dit alias Grenade et Mamady Cond\u00e9 Madic 100 Fronti\u00e8res ont \u00e9t\u00e9 graci\u00e9s par le pr\u00e9sident de la R\u00e9publique professeur Alpha Cond\u00e9. C\u2019est un d\u00e9but du d\u00e9gel de la crise politique depuis l\u2019organisation de la\u00a0 derni\u00e8re \u00e9lection pr\u00e9sidentielle du 18 octobre dernier. Dans un d\u00e9cret lu \u00e0 la t\u00e9l\u00e9vision nationale, le chef de l\u2019\u00e9tat guin\u00e9en a demand\u00e9 au ministre de la justice de l\u2019application dudit d\u00e9cret.<\/p>\n<p>&nbsp;<\/p>\n<p>&nbsp;<\/p>\n<p>Nous y reviendrons !<\/p>\n<p>&nbsp;<\/p>\n<p><b>Lib\u00e9rationinfos.com\u00a0<\/b><\/p>\n<\/div>\n<\/div>\n<\/div>\n","protected":false},"excerpt":{"rendered":"<p>\u00a0\u00a0\u00a0\u00a0 Quelques jours apr\u00e8s la confirmation de leurs condamnations respectives par la cour d\u2019appel de Conakry, Boubacar Diallo dit alias Grenade et Mamady Cond\u00e9 Madic 100 Fronti\u00e8res ont \u00e9t\u00e9 graci\u00e9s par le pr\u00e9sident de la R\u00e9publique professeur Alpha Cond\u00e9. C\u2019est un d\u00e9but du d\u00e9gel de la crise politique depuis l\u2019organisation de la\u00a0 derni\u00e8re \u00e9lection pr\u00e9sidentielle [&hellip;]<\/p>\n","protected":false},"author":2,"featured_media":9070,"comment_status":"closed","ping_status":"closed","sticky":false,"template":"","format":"standard","meta":{"footnotes":""},"categories":[58],"tags":[],"class_list":{"0":"post-9069","1":"post","2":"type-post","3":"status-publish","4":"format-standard","5":"has-post-thumbnail","7":"category-societe"},"_links":{"self":[{"href":"https:\/\/conakrynews.org\/index.php\/wp-json\/wp\/v2\/posts\/9069","targetHints":{"allow":["GET"]}}],"collection":[{"href":"https:\/\/conakrynews.org\/index.php\/wp-json\/wp\/v2\/posts"}],"about":[{"href":"https:\/\/conakrynews.org\/index.php\/wp-json\/wp\/v2\/types\/post"}],"author":[{"embeddable":true,"href":"https:\/\/conakrynews.org\/index.php\/wp-json\/wp\/v2\/users\/2"}],"replies":[{"embeddable":true,"href":"https:\/\/conakrynews.org\/index.php\/wp-json\/wp\/v2\/comments?post=9069"}],"version-history":[{"count":0,"href":"https:\/\/conakrynews.org\/index.php\/wp-json\/wp\/v2\/posts\/9069\/revisions"}],"wp:featuredmedia":[{"embeddable":true,"href":"https:\/\/conakrynews.org\/index.php\/wp-json\/wp\/v2\/media\/9070"}],"wp:attachment":[{"href":"https:\/\/conakrynews.org\/index.php\/wp-json\/wp\/v2\/media?parent=9069"}],"wp:term":[{"taxonomy":"category","embeddable":true,"href":"https:\/\/conakrynews.org\/index.php\/wp-json\/wp\/v2\/categories?post=9069"},{"taxonomy":"post_tag","embeddable":true,"href":"https:\/\/conakrynews.org\/index.php\/wp-json\/wp\/v2\/tags?post=9069"}],"curies":[{"name":"wp","href":"https:\/\/api.w.org\/{rel}","templated":true}]}}