{"id":9073,"date":"2021-06-19T13:31:39","date_gmt":"2021-06-19T13:31:39","guid":{"rendered":"https:\/\/conakrynews.org\/?p=9073"},"modified":"2021-06-19T13:45:24","modified_gmt":"2021-06-19T13:45:24","slug":"la-menace-jihadiste-gagne-le-golfe-de-guinee-sinquiete-paris","status":"publish","type":"post","link":"https:\/\/conakrynews.org\/index.php\/la-menace-jihadiste-gagne-le-golfe-de-guinee-sinquiete-paris\/","title":{"rendered":"La menace jihadiste gagne le Golfe de Guin\u00e9e, s\u2019inqui\u00e8te Paris"},"content":{"rendered":"<p>&nbsp;<\/p>\n<div class=\"clear\"><\/div>\n<div class=\"entry\">\n<div class=\"intro intro--bold\">\n<p>La menace jihadiste s\u2019\u00e9tend aux pays du Golfe de Guin\u00e9e, de la C\u00f4te d\u2019Ivoire au B\u00e9nin, via le Burkina Faso, s\u2019est inqui\u00e9t\u00e9 vendredi le chef de la diplomatie fran\u00e7aise Jean-Yves Le Drian.<\/p>\n<\/div>\n<div id=\"article-content\" class=\"content-floated-wrap fb-quotable\">\n<div class=\"wsw\">\n<p>\u201cJe\u00a0<em>suis tr\u00e8s soucieux des d\u00e9stabilisations dans les pays du Golfe de Guin\u00e9e<\/em>\u00ab\u00a0, a d\u00e9clar\u00e9 le ministre fran\u00e7ais des Affaires \u00e9trang\u00e8res sur la cha\u00eene BFM TV.<\/p>\n<p><em>\u00ab\u00a0La porosit\u00e9 terroriste, en particulier en passant par le Burkina Faso, aujourd\u2019hui est en train de toucher le nord de ces pays, que ce soit la C\u00f4te d\u2019Ivoire, le Togo, le B\u00e9nin, le Ghana<\/em>\u00ab\u00a0, a-t-il ajout\u00e9.<\/p>\n<p>\u00ab\u00a0Il\u00a0<em>y a l\u00e0 des risques et nous agissons beaucoup en ce moment pour que ces pays-l\u00e0 aussi s\u2019organisent pour assurer la s\u00e9curit\u00e9 de leurs propres fronti\u00e8res et \u00e9viter que le terrorisme se r\u00e9pande dans ces territoires\u00a0\u00bb<\/em>, a-t-il dit.<\/p>\n<p>La France a annonc\u00e9 une prochaine r\u00e9duction et transformation de sa pr\u00e9sence militaire au Sahel, tout en r\u00e9affirmant sa volont\u00e9 de poursuivre la lutte antiterroriste dans la r\u00e9gion.<\/p>\n<p>La ministre des Arm\u00e9es Florence Parly a aussi soulign\u00e9 vouloir \u00ab\u00a0travailler avec les pays du Golfe du Guin\u00e9e\u00a0\u00bb en la mati\u00e8re.<\/p>\n<p>Jean-Yves Le Drian et le Premier ministre ivoirien Patrick Achi ont notamment inaugur\u00e9 le 10 juin pr\u00e8s d\u2019Abidjan l\u2019Acad\u00e9mie internationale de lutte contre le terrorisme (AILCT).<\/p>\n<p>\u00ab\u00a0<em>Avec l\u2019appui de la France, des Europ\u00e9ens, de la communaut\u00e9 internationale, les Etats de la r\u00e9gion doivent intensifier leur coop\u00e9ration militaire, leur coop\u00e9ration s\u00e9curitaire et leur coop\u00e9ration judiciaire\u00a0\u00bb<\/em>, avait alors relev\u00e9 le ministre fran\u00e7ais des Affaires \u00e9trang\u00e8res.<\/p>\n<p>L\u2019AICLT doit former policiers, militaires, gendarmes, magistrats, douaniers et \u00eatre un lieu d\u2019\u00e9change sur la lutte antiterroriste.<\/p>\n<p>Le nord de la C\u00f4te d\u2019Ivoire, frontalier du Burkina Faso, a de nouveau \u00e9t\u00e9 la cible le 7 juin d\u2019une attaque de jihadistes pr\u00e9sum\u00e9s au cours de laquelle un soldat ivoirien a \u00e9t\u00e9 tu\u00e9.<\/p>\n<p>La C\u00f4te d\u2019Ivoire avait \u00e9t\u00e9 frapp\u00e9e une premi\u00e8re fois par une attaque jihadiste en mars 2016, dans la ville baln\u00e9aire de Grand-Bassam, pr\u00e8s d\u2019Abidjan: des assaillants avaient ouvert le feu sur la plage et des h\u00f4tels, faisant 19 morts.<\/p>\n<\/div>\n<p><strong>Avec AFP<\/strong><\/p>\n<\/div>\n<\/div>\n","protected":false},"excerpt":{"rendered":"<p>&nbsp; La menace jihadiste s\u2019\u00e9tend aux pays du Golfe de Guin\u00e9e, de la C\u00f4te d\u2019Ivoire au B\u00e9nin, via le Burkina Faso, s\u2019est inqui\u00e9t\u00e9 vendredi le chef de la diplomatie fran\u00e7aise Jean-Yves Le Drian. \u201cJe\u00a0suis tr\u00e8s soucieux des d\u00e9stabilisations dans les pays du Golfe de Guin\u00e9e\u00ab\u00a0, a d\u00e9clar\u00e9 le ministre fran\u00e7ais des Affaires \u00e9trang\u00e8res sur la [&hellip;]<\/p>\n","protected":false},"author":2,"featured_media":9074,"comment_status":"closed","ping_status":"closed","sticky":false,"template":"","format":"standard","meta":{"footnotes":""},"categories":[58],"tags":[],"class_list":{"0":"post-9073","1":"post","2":"type-post","3":"status-publish","4":"format-standard","5":"has-post-thumbnail","7":"category-societe"},"_links":{"self":[{"href":"https:\/\/conakrynews.org\/index.php\/wp-json\/wp\/v2\/posts\/9073","targetHints":{"allow":["GET"]}}],"collection":[{"href":"https:\/\/conakrynews.org\/index.php\/wp-json\/wp\/v2\/posts"}],"about":[{"href":"https:\/\/conakrynews.org\/index.php\/wp-json\/wp\/v2\/types\/post"}],"author":[{"embeddable":true,"href":"https:\/\/conakrynews.org\/index.php\/wp-json\/wp\/v2\/users\/2"}],"replies":[{"embeddable":true,"href":"https:\/\/conakrynews.org\/index.php\/wp-json\/wp\/v2\/comments?post=9073"}],"version-history":[{"count":0,"href":"https:\/\/conakrynews.org\/index.php\/wp-json\/wp\/v2\/posts\/9073\/revisions"}],"wp:featuredmedia":[{"embeddable":true,"href":"https:\/\/conakrynews.org\/index.php\/wp-json\/wp\/v2\/media\/9074"}],"wp:attachment":[{"href":"https:\/\/conakrynews.org\/index.php\/wp-json\/wp\/v2\/media?parent=9073"}],"wp:term":[{"taxonomy":"category","embeddable":true,"href":"https:\/\/conakrynews.org\/index.php\/wp-json\/wp\/v2\/categories?post=9073"},{"taxonomy":"post_tag","embeddable":true,"href":"https:\/\/conakrynews.org\/index.php\/wp-json\/wp\/v2\/tags?post=9073"}],"curies":[{"name":"wp","href":"https:\/\/api.w.org\/{rel}","templated":true}]}}