{"id":9086,"date":"2021-06-19T22:37:49","date_gmt":"2021-06-19T22:37:49","guid":{"rendered":"https:\/\/conakrynews.org\/?p=9086"},"modified":"2021-06-19T22:37:49","modified_gmt":"2021-06-19T22:37:49","slug":"vers-louverture-des-frontieres-guinee-senegal-un-accord-de-cooperation-militaire-sera-signe-a-accra-ce-samedi","status":"publish","type":"post","link":"https:\/\/conakrynews.org\/index.php\/vers-louverture-des-frontieres-guinee-senegal-un-accord-de-cooperation-militaire-sera-signe-a-accra-ce-samedi\/","title":{"rendered":"Vers l\u2019ouverture des fronti\u00e8res Guin\u00e9e\/S\u00e9n\u00e9gal : un accord de coop\u00e9ration militaire sera sign\u00e9 \u00e0 Accra, ce samedi"},"content":{"rendered":"<div class=\"td-post-header\">\n<header class=\"td-post-title\">\n<h1 class=\"entry-title\"><\/h1>\n<\/header>\n<\/div>\n<div class=\"td-post-sharing td-post-sharing-top \">\n<div class=\"td-default-sharing\"><i class=\"td-icon-facebook\"><\/i>\u00a0<i class=\"td-icon-twitter\"><\/i>\u00a0<i class=\"td-icon-googleplus\"><\/i>\u00a0<i class=\"td-icon-pinterest\"><\/i>\u00a0<i class=\"td-icon-whatsapp\"><\/i><\/div>\n<\/div>\n<div class=\"td-post-content\">\n<div class=\"td-post-featured-image\"><a class=\"td-modal-image\" href=\"https:\/\/liberationinfo.com\/wp-content\/uploads\/2021\/06\/alpha-conde-macky-sall-1.jpg\" data-caption=\"\"><img loading=\"lazy\" decoding=\"async\" class=\"entry-thumb td-animation-stack-type0-2\" title=\"alpha-conde-macky-sall-1\" src=\"https:\/\/liberationinfo.com\/wp-content\/uploads\/2021\/06\/alpha-conde-macky-sall-1.jpg\" alt=\"\" width=\"678\" height=\"381\" \/><\/a><\/div>\n<div class=\"entry-header clearfix\">\n<header class=\"entry-header-title\">\n<h1 class=\"entry-title\"><\/h1>\n<\/header>\n<\/div>\n<div class=\"row single-main-content\">\n<div class=\"main-content content-right col-sx-12 col-sm-12 col-md-9 col-lg-9\">\n<div class=\"content-inner\">\n<div class=\"box box-article\">\n<article id=\"post-157426\" class=\"post-157426 post type-post status-publish format-standard has-post-thumbnail hentry category-la-une\">\n<div class=\"post-image single-image\">\n<figure class=\"wp-single-image\"><a href=\"https:\/\/mediaguinee.org\/wp-content\/uploads\/2021\/06\/alpha-conde-macky-sall-1.jpg\"><img decoding=\"async\" class=\"wp-post-image td-animation-stack-type0-2\" src=\"https:\/\/mediaguinee.org\/wp-content\/uploads\/2021\/06\/alpha-conde-macky-sall-1.jpg\" alt=\"\" \/><\/a><\/figure>\n<\/div>\n<div class=\"entry-content clearfix\">\n<div class=\"entry-content-inner padding-left\">\n<div class=\"pf-content\">\n<div class=\"printfriendly pf-button pf-button-content pf-alignright\"><\/div>\n<p>Bonne nouvelle !!! L\u2019Axe Conakry-Dakar se renforce. Selon une source g\u00e9n\u00e9ralement bien inform\u00e9e, la Guin\u00e9e et le S\u00e9n\u00e9gal signeront ce samedi \u00e0 Accra, au Ghana, un important accord de coop\u00e9ration militaire. Ce sont les ministres guin\u00e9en Mohamed Dian\u00e9 et homologue s\u00e9n\u00e9galais Sidiki Kaba qui apposeront leurs signatures sur le document.<\/p>\n<p>\u201cL\u2019accord est le r\u00e9sultat de n\u00e9gociations discr\u00e8tes entre le S\u00e9n\u00e9gal et la GUINEE, men\u00e9es par les deux ministres des AE avec l\u2019implication des pr\u00e9sidents Addo du ghana et Barrow de la Gambie ainsi que du pr\u00e9sident de la commission de la CEDEAO Jean -Caude Kassi Brou\u201d, d\u2019apr\u00e8s une source<br \/>\nune source proche de la CEDEAO.<\/p>\n<div class=\"code-block code-block-2\"><\/div>\n<p>La Guin\u00e9e avait ferm\u00e9 ses fronti\u00e8res terrestres avec trois de ses voisins (Sierra Leone, S\u00e9n\u00e9gal et Guin\u00e9e-Bissau) \u00e0 la veille de la pr\u00e9sidentielle derni\u00e8re, r\u00e9clamant plus de s\u00e9curit\u00e9.<\/p>\n<p><strong>Focus de Mediaguinee<\/strong><\/p>\n<\/div>\n<\/div>\n<\/div>\n<\/article>\n<\/div>\n<\/div>\n<\/div>\n<\/div>\n<\/div>\n","protected":false},"excerpt":{"rendered":"<p>\u00a0\u00a0\u00a0\u00a0 Bonne nouvelle !!! L\u2019Axe Conakry-Dakar se renforce. Selon une source g\u00e9n\u00e9ralement bien inform\u00e9e, la Guin\u00e9e et le S\u00e9n\u00e9gal signeront ce samedi \u00e0 Accra, au Ghana, un important accord de coop\u00e9ration militaire. Ce sont les ministres guin\u00e9en Mohamed Dian\u00e9 et homologue s\u00e9n\u00e9galais Sidiki Kaba qui apposeront leurs signatures sur le document. \u201cL\u2019accord est le r\u00e9sultat [&hellip;]<\/p>\n","protected":false},"author":2,"featured_media":9087,"comment_status":"closed","ping_status":"closed","sticky":false,"template":"","format":"standard","meta":{"footnotes":""},"categories":[58],"tags":[],"class_list":{"0":"post-9086","1":"post","2":"type-post","3":"status-publish","4":"format-standard","5":"has-post-thumbnail","7":"category-societe"},"_links":{"self":[{"href":"https:\/\/conakrynews.org\/index.php\/wp-json\/wp\/v2\/posts\/9086","targetHints":{"allow":["GET"]}}],"collection":[{"href":"https:\/\/conakrynews.org\/index.php\/wp-json\/wp\/v2\/posts"}],"about":[{"href":"https:\/\/conakrynews.org\/index.php\/wp-json\/wp\/v2\/types\/post"}],"author":[{"embeddable":true,"href":"https:\/\/conakrynews.org\/index.php\/wp-json\/wp\/v2\/users\/2"}],"replies":[{"embeddable":true,"href":"https:\/\/conakrynews.org\/index.php\/wp-json\/wp\/v2\/comments?post=9086"}],"version-history":[{"count":0,"href":"https:\/\/conakrynews.org\/index.php\/wp-json\/wp\/v2\/posts\/9086\/revisions"}],"wp:featuredmedia":[{"embeddable":true,"href":"https:\/\/conakrynews.org\/index.php\/wp-json\/wp\/v2\/media\/9087"}],"wp:attachment":[{"href":"https:\/\/conakrynews.org\/index.php\/wp-json\/wp\/v2\/media?parent=9086"}],"wp:term":[{"taxonomy":"category","embeddable":true,"href":"https:\/\/conakrynews.org\/index.php\/wp-json\/wp\/v2\/categories?post=9086"},{"taxonomy":"post_tag","embeddable":true,"href":"https:\/\/conakrynews.org\/index.php\/wp-json\/wp\/v2\/tags?post=9086"}],"curies":[{"name":"wp","href":"https:\/\/api.w.org\/{rel}","templated":true}]}}