{"id":9095,"date":"2021-06-21T08:14:37","date_gmt":"2021-06-21T08:14:37","guid":{"rendered":"https:\/\/conakrynews.org\/?p=9095"},"modified":"2021-06-21T08:14:37","modified_gmt":"2021-06-21T08:14:37","slug":"dans-un-communique-laurent-gbagbo-sinquiete-de-la-violence-qui-se-perpetue-en-cote-divoire","status":"publish","type":"post","link":"https:\/\/conakrynews.org\/index.php\/dans-un-communique-laurent-gbagbo-sinquiete-de-la-violence-qui-se-perpetue-en-cote-divoire\/","title":{"rendered":"Dans un communiqu\u00e9, Laurent Gbagbo s\u2019inqui\u00e8te \u00abde la violence qui se perp\u00e9tue\u00bb en C\u00f4te d\u2019Ivoire"},"content":{"rendered":"<div class=\"td-post-header\">\n<header class=\"td-post-title\">\n<h1 class=\"entry-title\"><\/h1>\n<div class=\"td-module-meta-info\">\n<div class=\"td-post-author-name\">\n<div class=\"td-author-by\"><\/div>\n<\/div>\n<\/div>\n<\/header>\n<\/div>\n<div class=\"td-post-sharing td-post-sharing-top \">\n<div class=\"td-default-sharing\"><i class=\"td-icon-facebook\"><\/i>\u00a0<i class=\"td-icon-twitter\"><\/i>\u00a0<i class=\"td-icon-googleplus\"><\/i>\u00a0<i class=\"td-icon-pinterest\"><\/i>\u00a0<i class=\"td-icon-whatsapp\"><\/i><\/div>\n<\/div>\n<div class=\"td-post-content\">\n<div class=\"td-post-featured-image\"><a class=\"td-modal-image\" href=\"https:\/\/liberationinfo.com\/wp-content\/uploads\/2021\/06\/33665c97256943edf6d1f68e70e526b6-1624213787.jpg\" data-caption=\"\"><img loading=\"lazy\" decoding=\"async\" class=\"entry-thumb td-animation-stack-type0-2\" title=\"33665c97256943edf6d1f68e70e526b6-1624213787\" src=\"https:\/\/liberationinfo.com\/wp-content\/uploads\/2021\/06\/33665c97256943edf6d1f68e70e526b6-1624213787-696x464.jpg\" alt=\"\" width=\"696\" height=\"464\" \/><\/a><\/div>\n<div class=\"jeg_navbar_mobile_wrapper\">\n<div class=\"jeg_navbar_mobile notransition jeg_sticky_nav\">\n<div class=\"jeg_mobile_bottombar jeg_mobile_midbar jeg_container dark\">\n<div class=\"container\">\n<div class=\"jeg_nav_row\">\n<div class=\"jeg_nav_col jeg_nav_center jeg_nav_grow\">\n<div class=\"item_wrap jeg_nav_aligncenter\">\n<div class=\"jeg_nav_item jeg_mobile_logo\">\n<div class=\"site-title\"><\/div>\n<\/div>\n<\/div>\n<\/div>\n<\/div>\n<\/div>\n<\/div>\n<\/div>\n<\/div>\n<div class=\"post-wrapper\">\n<div class=\"post-wrap\">\n<div class=\"jeg_main \">\n<div class=\"jeg_container\">\n<div class=\"jeg_content jeg_singlepage\">\n<div class=\"container\">\n<div class=\"row\">\n<div class=\"jeg_main_content col-md-8\">\n<div class=\"jeg_inner_content\">\n<div class=\"entry-header\">\n<div class=\"jeg_meta_container\">\n<div class=\"jeg_post_meta jeg_post_meta_1\">\n<div class=\"meta_right\"><\/div>\n<\/div>\n<\/div>\n<\/div>\n<div class=\"jeg_featured featured_image\">\n<div class=\"thumbnail-container animate-lazy\"><\/div>\n<p class=\"wp-caption-text\">Former Ivorian President Laurent Gbagbo speaks after being acquitted by the International Criminal Court on charges of war crimes, at his party\u2019s headquarters in Abidjan, Ivory Coast June 17, 2021. REUTERS\/Macline Hien<\/p>\n<\/div>\n<div class=\"jeg_share_top_container\">\n<div class=\"jeg_share_button clearfix\">\n<div class=\"jeg_share_stats\"><\/div>\n<div class=\"jeg_sharelist\"><\/div>\n<\/div>\n<\/div>\n<div class=\"jeg_ad jeg_article jnews_content_top_ads \">\n<div class=\"ads-wrapper \"><\/div>\n<\/div>\n<div class=\"entry-content no-share\">\n<div class=\"jeg_share_button share-float jeg_sticky_share clearfix share-monocrhome\">\n<div class=\"jeg_share_float_container\"><\/div>\n<\/div>\n<div class=\"content-inner \">\n<p>Laurent Gbagbo a donn\u00e9 sa premi\u00e8re communication officielle depuis son retour en C\u00f4te d\u2019Ivoire jeudi dernier 17 juin. Dans un communiqu\u00e9, l\u2019ancien pr\u00e9sident dit \u00ab<em>s\u2019inqui\u00e9ter de la violence qui se perp\u00e9tue dans le pays<\/em>\u00bb, faisant r\u00e9f\u00e9rence aux \u00e9chauffour\u00e9es le jour de son arriv\u00e9e, entre ses partisans venus l\u2019accueillir \u00e0 l\u2019a\u00e9roport et les forces de l\u2019ordre. Toute la journ\u00e9e, les supporters ont \u00e9t\u00e9 dispers\u00e9s \u00e0 coups de gaz lacrymog\u00e8nes aux alentours de l\u2019a\u00e9roport d\u2019Abidjan.<\/p>\n<p>Pr\u00e9sent\u00e9 comme un message de remerciements, le communiqu\u00e9 \u2013\u00a0attribu\u00e9 \u00e0 Laurent Gbagbo mais sign\u00e9 de la main de son porte-parole Justin Katinan Kon\u00e9 \u2013\u00a0s\u2019attarde surtout sur les accrochages entre la police et les sympathisants de son parti du Front populaire ivoirien, venus en masse pour l\u2019acclamer d\u00e8s son atterrissage \u00e0 l\u2019a\u00e9roport d\u2019Abidjan.<\/p>\n<p>L\u2019ancien pr\u00e9sident \u00ab<em>remercie tout particuli\u00e8rement la jeunesse ivoirienne<\/em>\u00bb, ajoutant que cette derni\u00e8re a parfois pay\u00e9 \u00ab<em>le prix lourd illustr\u00e9 par des blessures graves caus\u00e9es par une violence brutale que rien ne justifiait<\/em>\u00bb.<\/p>\n<div class=\"jeg_ad jeg_ad_article jnews_content_inline_ads \">\n<div class=\"ads-wrapper align-center \">\n<div class=\"ads_code\"><\/div>\n<\/div>\n<\/div>\n<p>Laurent Gbagbo affirme \u00e9galement s\u2019inqui\u00e9ter de la violence qui se perp\u00e9tue en C\u00f4te d\u2019Ivoire, avant d\u2019appeler \u00ab<em>\u00e0 la retenue pour donner enfin une chance \u00e0 la r\u00e9conciliation de prosp\u00e9rer<\/em>\u00bb, poursuit-il.<\/p>\n<p>L\u2019ex-d\u00e9tenu de la CPI maintient que les forces de l\u2019ordre sont responsables de ces d\u00e9bordements. Une preuve, selon lui, que \u00ab<em>le chemin de la r\u00e9conciliation est encore long<\/em>\u00bb.<\/p>\n<p>Pour l\u2019instant, aucune source officielle ne fait \u00e9tat de bless\u00e9s ou d\u2019arrestations dans les rangs des supporters du parti pr\u00e9sents \u00e0 l\u2019a\u00e9roport pour le retour de leur leader.<\/p>\n<p>&nbsp;<\/p>\n<p><strong>RFI<\/strong><\/p>\n<\/div>\n<\/div>\n<\/div>\n<\/div>\n<\/div>\n<\/div>\n<\/div>\n<\/div>\n<\/div>\n<\/div>\n<\/div>\n<\/div>\n","protected":false},"excerpt":{"rendered":"<p>\u00a0\u00a0\u00a0\u00a0 Former Ivorian President Laurent Gbagbo speaks after being acquitted by the International Criminal Court on charges of war crimes, at his party\u2019s headquarters in Abidjan, Ivory Coast June 17, 2021. REUTERS\/Macline Hien Laurent Gbagbo a donn\u00e9 sa premi\u00e8re communication officielle depuis son retour en C\u00f4te d\u2019Ivoire jeudi dernier 17 juin. Dans un communiqu\u00e9, l\u2019ancien [&hellip;]<\/p>\n","protected":false},"author":2,"featured_media":9096,"comment_status":"closed","ping_status":"closed","sticky":false,"template":"","format":"standard","meta":{"footnotes":""},"categories":[57],"tags":[],"class_list":{"0":"post-9095","1":"post","2":"type-post","3":"status-publish","4":"format-standard","5":"has-post-thumbnail","7":"category-politique"},"_links":{"self":[{"href":"https:\/\/conakrynews.org\/index.php\/wp-json\/wp\/v2\/posts\/9095","targetHints":{"allow":["GET"]}}],"collection":[{"href":"https:\/\/conakrynews.org\/index.php\/wp-json\/wp\/v2\/posts"}],"about":[{"href":"https:\/\/conakrynews.org\/index.php\/wp-json\/wp\/v2\/types\/post"}],"author":[{"embeddable":true,"href":"https:\/\/conakrynews.org\/index.php\/wp-json\/wp\/v2\/users\/2"}],"replies":[{"embeddable":true,"href":"https:\/\/conakrynews.org\/index.php\/wp-json\/wp\/v2\/comments?post=9095"}],"version-history":[{"count":0,"href":"https:\/\/conakrynews.org\/index.php\/wp-json\/wp\/v2\/posts\/9095\/revisions"}],"wp:featuredmedia":[{"embeddable":true,"href":"https:\/\/conakrynews.org\/index.php\/wp-json\/wp\/v2\/media\/9096"}],"wp:attachment":[{"href":"https:\/\/conakrynews.org\/index.php\/wp-json\/wp\/v2\/media?parent=9095"}],"wp:term":[{"taxonomy":"category","embeddable":true,"href":"https:\/\/conakrynews.org\/index.php\/wp-json\/wp\/v2\/categories?post=9095"},{"taxonomy":"post_tag","embeddable":true,"href":"https:\/\/conakrynews.org\/index.php\/wp-json\/wp\/v2\/tags?post=9095"}],"curies":[{"name":"wp","href":"https:\/\/api.w.org\/{rel}","templated":true}]}}