{"id":9126,"date":"2021-06-22T08:22:29","date_gmt":"2021-06-22T08:22:29","guid":{"rendered":"https:\/\/conakrynews.org\/?p=9126"},"modified":"2021-06-23T09:36:43","modified_gmt":"2021-06-23T09:36:43","slug":"affaire-faux-matricules-la-justice-decerne-des-mandats-damener-contre-9-hauts-cadres","status":"publish","type":"post","link":"https:\/\/conakrynews.org\/index.php\/affaire-faux-matricules-la-justice-decerne-des-mandats-damener-contre-9-hauts-cadres\/","title":{"rendered":"Affaire faux matricules : la justice d\u00e9cerne des mandats d\u2019amener contre 9 hauts cadres"},"content":{"rendered":"<div class=\"td-post-header\">\n<header class=\"td-post-title\">\n<h1 class=\"entry-title\"><\/h1>\n<div class=\"td-module-meta-info\">\n<div class=\"td-post-author-name\">\n<div class=\"td-author-by\"><\/div>\n<div class=\"td-author-line\"><\/div>\n<\/div>\n<\/div>\n<\/header>\n<\/div>\n<div class=\"td-post-sharing td-post-sharing-top \">\n<div class=\"td-default-sharing\"><i class=\"td-icon-facebook\"><\/i>\u00a0<i class=\"td-icon-twitter\"><\/i>\u00a0<i class=\"td-icon-googleplus\"><\/i>\u00a0<i class=\"td-icon-pinterest\"><\/i>\u00a0<i class=\"td-icon-whatsapp\"><\/i><\/div>\n<\/div>\n<div class=\"td-post-content\">\n<div class=\"td-post-featured-image\"><a class=\"td-modal-image\" href=\"https:\/\/liberationinfo.com\/wp-content\/uploads\/2021\/06\/TPI-KALOUM.jpg\" data-caption=\"\"><img loading=\"lazy\" decoding=\"async\" class=\"entry-thumb td-animation-stack-type0-2\" title=\"TPI-KALOUM\" src=\"https:\/\/liberationinfo.com\/wp-content\/uploads\/2021\/06\/TPI-KALOUM-696x463.jpg\" alt=\"\" width=\"696\" height=\"463\" \/><\/a><\/div>\n<div class=\"post-header-inner wfi\">\n<div class=\"post-header-title\">\n<h1 class=\"single-post-title\"><\/h1>\n<\/div>\n<\/div>\n<div class=\"row main-section\">\n<div class=\"col-sm-8 content-column\">\n<div class=\"single-container\">\n<article id=\"post-88197\" class=\"post-88197 post type-post status-publish format-standard has-post-thumbnail category-a-la-une category-administration category-featured category-justice category-news tag-345-milliards-fg tag-9-hauts-cadres tag-administration-publique tag-africa tag-afrique tag-fonction-publique tag-fonctionnaires tag-hadja-mariama-doumbouya tag-ibrahima-sory-toure tag-justice tag-procureur-alpha-alseny-camara tag-tpi-de-kaloum tag-uliette-titi-kamano single-post-content\">\n<div class=\"single-featured\"><\/div>\n<div class=\"post-share single-post-share top-share clearfix style-9\">\n<div class=\"post-share-btn-group\"><\/div>\n<div class=\"share-handler-wrap bs-pretty-tabs bs-pretty-tabs-initialized\"><span class=\"share-handler post-share-btn rank-default\"><i class=\"bf-icon fa fa-share-alt\"><\/i>\u00a0<\/span><i class=\"bf-icon fa fa-send\"><\/i><\/div>\n<\/div>\n<div class=\"entry-content clearfix single-post-content\">\n<p><em>Le proc\u00e8s contre les cadres du minist\u00e8re de la Fonction Publique et du Travail pour \u00ab faux en \u00e9criture publique et faux commis dans certains actes administratifs et complicit\u00e9 \u00bb s\u2019est poursuivi ce lundi 21 juin au Tribunal de Premi\u00e8re Instance (TPI) de Kaloum.<\/em><\/p>\n<p><em>Ayant constat\u00e9 l\u2019absence des pr\u00e9venus r\u00e9guli\u00e8rement cit\u00e9s dans le dossier, la Juge Hadja Mariama Doumbouya a d\u00e9cern\u00e9 un mandat d\u2019amener contre certains hauts cadres dont, entre autres, Mamady Ciss\u00e9 en service au minist\u00e8re de l\u2019Environnement, Aboubacar Camara alias \u2018\u2019service\u2019\u2019 au minist\u00e8re du Budget, direction comptabilit\u00e9 des mati\u00e8res ; K\u00e9l\u00e8tigui K\u00e9ita, douanier de profession, Mme. Julienne Toupu au PREMA, Famany Traor\u00e9, Directeur des Ressources Humaines (DRH) au minist\u00e8re de la l\u2019Environnement, Lancei B\u00e9avogui en service au minist\u00e8re du Budget, service soldes, Seydou Dabo en service au minist\u00e8re des Transports et Mme. Juliette Titi Kamano, Directrice nationale des services concours et examens (\u2026). \u00a0\u00a0\u00a0<\/em><\/p>\n<p><em>Dans la salle d\u2019audience, la juge a indiqu\u00e9 que Mme. Juliette Titi Kaman a \u2018\u2019refus\u00e9 de prendre la citation et qu\u2019elle a m\u00eame chass\u00e9 l\u2019huissier dans son bureau.\u2019\u2019<\/em><\/p>\n<p><em>Pour sa part, le Procureur de la R\u00e9publique de la R\u00e9publique pr\u00e8s du TPI de Kaloum, Alpha S\u00e9ny Camara, a accus\u00e9 ces cadres d\u2019avoir fait perdre \u00e0 l\u2019\u00c9tat plus de 345 milliards de francs guin\u00e9ens.<\/em><\/p>\n<p><em>\u00ab Un grand dossier de ce genre, il vous faut, Mme la pr\u00e9sidente Hadja Mariama Doumbouya, votre courage habituel \u00bb, l\u2019a-t-il exhort\u00e9e.<\/em><\/p>\n<div class=\"bs-irp left bs-irp-text-2-full\">\n<div class=\"bs-irp-heading\"><\/div>\n<div class=\"bs-pagination-wrapper main-term-none none \">\n<div class=\"listing listing-text listing-text-2 clearfix columns-2\">\n<div class=\"post-88145 type-post format-standard has-post-thumbnail listing-item listing-item-text listing-item-text-2 main-term-33\">\n<div class=\"item-inner\">\n<div class=\"post-meta\"><\/div>\n<\/div>\n<\/div>\n<\/div>\n<\/div>\n<\/div>\n<p><em>-Dans ce cas, r\u00e9torquera la pr\u00e9sidente, j\u2019ai besoin d\u2019\u00eatre appuy\u00e9e par le Parquet.<\/em><\/p>\n<p><em>A la barre, l\u2019un des pr\u00e9venus, Aboubacar Camara a affirm\u00e9 qu\u2019il a d\u00e9pos\u00e9 une demande \u00e0 fonction Publique et deux ans apr\u00e8s, il a \u00e9t\u00e9 appel\u00e9 qu\u2019il est admis. \u00ab Je n\u2019ai pas fait le concours. C\u2019est ma maman qui a fait le d\u00e9p\u00f4t pour moi \u00e0 la fonction publique. Depuis deux ans mon salaire est bloqu\u00e9. La banque m\u2019a dit de venir voir le commissaire Ibrahima Sory Tour\u00e9 au commissariat central de Kaloum. Ce dernier aussi m\u2019a orient\u00e9 vers le juge au TPI de Kaloum \u00bb, a-t-il expliqu\u00e9.<\/em><\/p>\n<p><em>Quant au Nouhan Diakit\u00e9, il a fait savoir \u00e0 la barre qu\u2019il a b\u00e9n\u00e9fici\u00e9 d\u2019un stage de trois mois \u00e0 la Fonction publique avant d\u2019\u00eatre engag\u00e9 en novembre 2017. \u00ab J\u2019ai per\u00e7u mon premier salaire en 2018. Mon salaire a \u00e9t\u00e9 bloqu\u00e9 de novembre 2019 \u00e0 janvier 2020. J\u2019ai tous les dossiers l\u00e9gaux avec moi. Je n\u2019ai pas fait de concours. Je fais partie des 5 000 fonctionnaires engag\u00e9s sans concours. C\u2019est au minist\u00e8re de la Fonction publique de le prouver \u00bb, s\u2019est-il d\u00e9fendu.<\/em><\/p>\n<p><em>\u00ab\u2026Tu es rentr\u00e9 \u00e0 la fonction publique \u00e0 travers une relation et tu as eu le \u00a0matricule d\u2019autrui par la complicit\u00e9 des cadres de la Fonction publique et ceux du budget. Nous avons suffisamment de preuves.\u00a0 Nous allons d\u00e9couvrir les vrais titulaires des matricules. Nous ne sommes contre personne.\u00a0 Il y en a qui n\u2019ont pas le baccalaur\u00e9at mais, ils sont fonctionnaires. On ne peut pas sortir 345 milliards de francs guin\u00e9ens et que l\u2019Etat reste tranquille. Le commissaire Ibrahima Sory Tour\u00e9 qui travaillait bien dans la commission rogatoire,\u00a0a \u00e9t\u00e9 arbitrairement mut\u00e9 \u00e0 cause de son s\u00e9rieux dans le travail.\u00a0 Une attitude que nous avons d\u00e9nonc\u00e9e. Voil\u00e0 un autre probl\u00e8me dans l\u2019administration publique. Il y a des fonctionnaires qui ont plus de 50 voire 100 matricules qu\u2019ils manipulent.\u00a0 Au moment venu, ils vont d\u00e9filer \u00e0 la barre. Je regrette que les pr\u00e9venus ne soient pas venus et d\u2019autres ont prof\u00e9r\u00e9 des menaces contre les huissiers.\u00a0\u00a0 Je demande que des mandats d\u2019arr\u00eat soient d\u00e9cern\u00e9 contre eux. Personne n\u2019est au-dessus de la loi\u2026 \u00bb, a-t-il menac\u00e9.<\/em><\/p>\n<p><em>Contrairement aux autres pr\u00e9venus, S\u00e9kou Oumar 2 Sanoh, cadre au minist\u00e8re de l\u2019Environnement, a reconnu les faits qui lui sont reproch\u00e9s avant de pr\u00e9ciser qu\u2019il n\u2019a affect\u00e9 que deux matricules. \u00ab Je ne suis pas l\u2019auteur principal mais plut\u00f4t complice \u00bb, a-t-il avou\u00e9. \u00a0<\/em><\/p>\n<p><em>Dans le m\u00eame sillage, Jean Tamba Mansar\u00e9 est revenu sur sa m\u00e9saventure tout r\u00e9v\u00e9lant au public la grande mafia financi\u00e8re qu\u2019elle cache : \u00ab tout a commenc\u00e9 en 2018. C\u2019est un certain K\u00e8letigui K\u00e9ita et Aboubacar Camara, salais, \u2018\u2019Gallil\u00e9\u2019\u2019 qui m\u2019ont aid\u00e9 \u00e0 int\u00e9grer la fonction publique. Pour la premi\u00e8re fois, ils m\u2019ont demand\u00e9 15 millions de francs guin\u00e9ens. J\u2019ai dit que je n\u2019avais que trois millions de francs guin\u00e9ens qu\u2019ils ont finalement accept\u00e9s. Ils m\u2019ont envoy\u00e9 des documents qui ne portaient mon nom. Ils m\u2019ont promis qu\u2019ils changeront mon nom apr\u00e8s. J\u2019ai fait six mois sans salaire. C\u2019est au mois de f\u00e9vrier 2019 que j\u2019ai re\u00e7u mon premier salaire 1 million 850 mille francs guin\u00e9ens avec un nom qui n\u2019est pas le mien. Avec ce salaire, il ne m\u2019a donn\u00e9 que 500 mille francs guin\u00e9ens. Nous sommes tr\u00e8s nombreux, c\u2019est pourquoi j\u2019ai accept\u00e9 cela. Il m\u2019a demand\u00e9 encore de faire un pr\u00eat de 22 millions de francs guin\u00e9ens. C\u2019est lui qui gardait nos cartes magn\u00e9tiques. Nous avons fait plusieurs mois dans cette situation. Un jour, le commissaire Ibrahima Sory Toure m\u2019a mis aux arr\u00eats, j\u2019ai fait trois jours en garde \u00e0 vue. Je travaille aujourd\u2019hui sans salaire au commissariat\u2026 \u00bb<\/em><\/p>\n<\/div>\n<p>Guin\u00e9enews<\/p>\n<\/article>\n<\/div>\n<\/div>\n<\/div>\n<\/div>\n","protected":false},"excerpt":{"rendered":"<p>\u00a0\u00a0\u00a0\u00a0 \u00a0 Le proc\u00e8s contre les cadres du minist\u00e8re de la Fonction Publique et du Travail pour \u00ab faux en \u00e9criture publique et faux commis dans certains actes administratifs et complicit\u00e9 \u00bb s\u2019est poursuivi ce lundi 21 juin au Tribunal de Premi\u00e8re Instance (TPI) de Kaloum. Ayant constat\u00e9 l\u2019absence des pr\u00e9venus r\u00e9guli\u00e8rement cit\u00e9s dans le [&hellip;]<\/p>\n","protected":false},"author":2,"featured_media":9127,"comment_status":"closed","ping_status":"closed","sticky":false,"template":"","format":"standard","meta":{"footnotes":""},"categories":[58],"tags":[],"class_list":{"0":"post-9126","1":"post","2":"type-post","3":"status-publish","4":"format-standard","5":"has-post-thumbnail","7":"category-societe"},"_links":{"self":[{"href":"https:\/\/conakrynews.org\/index.php\/wp-json\/wp\/v2\/posts\/9126","targetHints":{"allow":["GET"]}}],"collection":[{"href":"https:\/\/conakrynews.org\/index.php\/wp-json\/wp\/v2\/posts"}],"about":[{"href":"https:\/\/conakrynews.org\/index.php\/wp-json\/wp\/v2\/types\/post"}],"author":[{"embeddable":true,"href":"https:\/\/conakrynews.org\/index.php\/wp-json\/wp\/v2\/users\/2"}],"replies":[{"embeddable":true,"href":"https:\/\/conakrynews.org\/index.php\/wp-json\/wp\/v2\/comments?post=9126"}],"version-history":[{"count":0,"href":"https:\/\/conakrynews.org\/index.php\/wp-json\/wp\/v2\/posts\/9126\/revisions"}],"wp:featuredmedia":[{"embeddable":true,"href":"https:\/\/conakrynews.org\/index.php\/wp-json\/wp\/v2\/media\/9127"}],"wp:attachment":[{"href":"https:\/\/conakrynews.org\/index.php\/wp-json\/wp\/v2\/media?parent=9126"}],"wp:term":[{"taxonomy":"category","embeddable":true,"href":"https:\/\/conakrynews.org\/index.php\/wp-json\/wp\/v2\/categories?post=9126"},{"taxonomy":"post_tag","embeddable":true,"href":"https:\/\/conakrynews.org\/index.php\/wp-json\/wp\/v2\/tags?post=9126"}],"curies":[{"name":"wp","href":"https:\/\/api.w.org\/{rel}","templated":true}]}}