{"id":9130,"date":"2021-06-22T17:17:22","date_gmt":"2021-06-22T17:17:22","guid":{"rendered":"https:\/\/conakrynews.org\/?p=9130"},"modified":"2021-06-23T09:32:21","modified_gmt":"2021-06-23T09:32:21","slug":"affaire-belinda-robbie-est-serein-et-determine-a-faire-triompher-la-verite-communique","status":"publish","type":"post","link":"https:\/\/conakrynews.org\/index.php\/affaire-belinda-robbie-est-serein-et-determine-a-faire-triompher-la-verite-communique\/","title":{"rendered":"Affaire Belinda: Robbie est serein et d\u00e9termin\u00e9 \u00e0 faire triompher la v\u00e9rit\u00e9 (communiqu\u00e9)"},"content":{"rendered":"<div class=\"td-post-header\">\n<header class=\"td-post-title\">\n<h1 class=\"entry-title\"><\/h1>\n<div class=\"td-module-meta-info\">\n<div class=\"td-post-author-name\">\n<div class=\"td-author-by\"><\/div>\n<\/div>\n<\/div>\n<\/header>\n<\/div>\n<div class=\"td-post-sharing td-post-sharing-top \">\n<div class=\"td-default-sharing\"><i class=\"td-icon-facebook\"><\/i>\u00a0<i class=\"td-icon-twitter\"><\/i>\u00a0<i class=\"td-icon-googleplus\"><\/i>\u00a0<i class=\"td-icon-pinterest\"><\/i>\u00a0<i class=\"td-icon-whatsapp\"><\/i><\/div>\n<\/div>\n<div class=\"td-post-content\">\n<div class=\"td-post-featured-image\"><a class=\"td-modal-image\" href=\"https:\/\/liberationinfo.com\/wp-content\/uploads\/2021\/06\/Robbie.jpg\" data-caption=\"\"><img loading=\"lazy\" decoding=\"async\" class=\"entry-thumb td-animation-stack-type0-2\" title=\"Robbie\" src=\"https:\/\/liberationinfo.com\/wp-content\/uploads\/2021\/06\/Robbie-696x373.jpg\" alt=\"\" width=\"696\" height=\"373\" \/><\/a><\/div>\n<div class=\"entry-header\">\n<h1 class=\"jeg_post_title\"><\/h1>\n<\/div>\n<div class=\"jeg_share_top_container\">\n<div class=\"jeg_share_button clearfix\">\n<div class=\"jeg_sharelist\">Depuis peu, deux vid\u00e9os inappropri\u00e9es montrant Madame\u00a0<b>A\u00efssatou Bella DIALLO<\/b>\u00a0en conversation t\u00e9l\u00e9phonique guid\u00e9e, font l\u2019objet de tous les commentaires dans la cit\u00e9.<\/div>\n<\/div>\n<\/div>\n<div class=\"entry-content no-share\">\n<div class=\"content-inner \">\n<p>&nbsp;<\/p>\n<p>Au m\u00e9pris total du\u00a0<b>principe sacr\u00e9 de la pr\u00e9somption d\u2019innocence<\/b>\u00a0et sans \u00eatre impr\u00e9gn\u00e9s de la version de Monsieur\u00a0<b>Robert Sarah KOULEMOU \u00ab\u00a0Robbie\u00a0\u00bb<\/b>, des individus s\u2019appuient aveuglement sur ces vid\u00e9os cocasses pour lui jeter l\u2019opprobre sur les r\u00e9seaux sociaux et dans la presse.<\/p>\n<div class=\"jeg_ad jeg_ad_article jnews_content_inline_ads \">\n<div class=\"ads-wrapper align-center \">\n<div class=\"ads_code\"><\/div>\n<\/div>\n<\/div>\n<p>&nbsp;<\/p>\n<p>Ces individus, qui pr\u00e9tendent d\u00e9fendre une cause, pr\u00eachent la haine et font des affirmations gratuites de nature \u00e0\u00a0ternir l\u2019image et la r\u00e9putation nationale et internationale de Monsieur\u00a0<b>KOULEMOU<\/b>.<\/p>\n<p>&nbsp;<\/p>\n<p>Au fond, Monsieur\u00a0<b>Robert Sarah KOULEMOU<\/b>\u00a0rassure l\u2019opinion qu\u2019il n\u2019est pour rien dans les faits objets de la poursuite exerc\u00e9e contre lui devant la\u00a0<b>Brigade Sp\u00e9ciale de la protection des personnes vuln\u00e9rables de Belle Vue.<\/b><\/p>\n<p>&nbsp;<\/p>\n<p>Monsieur\u00a0<b>KOULEMOU<\/b>\u00a0est serein et d\u00e9termin\u00e9 \u00e0 d\u00e9montrer le mal fond\u00e9 des imputations fallacieuses sans aucune pertinence d\u00e9cisive port\u00e9es \u00e0 son encontre.<\/p>\n<p>&nbsp;<\/p>\n<p>Le moment venu, l\u2019opinion sera suffisamment \u00e9clair\u00e9e sur les dessous et les motivations de cette cabale maladroitement orchestr\u00e9e par des individus tapis dans l\u2019ombre pour nuire \u00e0 sa cr\u00e9dibilit\u00e9 et \u00e0 son honorabilit\u00e9.<\/p>\n<p>&nbsp;<\/p>\n<p>Mais d\u00e8s \u00e0 pr\u00e9sent,\u00a0<b>Robbie<\/b>\u00a0d\u00e9clare qu\u2019il n\u2019entend plus tol\u00e9rer tous ces exc\u00e8s et atteintes graves \u00e0 son honneur et sa dignit\u00e9 dans l\u2019indiff\u00e9rence g\u00e9n\u00e9rale et dans une impunit\u00e9 totale.\u00a0Il met en garde et se r\u00e9serve le droit de poursuivre en Justice tous ceux qui, dans la presse comme sur les r\u00e9seaux sociaux, l\u2019incriminent \u00e0 tort pour ces histoires burlesques et incongrues.<\/p>\n<p>&nbsp;<\/p>\n<p>Dans tous les cas, Monsieur\u00a0<b>Robert Sarah KOULEMOU<\/b>\u00a0<b>\u00ab\u00a0Robbie\u00a0\u00bb<\/b>\u00a0est confiant et garde profond\u00e9ment l\u2019espoir que la Justice ne fondera sa d\u00e9cision que sur les \u00e9l\u00e9ments du dossier en dehors de toute autre consid\u00e9ration.<\/p>\n<p>&nbsp;<\/p>\n<p><b>Conakry le 22 Juin 2021<\/b><\/p>\n<p>&nbsp;<\/p>\n<p><b>Le Conseil de Robert Sarah KOULEMOU<\/b><\/p>\n<p>&nbsp;<\/p>\n<p><b>Ma\u00eetre P\u00e9p\u00e9 Antoine LAMA<\/b><\/p>\n<p><b><\/b><b>Avocat \u00e0 la Cour<\/b><\/p>\n<\/div>\n<\/div>\n<\/div>\n","protected":false},"excerpt":{"rendered":"<p>\u00a0\u00a0\u00a0\u00a0 Depuis peu, deux vid\u00e9os inappropri\u00e9es montrant Madame\u00a0A\u00efssatou Bella DIALLO\u00a0en conversation t\u00e9l\u00e9phonique guid\u00e9e, font l\u2019objet de tous les commentaires dans la cit\u00e9. &nbsp; Au m\u00e9pris total du\u00a0principe sacr\u00e9 de la pr\u00e9somption d\u2019innocence\u00a0et sans \u00eatre impr\u00e9gn\u00e9s de la version de Monsieur\u00a0Robert Sarah KOULEMOU \u00ab\u00a0Robbie\u00a0\u00bb, des individus s\u2019appuient aveuglement sur ces vid\u00e9os cocasses pour lui jeter l\u2019opprobre [&hellip;]<\/p>\n","protected":false},"author":2,"featured_media":9132,"comment_status":"closed","ping_status":"closed","sticky":false,"template":"","format":"standard","meta":{"footnotes":""},"categories":[58],"tags":[],"class_list":{"0":"post-9130","1":"post","2":"type-post","3":"status-publish","4":"format-standard","5":"has-post-thumbnail","7":"category-societe"},"_links":{"self":[{"href":"https:\/\/conakrynews.org\/index.php\/wp-json\/wp\/v2\/posts\/9130","targetHints":{"allow":["GET"]}}],"collection":[{"href":"https:\/\/conakrynews.org\/index.php\/wp-json\/wp\/v2\/posts"}],"about":[{"href":"https:\/\/conakrynews.org\/index.php\/wp-json\/wp\/v2\/types\/post"}],"author":[{"embeddable":true,"href":"https:\/\/conakrynews.org\/index.php\/wp-json\/wp\/v2\/users\/2"}],"replies":[{"embeddable":true,"href":"https:\/\/conakrynews.org\/index.php\/wp-json\/wp\/v2\/comments?post=9130"}],"version-history":[{"count":0,"href":"https:\/\/conakrynews.org\/index.php\/wp-json\/wp\/v2\/posts\/9130\/revisions"}],"wp:featuredmedia":[{"embeddable":true,"href":"https:\/\/conakrynews.org\/index.php\/wp-json\/wp\/v2\/media\/9132"}],"wp:attachment":[{"href":"https:\/\/conakrynews.org\/index.php\/wp-json\/wp\/v2\/media?parent=9130"}],"wp:term":[{"taxonomy":"category","embeddable":true,"href":"https:\/\/conakrynews.org\/index.php\/wp-json\/wp\/v2\/categories?post=9130"},{"taxonomy":"post_tag","embeddable":true,"href":"https:\/\/conakrynews.org\/index.php\/wp-json\/wp\/v2\/tags?post=9130"}],"curies":[{"name":"wp","href":"https:\/\/api.w.org\/{rel}","templated":true}]}}