{"id":9159,"date":"2021-06-24T11:01:10","date_gmt":"2021-06-24T11:01:10","guid":{"rendered":"https:\/\/conakrynews.org\/?p=9159"},"modified":"2021-06-24T17:52:41","modified_gmt":"2021-06-24T17:52:41","slug":"guillaume-soro-condamne-a-la-prison-a-vie-emotions-et-reactions-diverses","status":"publish","type":"post","link":"https:\/\/conakrynews.org\/index.php\/guillaume-soro-condamne-a-la-prison-a-vie-emotions-et-reactions-diverses\/","title":{"rendered":"Guillaume Soro condamn\u00e9 \u00e0 la prison \u00e0 vie : \u00e9motions et r\u00e9actions diverses"},"content":{"rendered":"<p>&nbsp;<\/p>\n<div class=\"entry\">\n<div class=\"bbc-19j92fr e57qer20\" dir=\"ltr\">\n<p class=\"bbc-ph03xj e1cc2ql70\" dir=\"ltr\"><b>L\u2019ancien Premier ministre ivoirien Guillaume Soro est condamn\u00e9 mercredi \u00e0 la prison \u00e0 vie par un tribunal d\u2019Abidjan.<\/b><\/p>\n<\/div>\n<div class=\"bbc-19j92fr e57qer20\" dir=\"ltr\">\n<p class=\"bbc-ph03xj e1cc2ql70\" dir=\"ltr\">Il \u00e9tait jug\u00e9 par contumace pour des faits qui remontent \u00e0 2019.<\/p>\n<\/div>\n<div class=\"bbc-19j92fr e57qer20\" dir=\"ltr\">\n<p class=\"bbc-ph03xj e1cc2ql70\" dir=\"ltr\">Le procureur avait requis la perp\u00e9tuit\u00e9 dans ce proc\u00e8s qui a d\u00e9but\u00e9 le 16 mai dernier.<\/p>\n<\/div>\n<div class=\"bbc-19j92fr e57qer20\" dir=\"ltr\">\n<p class=\"bbc-ph03xj e1cc2ql70\" dir=\"ltr\">Selon l\u2019ordonnance de renvoi devant le tribunal criminel d\u2019Abidjan, Guillaume Soro et 19 de ses proches \u00e9taient accus\u00e9s de\u00a0\u00bbcomplot\u00a0\u00bb, \u00ab\u00a0tentative d\u2019atteinte contre l\u2019autorit\u00e9 de l\u2019Etat\u00a0\u00bb ainsi que de \u00ab\u00a0diffusion et publication de nouvelles fausses jetant le discr\u00e9dit sur les institutions et leur fonctionnement, ayant entra\u00een\u00e9 une atteinte au moral des populations\u00a0\u00bb.<\/p>\n<div class=\"bbc-19j92fr e57qer20\" dir=\"ltr\">\n<p class=\"bbc-ph03xj e1cc2ql70\" dir=\"ltr\">Deux autres de ses proches en exil avec lui, son directeur de communication Toure Moussa et l\u2019ex-ministre Affousiata Lamine Bamba ont \u00e9cop\u00e9s de 20 ans de prison.<\/p>\n<\/div>\n<div class=\"bbc-19j92fr e57qer20\" dir=\"ltr\">\n<h2 id=\"Perp\u00e9tuit\u00e9-et-diverses-peines-\" class=\"bbc-1o7vlk5 e14hemmw0\">Perp\u00e9tuit\u00e9 et diverses peines<\/h2>\n<\/div>\n<div class=\"bbc-19j92fr e57qer20\" dir=\"ltr\">\n<p class=\"bbc-ph03xj e1cc2ql70\" dir=\"ltr\">Souleymane Kamagat\u00e9 dit Soul to Soul, chef de protocole est condamn\u00e9 \u00e0 la m\u00eame peine.<\/p>\n<\/div>\n<div class=\"bbc-19j92fr e57qer20\" dir=\"ltr\">\n<p class=\"bbc-ph03xj e1cc2ql70\" dir=\"ltr\">Des peines moins lourdes ont \u00e9t\u00e9 prononc\u00e9es pour la quinzaine d\u2019autres accus\u00e9s.<\/p>\n<\/div>\n<div class=\"bbc-19j92fr e57qer20\" dir=\"ltr\">\n<p class=\"bbc-ph03xj e1cc2ql70\" dir=\"ltr\">Les deux fr\u00e8res de Guillaume Soro, Alain et Rigobert ainsi que son ancien bras droit Alain Lobognon sont condamn\u00e9s pour trouble \u00e0 l\u2019ordre public \u00e0 17 mois de prison.<\/p>\n<\/div>\n<div class=\"bbc-19j92fr e57qer20\" dir=\"ltr\">\n<p class=\"bbc-ph03xj e1cc2ql70\" dir=\"ltr\">Une peine qui correspond au temps de leur d\u00e9tention pr\u00e9ventive.<\/p>\n<\/div>\n<div class=\"bbc-19j92fr e57qer20\" dir=\"ltr\">\n<p class=\"bbc-ph03xj e1cc2ql70\" dir=\"ltr\">Ils devraient donc sortir dans les heures qui viennent.<\/p>\n<\/div>\n<div class=\"bbc-19j92fr e57qer20\" dir=\"ltr\">\n<p class=\"bbc-ph03xj e1cc2ql70\" dir=\"ltr\">C\u2019est aussi le cas d\u2019une dizaine d\u2019autres accus\u00e9s.<\/p>\n<\/div>\n<div class=\"bbc-19j92fr e57qer20\" dir=\"ltr\">\n<p class=\"bbc-ph03xj e1cc2ql70\" dir=\"ltr\">La Cour d\u00e9cide aussi de la dissolution et de la confiscation des biens du parti de Guillaume Soro le GPS.<\/p>\n<\/div>\n<div class=\"bbc-19j92fr e57qer20\" dir=\"ltr\">\n<h3 id=\"Quont-dit-les-avocats\" class=\"bbc-1o7vlk5 e14hemmw0\">Qu\u2019ont dit les avocats?<\/h3>\n<\/div>\n<div class=\"bbc-19j92fr e57qer20\" dir=\"ltr\">\n<p class=\"bbc-ph03xj e1cc2ql70\" dir=\"ltr\">Le tribunal ordonne \u00e9galement aux 19 condamn\u00e9s \u00e0 payer solidairement la somme d\u2019un milliard de francs CFA pour dommages et int\u00e9r\u00eats \u00e0 l\u2019Etat de C\u00f4te d\u2019Ivoire.<\/p>\n<\/div>\n<div class=\"bbc-19j92fr e57qer20\" dir=\"ltr\">\n<p class=\"bbc-ph03xj e1cc2ql70\" dir=\"ltr\">Une d\u00e9cision bien accueillie par Abdoulaye Ben Meit\u00e9 Avocat de l\u2019Etat.<\/p>\n<\/div>\n<div class=\"bbc-19j92fr e57qer20\" dir=\"ltr\">\n<p class=\"bbc-ph03xj e1cc2ql70\" dir=\"ltr\">\u00ab\u00a0Dans tous les cas, il s\u2019agit d\u2019une tr\u00e8s bonne d\u00e9cision conforme \u00e0 la profusion de preuves. Des aveux ont \u00e9t\u00e9 faits. Je pense aussi que le pr\u00e9sident a tenu compte de l\u2019amende honorable fait par certains accus\u00e9s. C\u2019est le cas de M. Alain Lobognon qui a sollicit\u00e9 la cl\u00e9mence du tribunal\u00a0\u00bb, dit-il.<\/p>\n<\/div>\n<div class=\"bbc-19j92fr e57qer20\" dir=\"ltr\">\n<p class=\"bbc-ph03xj e1cc2ql70\" dir=\"ltr\">Les avocats de la d\u00e9fense parlent de proc\u00e8s politique et d\u00e9nonce le manque de preuve.<\/p>\n<\/div>\n<div class=\"bbc-19j92fr e57qer20\" dir=\"ltr\">\n<p class=\"bbc-ph03xj e1cc2ql70\" dir=\"ltr\">\u00ab\u00a0Voila quelqu\u2019un qui n\u2019a pas \u00e9t\u00e9 inculp\u00e9 qui est jug\u00e9 et condamn\u00e9 par contumace. Ce sont ces grossi\u00e8ret\u00e9s l\u00e0, ces vilainies juridiques l\u00e0 qui nous am\u00e8nent \u00e0 faire appel. En appel, ce sont des juges beaucoup plus sages, des juges d\u2019une autres dimension. Il faut simplement acquitter Guillaume Soro puisque dans ce proc\u00e8s, aucune des personnes entendues n\u2019a dit avoir \u00e9t\u00e9 en association avec Guillaume Soro\u00a0\u00bb, d\u00e9nonce Me Raoul Goiby<\/p>\n<\/div>\n<div class=\"bbc-19j92fr e57qer20\" dir=\"ltr\">\n<p class=\"bbc-ph03xj e1cc2ql70\" dir=\"ltr\">Guillaume Soro, qui a aussi \u00e9t\u00e9 pr\u00e9sident de l\u2019Assembl\u00e9e nationale de 2012 \u00e0 2019, \u00e9tait poursuivi pour \u00ab\u00a0pour atteinte \u00e0 la s\u00fbret\u00e9 nationale\u00a0\u00bb.<\/p>\n<\/div>\n<div class=\"bbc-19j92fr e57qer20\" dir=\"ltr\">\n<h3 id=\"\u00c9motions-des-proches\" class=\"bbc-1o7vlk5 e14hemmw0\">\u00c9motions des proches<\/h3>\n<\/div>\n<div class=\"bbc-19j92fr e57qer20\" dir=\"ltr\">\n<p class=\"bbc-ph03xj e1cc2ql70\" dir=\"ltr\">Dans la salle d\u2019audience des proches de personnes condamn\u00e9es \u00e0 20 ans de prison sont sous le choc.<\/p>\n<\/div>\n<div class=\"bbc-19j92fr e57qer20\" dir=\"ltr\">\n<p class=\"bbc-ph03xj e1cc2ql70\" dir=\"ltr\">\u00ab\u00a0C\u2019est injuste. Ils ne m\u00e9ritent pas cela. Ce n\u2019est pas \u00e0 un proc\u00e8s qu\u2019on a assist\u00e9. C\u2019est un r\u00e8glement de compte\u00a0\u00bb, d\u00e9clare presque en larme une jeune fille proche d\u2019un condamn\u00e9.<\/p>\n<\/div>\n<div class=\"bbc-19j92fr e57qer20\" dir=\"ltr\">\n<h3 id=\"Quelle-est-la-r\u00e9action-de-Guillaume-Soro-\u00e0-sa-condamnation-\" class=\"bbc-1o7vlk5 e14hemmw0\">Quelle est la r\u00e9action de Guillaume Soro \u00e0 sa condamnation ?<\/h3>\n<\/div>\n<div class=\"bbc-19j92fr e57qer20\" dir=\"ltr\">\n<p class=\"bbc-ph03xj e1cc2ql70\" dir=\"ltr\">Dans un communiqu\u00e9 en date du 23 juin, il d\u00e9clare qu\u2019il \u00ab\u00a0rejette totalement ces verdicts iniques, prononc\u00e9s en dehors de toutes les r\u00e8gles de droit et dict\u00e9s uniquement par des consid\u00e9rations d\u2019ordre politique.\u00a0\u00bb<\/p>\n<\/div>\n<div class=\"bbc-19j92fr e57qer20\" dir=\"ltr\">\n<h3 id=\"Qui-est-Guillaume-Soro\" class=\"bbc-1o7vlk5 e14hemmw0\">Qui est Guillaume Soro?<\/h3>\n<\/div>\n<div class=\"bbc-19j92fr e57qer20\" dir=\"ltr\">\n<p class=\"bbc-ph03xj e1cc2ql70\" dir=\"ltr\">Chef rebelle dans les ann\u00e9es 2000, Guillaume Kigbafori Soro a gravi les \u00e9chelons devenant Premier ministre sous Gbagbo et sous Ouattara avant de finir par pr\u00e9sider l\u2019Assembl\u00e9e nationale ivoirienne.<\/p>\n<\/div>\n<div class=\"bbc-19j92fr e57qer20\" dir=\"ltr\">\n<p class=\"bbc-ph03xj e1cc2ql70\" dir=\"ltr\">Il vit en exil depuis 2019.<\/p>\n<\/div>\n<div class=\"bbc-19j92fr e57qer20\" dir=\"ltr\">\n<p class=\"bbc-ph03xj e1cc2ql70\" dir=\"ltr\">A 49 ans, M. Soro \u00e9tait jug\u00e9 par contumace, ainsi que cinq de ses partisans.<\/p>\n<div class=\"bbc-19j92fr e57qer20\" dir=\"ltr\">\n<p class=\"bbc-ph03xj e1cc2ql70\" dir=\"ltr\">En avril 2020, il avait \u00e9t\u00e9 condamn\u00e9 \u00e0 20 ans de prison pour recel de d\u00e9tournement de deniers publics, \u00ab pour avoir tent\u00e9 de s\u2019approprier, selon la justice, une r\u00e9sidence achet\u00e9e par l\u2019Etat pour le loger lorsqu\u2019il \u00e9tait Premier ministre \u00bb.<\/p>\n<\/div>\n<div class=\"bbc-19j92fr e57qer20\" dir=\"ltr\">\n<p class=\"bbc-ph03xj e1cc2ql70\" dir=\"ltr\">Des accusations qu\u2019il avait ni\u00e9es par le biais de son avocate.<\/p>\n<\/div>\n<div class=\"bbc-19j92fr e57qer20\" dir=\"ltr\">\n<p class=\"bbc-ph03xj e1cc2ql70\" dir=\"ltr\">Cette condamnation avait mis un terme \u00e0 sa volont\u00e9 de participer \u00e0 la pr\u00e9sidentielle d\u2019octobre 2020, finalement remport\u00e9e par le pr\u00e9sident sortant Alassane Ouattara.<\/p>\n<\/div>\n<\/div>\n<\/div>\n<\/div>\n","protected":false},"excerpt":{"rendered":"<p>&nbsp; L\u2019ancien Premier ministre ivoirien Guillaume Soro est condamn\u00e9 mercredi \u00e0 la prison \u00e0 vie par un tribunal d\u2019Abidjan. Il \u00e9tait jug\u00e9 par contumace pour des faits qui remontent \u00e0 2019. Le procureur avait requis la perp\u00e9tuit\u00e9 dans ce proc\u00e8s qui a d\u00e9but\u00e9 le 16 mai dernier. Selon l\u2019ordonnance de renvoi devant le tribunal criminel [&hellip;]<\/p>\n","protected":false},"author":2,"featured_media":9160,"comment_status":"closed","ping_status":"closed","sticky":false,"template":"","format":"standard","meta":{"footnotes":""},"categories":[57],"tags":[],"class_list":{"0":"post-9159","1":"post","2":"type-post","3":"status-publish","4":"format-standard","5":"has-post-thumbnail","7":"category-politique"},"_links":{"self":[{"href":"https:\/\/conakrynews.org\/index.php\/wp-json\/wp\/v2\/posts\/9159","targetHints":{"allow":["GET"]}}],"collection":[{"href":"https:\/\/conakrynews.org\/index.php\/wp-json\/wp\/v2\/posts"}],"about":[{"href":"https:\/\/conakrynews.org\/index.php\/wp-json\/wp\/v2\/types\/post"}],"author":[{"embeddable":true,"href":"https:\/\/conakrynews.org\/index.php\/wp-json\/wp\/v2\/users\/2"}],"replies":[{"embeddable":true,"href":"https:\/\/conakrynews.org\/index.php\/wp-json\/wp\/v2\/comments?post=9159"}],"version-history":[{"count":0,"href":"https:\/\/conakrynews.org\/index.php\/wp-json\/wp\/v2\/posts\/9159\/revisions"}],"wp:featuredmedia":[{"embeddable":true,"href":"https:\/\/conakrynews.org\/index.php\/wp-json\/wp\/v2\/media\/9160"}],"wp:attachment":[{"href":"https:\/\/conakrynews.org\/index.php\/wp-json\/wp\/v2\/media?parent=9159"}],"wp:term":[{"taxonomy":"category","embeddable":true,"href":"https:\/\/conakrynews.org\/index.php\/wp-json\/wp\/v2\/categories?post=9159"},{"taxonomy":"post_tag","embeddable":true,"href":"https:\/\/conakrynews.org\/index.php\/wp-json\/wp\/v2\/tags?post=9159"}],"curies":[{"name":"wp","href":"https:\/\/api.w.org\/{rel}","templated":true}]}}