{"id":9163,"date":"2021-06-24T14:50:14","date_gmt":"2021-06-24T14:50:14","guid":{"rendered":"https:\/\/conakrynews.org\/?p=9163"},"modified":"2021-06-24T17:50:57","modified_gmt":"2021-06-24T17:50:57","slug":"dr-mohamed-diane-a-moscou-en-afrique-la-securite-globale-de-nos-etats-est-de-plus-en-plus-menacee-par-les-crises-politiques","status":"publish","type":"post","link":"https:\/\/conakrynews.org\/index.php\/dr-mohamed-diane-a-moscou-en-afrique-la-securite-globale-de-nos-etats-est-de-plus-en-plus-menacee-par-les-crises-politiques\/","title":{"rendered":"Dr Mohamed Dian\u00e9 \u00e0 Moscou : \u201cen Afrique, la s\u00e9curit\u00e9 globale de nos Etats est de plus en plus menac\u00e9e par les crises politiques"},"content":{"rendered":"<div class=\"td-post-header\">\n<header class=\"td-post-title\">\n<h1 class=\"entry-title\"><\/h1>\n<div class=\"td-module-meta-info\">\n<div class=\"td-post-author-name\">\n<div class=\"td-author-by\"><\/div>\n<div class=\"td-author-line\"><\/div>\n<\/div>\n<div class=\"td-post-comments\"><\/div>\n<\/div>\n<\/header>\n<\/div>\n<div class=\"td-post-sharing td-post-sharing-top \">\n<div class=\"td-default-sharing\"><i class=\"td-icon-facebook\"><\/i>\u00a0<i class=\"td-icon-twitter\"><\/i>\u00a0<i class=\"td-icon-googleplus\"><\/i>\u00a0<i class=\"td-icon-pinterest\"><\/i>\u00a0<i class=\"td-icon-whatsapp\"><\/i><\/div>\n<\/div>\n<div class=\"td-post-content\">\n<div class=\"td-post-featured-image\"><a class=\"td-modal-image\" href=\"https:\/\/liberationinfo.com\/wp-content\/uploads\/2021\/06\/20210624_093634-810x522-1.jpg\" data-caption=\"\"><img loading=\"lazy\" decoding=\"async\" class=\"entry-thumb td-animation-stack-type0-2\" title=\"20210624_093634-810x522\" src=\"https:\/\/liberationinfo.com\/wp-content\/uploads\/2021\/06\/20210624_093634-810x522-1-696x449.jpg\" alt=\"\" width=\"696\" height=\"449\" \/><\/a><\/div>\n<div class=\"entry-header clearfix\">\n<header class=\"entry-header-title\">\n<h1 class=\"entry-title\"><\/h1>\n<\/header>\n<\/div>\n<div class=\"row single-main-content\">\n<div class=\"main-content content-right col-sx-12 col-sm-12 col-md-9 col-lg-9\">\n<div class=\"content-inner\">\n<div class=\"code-block code-block-1\"><\/div>\n<div class=\"box box-article\">\n<article id=\"post-157902\" class=\"post-157902 post type-post status-publish format-standard has-post-thumbnail hentry category-la-une\">\n<div class=\"post-image single-image\"><\/div>\n<div class=\"entry-content clearfix\">\n<div class=\"entry-content-inner padding-left\">\n<div class=\"pf-content\">\n<div class=\"printfriendly pf-button pf-button-content pf-alignright\"><\/div>\n<p>A la IX\u00e8 conference de Moscou sur la s\u00e9curit\u00e9 internationale, le ministre d\u2019Etat charg\u00e9 des Affaires presidentielles, ministre de la defznse natilnqle Dr Mohamed Dian\u00e9 a d\u00e9clar\u00e9 jeudi qu\u2019\u201den Afrique, la s\u00e9curit\u00e9 globale de nos Etats est de plus en plus menac\u00e9e par les crises politiques\u2026\u201d Discours\u2026<\/p>\n<p><strong>Monsieur le Pr\u00e9sident de s\u00e9ance\u00a0;<\/strong><\/p>\n<div class=\"code-block code-block-2\"><\/div>\n<p><strong>Mesdames et Messieurs,<\/strong><\/p>\n<p>C\u2019est un honneur pour moi de participer \u00e0 la\u00a0<strong>IX<sup>\u00e8me<\/sup><\/strong>\u00a0<strong>conf\u00e9rence de Moscou<\/strong>\u00a0<strong>sur<\/strong>\u00a0<strong>la s\u00e9curit\u00e9 internationale<\/strong>\u00a0et surtout un privil\u00e8ge de prendre la parole \u00e0 cette tribune pour intervenir sur \u00ab\u00a0<strong>La coop\u00e9ration militaire et militaro-technique entre la Russie et les pays d\u2019Afrique et du Moyen-Orient, facteur principal de renforcement de la s\u00e9curit\u00e9 r\u00e9gionale\u00a0<\/strong>\u00bb,\u00a0<strong>cas des pays africains.<\/strong><\/p>\n<p>Au demeurant, je remercie S.E.M. le G\u00e9n\u00e9ral d\u2019Arm\u00e9e Sergu\u00ebi CHO\u00cfGOU, Ministre de la d\u00e9fense de la F\u00e9d\u00e9ration de Russie, pour l\u2019opportunit\u00e9 que son invitation m\u2019offre de prendre part avec ma d\u00e9l\u00e9gation \u00e0 ce forum international qu\u2019il a bien voulu organiser encore cette ann\u00e9e, malgr\u00e9 la conjoncture sanitaire internationale toujours tr\u00e8s \u00e9prouvante.<\/p>\n<p>J\u2019en profite pour m\u2019acquitter d\u2019un devoir, celui de transmettre les chaleureuses salutations de S.E.M le Pr\u00e9sident de la R\u00e9publique de Guin\u00e9e, Chef de l\u2019Etat et Chef Supr\u00eame des Arm\u00e9es,\u00a0<strong>Pr Alpha CONDE<\/strong>, \u00e0 son fr\u00e8re et ami S.E M.\u00a0<strong>Vladimir POUTINE<\/strong>, Pr\u00e9sident de la F\u00e9d\u00e9ration de Russie.<\/p>\n<p>En effet, l\u2019honneur qui est fait \u00e0 mon pays d\u2019\u00eatre de nouveau repr\u00e9sent\u00e9 \u00e0 cette plateforme d\u2019\u00e9changes, t\u00e9moigne de l\u2019excellence des relations d\u2019amiti\u00e9 et de coop\u00e9ration qui existent entre nos deux Etats depuis l\u2019accession de la Guin\u00e9e \u00e0 l\u2019ind\u00e9pendance nationale, le 02 Octobre 1958.<\/p>\n<p>C\u2019est pourquoi, S.E.M. le Pr\u00e9sident de la R\u00e9publique m\u2019a particuli\u00e8rement charg\u00e9 de r\u00e9affirmer \u00e0 S.E.M. le Pr\u00e9sident de la F\u00e9d\u00e9ration de Russie, sa volont\u00e9 ardente de perp\u00e9tuer ces relations en vue du progr\u00e8s de nos deux pays.<\/p>\n<p><strong>Mesdames et Messieurs<\/strong>,<\/p>\n<p>Pour revenir \u00e0 l\u2019objet de notre rencontre, je voudrais exprimer ici toute ma reconnaissance au Minist\u00e8re de la d\u00e9fense de la F\u00e9d\u00e9ration de Russie pour l\u2019opportunit\u00e9 que nous offre la\u00a0<strong>Conf\u00e9rence de Moscou<\/strong>\u00a0d\u2019\u00e9changer p\u00e9riodiquement sur la probl\u00e9matique de la s\u00e9curit\u00e9 internationale qui se pose toujours au monde avec plus d\u2019acuit\u00e9, malgr\u00e9 les initiatives et les efforts des Etats, les progr\u00e8s scientifiques et technologiques.<\/p>\n<p>Nous sommes aujourd\u2019hui dans un ordre mondial o\u00f9 les menaces sont diffuses et impr\u00e9visibles, marqu\u00e9 par un environnement de volatilit\u00e9, d\u2019incertitude, de complexit\u00e9 et d\u2019ambigu\u00eft\u00e9.<\/p>\n<p>En Afrique, la s\u00e9curit\u00e9 globale de nos Etats est de plus en plus menac\u00e9e par les crises politiques li\u00e9es au processus d\u00e9mocratique, \u00e0 l\u2019exacerbation de la pauvret\u00e9 et du ch\u00f4mage qui favorisent les revendications sociales, la radicalisation religieuse, le terrorisme et l\u2019extr\u00e9misme violent, les rebellions arm\u00e9es, les conflits communautaires et s\u00e9paratistes, la criminalit\u00e9 organis\u00e9e, les \u00e9pid\u00e9mies et \u00a0pand\u00e9mies qui viennent s\u2019ajouter aux calamit\u00e9s naturelles, occasionnant tr\u00e8s souvent des d\u00e9placements massifs de populations.<\/p>\n<p>Nos ensembles sous r\u00e9gionaux sont confront\u00e9s chacun \u00e0 un ou plusieurs de ces d\u00e9fis s\u00e9curitaires sp\u00e9cifiques.<\/p>\n<p>Depuis la d\u00e9stabilisation de la Lybie, l\u2019instabilit\u00e9 contagieuse dans la bande sah\u00e9lo-saharienne et la persistance de Boko-haram dans le bassin du lac Tchad, ont internationalis\u00e9 le terrorisme et l\u2019extr\u00e9misme violent en Afrique occidentale et centrale.<\/p>\n<p>La bande Sah\u00e9lo-saharienne est devenue un sanctuaire des Groupes Arm\u00e9s terroristes (GAT) et du trafic de tout genre, une zone infr\u00e9quentable, d\u2019o\u00f9 les djihadistes veulent partir pour \u00e9tendre leur empire jusqu\u2019au golfe de Guin\u00e9e.<\/p>\n<p>La corne de l\u2019Afrique, toujours en proie \u00e0 la piraterie maritime, est un autre foyer de tensions entretenues par les Chebabs qui d\u00e9stabilisent la Somalie et le Kenya. Plusieurs autres pays de la c\u00f4te Est de l\u2019Afrique comme la Tanzanie et le Mozambique sont aussi victimes d\u2019attaques terroristes.<\/p>\n<p>La prolif\u00e9ration et la circulation illicite des armes l\u00e9g\u00e8res et\u00a0 de petit calibre r\u00e9sultant des diff\u00e9rents conflits, favorisent la r\u00e9currence des r\u00e9bellions fratricides avec leur massacre de civils dans les pays des grands lacs et dans le bassin du lac Tchad.<\/p>\n<p>Plus r\u00e9cemment, en plus des crises post-\u00e9lectorales qui ont secou\u00e9 certains pays de l\u2019Afrique de l\u2019Ouest, la guerre de s\u00e9cession en Ethiopie et la r\u00e9bellion au Tchad ayant co\u00fbt\u00e9 la vie au Pr\u00e9sident Idriss Deby ITNO, constituent des motifs de pr\u00e9occupation dont les effets risquent de faire basculer ces parties du continent dans une ins\u00e9curit\u00e9 g\u00e9n\u00e9ralis\u00e9e.<\/p>\n<p>Au-del\u00e0 des pays du G-5 Sahel, le Cameroun et le Nig\u00e9ria sont p\u00e9riodiquement victimes d\u2019attaques meurtri\u00e8res qui endeuillent les pays et provoquent des d\u00e9placements massifs de populations.<\/p>\n<div class=\"google-auto-placed ap_container\"><\/div>\n<p>Tous ces foyers de tensions et de guerres qui s\u00e8ment la terreur, rendent les Etats de plus en plus instables et compromettent la mise en \u0153uvre des programmes de d\u00e9veloppement socio\u00e9conomique. Cet \u00e9tat de fait augmente les taux de pauvret\u00e9 et de ch\u00f4mage, exacerbe les tensions sociales et fait de l\u2019Afrique un r\u00e9servoir potentiel de candidats \u00e0 la migration clandestine dont l\u2019ampleur devient incontr\u00f4lable.<\/p>\n<p>La Russie, il faut s\u2019en f\u00e9liciter, appuie les pays africains dans la gestion de ces conflits dans le cadre de ses relations de coop\u00e9ration militaire bilat\u00e9rale, mais aussi dans celui de l\u2019intervention de la communaut\u00e9 internationale \u00e0 travers les Nations Unies.<\/p>\n<p>Depuis la cr\u00e9ation de son arm\u00e9e le 1<sup>er<\/sup>\u00a0novembre 1958, la R\u00e9publique de Guin\u00e9e entretient une coop\u00e9ration militaire privil\u00e9gi\u00e9e avec la Russie.<\/p>\n<p>Cette coop\u00e9ration militaire, aux c\u00f4t\u00e9s des autres partenaires techniques et financiers, accompagne le processus de la R\u00e9forme du Secteur de S\u00e9curit\u00e9 enclench\u00e9e sous la conduite du Pr\u00e9sident de la R\u00e9publique, Pr Alpha CONDE, depuis son accession \u00e0 la magistrature supr\u00eame du pays.<\/p>\n<p>L\u2019un des avantages de cette R\u00e9forme de l\u2019arm\u00e9e guin\u00e9enne est la reprise de la place de notre pays sur la sc\u00e8ne internationale dans le domaine des op\u00e9rations de maintien de la paix, avec l\u2019envoie de contingents militaires depuis plusieurs ann\u00e9es au sein de la Mission Multidimensionnelle Int\u00e9gr\u00e9e des Nations Unies pour la Stabilisation au Mali (<strong>MINUSMA<\/strong>) et d\u2019observateurs militaires ou de S\u00e9curit\u00e9 au compte des Nations Unies.<\/p>\n<div class=\"google-auto-placed ap_container\"><\/div>\n<p>Pour maintenir l\u2019\u00e9lan de cette participation, notre pays dispose d\u2019un centre d\u2019Entrainement aux Op\u00e9rations de Maintien de la Paix qui ambitionne de devenir un Centre Sous R\u00e9gional avec l\u2019appui technique et financier de nos partenaires.<\/p>\n<p><strong>Mesdames et Messieurs\u00a0;<\/strong><\/p>\n<p>La construction des arm\u00e9es nationales fortes en Afrique se heurte au contraste existant entre la volont\u00e9 politique des dirigeants et les capacit\u00e9s \u00e9conomiques des Etats.<\/p>\n<p>Cette situation est aggrav\u00e9e par les crises de tous genres qui agitent le monde, d\u2019autant plus que l\u2019adaptation des \u00e9quipements des arm\u00e9es au nouveau contexte s\u00e9curitaire souffre de l\u2019insuffisance de moyens financiers n\u00e9cessaires \u00e0 la mise en \u0153uvre des Lois de Programmation Militaire \u00e9labor\u00e9es \u00e0 cet effet.<\/p>\n<p>En cons\u00e9quence, de nombreuses arm\u00e9es africaines sont dans l\u2019incapacit\u00e9 de g\u00e9rer par elles-m\u00eames les moindres menaces s\u00e9curitaires, compromettant ainsi la stabilit\u00e9 socio-\u00e9conomique et politique de leurs pays, avec des incidences dommageables \u00e0 l\u2019ensemble de la communaut\u00e9 internationale.<\/p>\n<p>D\u2019o\u00f9 l\u2019obligation de la mutualisation plus accrue des efforts de toute la communaut\u00e9 internationale au-del\u00e0 des id\u00e9ologies et de la g\u00e9opolitique.<\/p>\n<p>Ceci est la seule alternative qui peut amener le monde \u00e0 vaincre les forces du mal qui s\u2019identifient par la radicalisation, la guerre, la violence, la terreur, le trafic de tous genres.<\/p>\n<p>C\u2019est pourquoi l\u2019Afrique, en plus de la n\u00e9cessit\u00e9 de la mont\u00e9e en puissance des arm\u00e9es nationales, a une pr\u00e9occupation longtemps exprim\u00e9e, de cr\u00e9ation et d\u2019op\u00e9rationnalisation d\u2019une force en attente de l\u2019Union Africaine avec des composantes sous r\u00e9gionales.<\/p>\n<div class=\"google-auto-placed ap_container\"><\/div>\n<p>Il est \u00e9vident que la mont\u00e9e en puissance d\u2019une telle force permettrait au continent africain de disposer des unit\u00e9s d\u2019intervention capables de pr\u00e9venir ou de g\u00e9rer efficacement toutes les situations de conflits qui d\u00e9stabilisent nos Etats.<\/p>\n<p>La mat\u00e9rialisation de telles initiatives n\u00e9cessite une coop\u00e9ration militaire multidimensionnelle plus renforc\u00e9e entre les pays africains et les puissances militaires comme la Russie en termes de renforcement de capacit\u00e9s en mati\u00e8re de \u00a0formation et surtout d\u2019\u00e9quipements majeurs adapt\u00e9s au contexte s\u00e9curitaire actuel.<\/p>\n<p>Cette approche permettrait aux grandes puissances d\u2019\u00e9conomiser les moyens mobilis\u00e9s pour leurs interventions militaires d\u2019urgence visant \u00e0 sauver les Etats africains du p\u00e9ril terroriste, tel que l\u2019op\u00e9ration Serval\u2019\u2019 au Mali.<\/p>\n<p>Cette nouvelle forme de coop\u00e9ration militaire appel\u00e9e de tous les v\u0153ux par l\u2019Afrique, devrait trouver aujourd\u2019hui un \u00e9cho favorable aupr\u00e8s des puissances militaires \u00e0 travers des rencontres comme la conf\u00e9rence de Moscou sur la s\u00e9curit\u00e9 internationale.<\/p>\n<p><strong>Mesdames et Messieurs,<\/strong><\/p>\n<p>Au regard de tous les facteurs qui g\u00e9n\u00e8rent les conflits,la restauration de la s\u00e9curit\u00e9 internationale et la consolidation de la paix doit aussi inclure une nouvelle forme de coop\u00e9ration internationale ax\u00e9e sur l\u2019accroissement de l\u2019appui au d\u00e9veloppement \u00e9conomique et technique aux Etats africains.<\/p>\n<p>C\u2019est dire que la coop\u00e9ration avec les puissances militaires doit tendre d\u00e9sormais vers cette r\u00e9alit\u00e9 implacable, pour que les efforts de lutte pour la consolidation de la paix rev\u00eatent un caract\u00e8re efficace et durable.<\/p>\n<p>L\u2019am\u00e9lioration des conditions de vie des populations par la r\u00e9duction des disparit\u00e9s et le partage de la prosp\u00e9rit\u00e9 sont autant de facteurs qui peuvent emp\u00eacher les couches d\u00e9favoris\u00e9es de se radicaliser, de se masser aux portes de l\u2019Europe ou de s\u2019enr\u00f4ler dans des confits qui ne sont souvent pas les leurs.<\/p>\n<p>Sans avoir \u00e9t\u00e9 exhaustif, je voudrais terminer mon intervention sur une note d\u2019espoir en faveur de la prise en compte de cette nouvelle conception de la coop\u00e9ration en vue de mieux faire face aux d\u00e9fis s\u00e9curitaires contemporains.<\/p>\n<p>Je r\u00e9affirme ici, la disponibilit\u00e9 de mon pays \u00e0 dynamiser chaque jour davantage cette coop\u00e9ration avec la F\u00e9d\u00e9ration de Russie dans le cadre de la pr\u00e9servation de la paix, de la stabilit\u00e9 et de la s\u00e9curit\u00e9 internationale pour l\u2019int\u00e9r\u00eat sup\u00e9rieur des Etats et des Peuples.<\/p>\n<p><strong>Vive la coop\u00e9ration internationale,<\/strong><\/p>\n<p><strong>Vive la paix et la s\u00e9curit\u00e9 internationale,<\/strong><\/p>\n<p><strong>Je vous remercie, pour votre aimable attention\u00a0!<\/strong><\/p>\n<\/div>\n<\/div>\n<\/div>\n<\/article>\n<\/div>\n<\/div>\n<\/div>\n<\/div>\n<\/div>\n","protected":false},"excerpt":{"rendered":"<p>\u00a0\u00a0\u00a0\u00a0 A la IX\u00e8 conference de Moscou sur la s\u00e9curit\u00e9 internationale, le ministre d\u2019Etat charg\u00e9 des Affaires presidentielles, ministre de la defznse natilnqle Dr Mohamed Dian\u00e9 a d\u00e9clar\u00e9 jeudi qu\u2019\u201den Afrique, la s\u00e9curit\u00e9 globale de nos Etats est de plus en plus menac\u00e9e par les crises politiques\u2026\u201d Discours\u2026 Monsieur le Pr\u00e9sident de s\u00e9ance\u00a0; Mesdames et [&hellip;]<\/p>\n","protected":false},"author":2,"featured_media":9164,"comment_status":"closed","ping_status":"closed","sticky":false,"template":"","format":"standard","meta":{"footnotes":""},"categories":[57],"tags":[],"class_list":{"0":"post-9163","1":"post","2":"type-post","3":"status-publish","4":"format-standard","5":"has-post-thumbnail","7":"category-politique"},"_links":{"self":[{"href":"https:\/\/conakrynews.org\/index.php\/wp-json\/wp\/v2\/posts\/9163","targetHints":{"allow":["GET"]}}],"collection":[{"href":"https:\/\/conakrynews.org\/index.php\/wp-json\/wp\/v2\/posts"}],"about":[{"href":"https:\/\/conakrynews.org\/index.php\/wp-json\/wp\/v2\/types\/post"}],"author":[{"embeddable":true,"href":"https:\/\/conakrynews.org\/index.php\/wp-json\/wp\/v2\/users\/2"}],"replies":[{"embeddable":true,"href":"https:\/\/conakrynews.org\/index.php\/wp-json\/wp\/v2\/comments?post=9163"}],"version-history":[{"count":0,"href":"https:\/\/conakrynews.org\/index.php\/wp-json\/wp\/v2\/posts\/9163\/revisions"}],"wp:featuredmedia":[{"embeddable":true,"href":"https:\/\/conakrynews.org\/index.php\/wp-json\/wp\/v2\/media\/9164"}],"wp:attachment":[{"href":"https:\/\/conakrynews.org\/index.php\/wp-json\/wp\/v2\/media?parent=9163"}],"wp:term":[{"taxonomy":"category","embeddable":true,"href":"https:\/\/conakrynews.org\/index.php\/wp-json\/wp\/v2\/categories?post=9163"},{"taxonomy":"post_tag","embeddable":true,"href":"https:\/\/conakrynews.org\/index.php\/wp-json\/wp\/v2\/tags?post=9163"}],"curies":[{"name":"wp","href":"https:\/\/api.w.org\/{rel}","templated":true}]}}