{"id":9172,"date":"2021-06-24T15:23:04","date_gmt":"2021-06-24T15:23:04","guid":{"rendered":"https:\/\/conakrynews.org\/?p=9172"},"modified":"2021-06-24T17:46:49","modified_gmt":"2021-06-24T17:46:49","slug":"feguifoot-les-membres-statutaires-accusent-bouba-sampil-et-salif-camara-super-v-detre-a-la-base-de-la-crise-qui-secoue-linstitution-memo","status":"publish","type":"post","link":"https:\/\/conakrynews.org\/index.php\/feguifoot-les-membres-statutaires-accusent-bouba-sampil-et-salif-camara-super-v-detre-a-la-base-de-la-crise-qui-secoue-linstitution-memo\/","title":{"rendered":"FEGUIFOOT: Les membres statutaires accusent Bouba Sampil et Salif Camara \u00a0\u00bbSuper V\u00a0\u00bb d\u2019\u00eatre \u00e0 la base de la crise qui secoue l\u2019institution (Memo)"},"content":{"rendered":"<h1 class=\"name post-title entry-title\"><\/h1>\n<div class=\"clear\"><\/div>\n<div class=\"entry\">\n<p>\u00c0 travers un m\u00e9morandum \u00a0adress\u00e9 mercredi 23 juin dernier aux \u00e9missaires de la mission conjointe FIFA-CAF en s\u00e9jour de travail \u00e0 Conakry depuis le 21 juin 2021, les membres statutaires de la F\u00e9d\u00e9ration Guin\u00e9enne de Football ont d\u00e9nonc\u00e9 Aboubacar Dinah Sampil pr\u00e9sident de l\u2019AS Kaloum et son mentor Salif Camara \u2018\u2019Super V\u2019\u2019 ex pr\u00e9sident de la FEGUIFOOT \u00a0d\u2019\u00eatre \u00e0 la base de la crise qui secoue l\u2019instance dirigeante du football guin\u00e9en.<\/p>\n<p>Pour ces membres statutaires, les dysfonctionnements et manquements constat\u00e9s au cours du mois de mai 2021 par la FIFA, concernent essentiellement le processus \u00e9lectoral de la F\u00e9d\u00e9ration Guin\u00e9enne de Football, qui doit faire l\u2019objet d\u2019un examen approfondit avec tous les acteurs int\u00e9ress\u00e9s, en vue d\u2019organiser des \u00e9lections inclusives, avec biens\u00fbr l\u2019expertise de la FIFA et de la CAF.<\/p>\n<p><strong>Voici la copie de la lettre des membres statutaires de la FEGUIFOOT \u00a0<\/strong><\/p>\n<p><img loading=\"lazy\" decoding=\"async\" class=\"alignnone size-medium wp-image-16502 tie-appear\" src=\"https:\/\/www.guineequotidien.com\/wp-content\/uploads\/2021\/06\/memo-240x300.jpg\" alt=\"\" width=\"240\" height=\"300\" \/><\/p>\n<p><strong>Mohamed Sylla pour Guin\u00e9e quotidien.com<\/strong><\/p>\n<\/div>\n","protected":false},"excerpt":{"rendered":"<p>\u00c0 travers un m\u00e9morandum \u00a0adress\u00e9 mercredi 23 juin dernier aux \u00e9missaires de la mission conjointe FIFA-CAF en s\u00e9jour de travail \u00e0 Conakry depuis le 21 juin 2021, les membres statutaires de la F\u00e9d\u00e9ration Guin\u00e9enne de Football ont d\u00e9nonc\u00e9 Aboubacar Dinah Sampil pr\u00e9sident de l\u2019AS Kaloum et son mentor Salif Camara \u2018\u2019Super V\u2019\u2019 ex pr\u00e9sident de [&hellip;]<\/p>\n","protected":false},"author":2,"featured_media":9173,"comment_status":"closed","ping_status":"closed","sticky":false,"template":"","format":"standard","meta":{"footnotes":""},"categories":[58],"tags":[],"class_list":{"0":"post-9172","1":"post","2":"type-post","3":"status-publish","4":"format-standard","5":"has-post-thumbnail","7":"category-societe"},"_links":{"self":[{"href":"https:\/\/conakrynews.org\/index.php\/wp-json\/wp\/v2\/posts\/9172","targetHints":{"allow":["GET"]}}],"collection":[{"href":"https:\/\/conakrynews.org\/index.php\/wp-json\/wp\/v2\/posts"}],"about":[{"href":"https:\/\/conakrynews.org\/index.php\/wp-json\/wp\/v2\/types\/post"}],"author":[{"embeddable":true,"href":"https:\/\/conakrynews.org\/index.php\/wp-json\/wp\/v2\/users\/2"}],"replies":[{"embeddable":true,"href":"https:\/\/conakrynews.org\/index.php\/wp-json\/wp\/v2\/comments?post=9172"}],"version-history":[{"count":0,"href":"https:\/\/conakrynews.org\/index.php\/wp-json\/wp\/v2\/posts\/9172\/revisions"}],"wp:featuredmedia":[{"embeddable":true,"href":"https:\/\/conakrynews.org\/index.php\/wp-json\/wp\/v2\/media\/9173"}],"wp:attachment":[{"href":"https:\/\/conakrynews.org\/index.php\/wp-json\/wp\/v2\/media?parent=9172"}],"wp:term":[{"taxonomy":"category","embeddable":true,"href":"https:\/\/conakrynews.org\/index.php\/wp-json\/wp\/v2\/categories?post=9172"},{"taxonomy":"post_tag","embeddable":true,"href":"https:\/\/conakrynews.org\/index.php\/wp-json\/wp\/v2\/tags?post=9172"}],"curies":[{"name":"wp","href":"https:\/\/api.w.org\/{rel}","templated":true}]}}