{"id":9194,"date":"2021-06-26T11:06:07","date_gmt":"2021-06-26T11:06:07","guid":{"rendered":"https:\/\/conakrynews.org\/?p=9194"},"modified":"2021-06-26T13:16:32","modified_gmt":"2021-06-26T13:16:32","slug":"guinee-tenue-a-conakry-dun-atelier-de-formation-sur-les-enjeux-et-perspectives-du-secteur-minier-guineen","status":"publish","type":"post","link":"https:\/\/conakrynews.org\/index.php\/guinee-tenue-a-conakry-dun-atelier-de-formation-sur-les-enjeux-et-perspectives-du-secteur-minier-guineen\/","title":{"rendered":"Guin\u00e9e : Tenue \u00e0 Conakry d\u2019un atelier de formation sur les enjeux et perspectives du secteur minier guin\u00e9en"},"content":{"rendered":"<h1 class=\"name post-title entry-title\"><\/h1>\n<div class=\"clear\"><\/div>\n<div class=\"entry\">\n<p>Une cinquantaine de journalistes venus des diff\u00e9rentes medias de la Guin\u00e9e, ont entam\u00e9 jeudi 24 juin 2021 dans un r\u00e9ceptif h\u00f4telier de la place, un atelier de formation de trois (3) jours sur les enjeux et perspectives du secteur minier guin\u00e9en.<\/p>\n<p>Initi\u00e9e par WASSOLON Agency communication en collaboration avec le minist\u00e8re des mines et de la g\u00e9ologie, l\u2019id\u00e9al de cette session est de permettre aux hommes de m\u00e9dia de soulever des questions et pr\u00e9occupations port\u00e9es par les populations.<\/p>\n<p>\u00c0 l\u2019entame de son discours, le Directeur g\u00e9n\u00e9ral de WASSOLON Agency communication, Aboubacar Diallo a fait savoir que le pr\u00e9sent atelier confirme le bien-fond\u00e9 de l\u2019ambition de doter la Guin\u00e9e d\u2019une presse \u00e0 la pointe de l\u2019information mini\u00e8re.<\/p>\n<p>\u00ab\u00a0Une presse qui, par le rem\u00e8de d\u2019information factuelle et d\u2019une appr\u00e9ciation juste contribuera ind\u00e9niablement \u00e0 booster le secteur minier guin\u00e9en. Cette session se pr\u00e9sente aussi comme un espace id\u00e9al offert aux m\u00e9dias, \u00e0 l\u2019effet d\u2019y soulever des questions et pr\u00e9occupations port\u00e9es par les populations, notamment sur les retomb\u00e9es financi\u00e8res, la protection de l\u2019environnement et la transformation industrielle de la bauxite\u00bb.<\/p>\n<p>De son c\u00f4t\u00e9, le secr\u00e9taire g\u00e9n\u00e9ral du Minist\u00e8re des mines et de la g\u00e9ologie, Saadou Nimaga, a indiqu\u00e9 que pendant trois jours, 21 th\u00e8mes ax\u00e9s sur des enjeux et perspectives du secteur minier guin\u00e9en seront d\u00e9velopp\u00e9s avec des formateurs locaux et deux experts venus de la France et de la c\u00f4te d\u2019ivoire.<\/p>\n<p>\u00ab Au regard de la place qu\u2019occupe le secteur minier dans notre \u00e9conomie, les enjeux qui y sont li\u00e9s, ainsi que les attentes des populations, toutes les actions, toutes les informations, toutes les d\u00e9cisions li\u00e9es \u00e0 ce secteur doivent \u00eatre trait\u00e9es avec la plus grande attention et un minimum de ma\u00eetrise et de compr\u00e9hension. Notre objectif est d\u2019avoir des \u00e9changes avec vous, des \u00e9changes sur un secteur aussi important, pour que vous l\u2019appr\u00e9hender au mieux aujourd\u2019hui dans le contexte mondial \u00bb, a-t-il donn\u00e9<\/p>\n<p><strong>Ibrahima Limbita Camara pour guineequotien.com<\/strong><\/p>\n<p><strong>\u00a0<\/strong><\/p>\n<\/div>\n","protected":false},"excerpt":{"rendered":"<p>Une cinquantaine de journalistes venus des diff\u00e9rentes medias de la Guin\u00e9e, ont entam\u00e9 jeudi 24 juin 2021 dans un r\u00e9ceptif h\u00f4telier de la place, un atelier de formation de trois (3) jours sur les enjeux et perspectives du secteur minier guin\u00e9en. Initi\u00e9e par WASSOLON Agency communication en collaboration avec le minist\u00e8re des mines et de [&hellip;]<\/p>\n","protected":false},"author":2,"featured_media":9195,"comment_status":"closed","ping_status":"closed","sticky":false,"template":"","format":"standard","meta":{"footnotes":""},"categories":[58],"tags":[],"class_list":{"0":"post-9194","1":"post","2":"type-post","3":"status-publish","4":"format-standard","5":"has-post-thumbnail","7":"category-societe"},"_links":{"self":[{"href":"https:\/\/conakrynews.org\/index.php\/wp-json\/wp\/v2\/posts\/9194","targetHints":{"allow":["GET"]}}],"collection":[{"href":"https:\/\/conakrynews.org\/index.php\/wp-json\/wp\/v2\/posts"}],"about":[{"href":"https:\/\/conakrynews.org\/index.php\/wp-json\/wp\/v2\/types\/post"}],"author":[{"embeddable":true,"href":"https:\/\/conakrynews.org\/index.php\/wp-json\/wp\/v2\/users\/2"}],"replies":[{"embeddable":true,"href":"https:\/\/conakrynews.org\/index.php\/wp-json\/wp\/v2\/comments?post=9194"}],"version-history":[{"count":0,"href":"https:\/\/conakrynews.org\/index.php\/wp-json\/wp\/v2\/posts\/9194\/revisions"}],"wp:featuredmedia":[{"embeddable":true,"href":"https:\/\/conakrynews.org\/index.php\/wp-json\/wp\/v2\/media\/9195"}],"wp:attachment":[{"href":"https:\/\/conakrynews.org\/index.php\/wp-json\/wp\/v2\/media?parent=9194"}],"wp:term":[{"taxonomy":"category","embeddable":true,"href":"https:\/\/conakrynews.org\/index.php\/wp-json\/wp\/v2\/categories?post=9194"},{"taxonomy":"post_tag","embeddable":true,"href":"https:\/\/conakrynews.org\/index.php\/wp-json\/wp\/v2\/tags?post=9194"}],"curies":[{"name":"wp","href":"https:\/\/api.w.org\/{rel}","templated":true}]}}