{"id":9243,"date":"2021-06-29T07:36:10","date_gmt":"2021-06-29T07:36:10","guid":{"rendered":"https:\/\/conakrynews.org\/?p=9243"},"modified":"2021-06-29T14:18:10","modified_gmt":"2021-06-29T14:18:10","slug":"lex-president-sud-africain-jacob-zuma-fixe-mardi-sur-une-eventuelle-peine-de-prison","status":"publish","type":"post","link":"https:\/\/conakrynews.org\/index.php\/lex-president-sud-africain-jacob-zuma-fixe-mardi-sur-une-eventuelle-peine-de-prison\/","title":{"rendered":"L\u2019ex-pr\u00e9sident sud-africain Jacob Zuma fix\u00e9 mardi sur une \u00e9ventuelle peine de prison"},"content":{"rendered":"<h1 class=\"name post-title entry-title\"><\/h1>\n<div class=\"clear\"><\/div>\n<div class=\"entry\">\n<div class=\"intro intro--bold\">\n<p>Saisie par une commission anti-corruption, la plus haute juridiction sud-africaine doit statuer mardi sur une possible peine de prison pour l\u2019ex-pr\u00e9sident, Jacob Zuma, accus\u00e9 d\u2019outrage \u00e0 la justice.<\/p>\n<\/div>\n<div id=\"article-content\" class=\"content-floated-wrap fb-quotable\">\n<div class=\"wsw\">\n<p>\u00ab\u00a0Le jugement sera rendu demain, le 29 juin 2021\u00a0\u00bb, a annonc\u00e9 lundi dans un communiqu\u00e9 la Cour constitutionnelle, plus haute juridiction du pays.<\/p>\n<p>Depuis la cr\u00e9ation en 2018 de la commission charg\u00e9e d\u2019enqu\u00eater sur la corruption g\u00e9n\u00e9ralis\u00e9e pendant ses neuf ann\u00e9es au pouvoir, M. Zuma, d\u00e9j\u00e0 mis en cause par une quarantaine de t\u00e9moignages, multiplie les man\u0153uvres pour \u00e9viter d\u2019avoir \u00e0 s\u2019expliquer, empilant les recours ou faisant valoir son droit au silence.<\/p>\n<p>Apr\u00e8s une \u00e9ni\u00e8me convocation \u00e0 laquelle il ne s\u2019est pr\u00e9sent\u00e9 fin f\u00e9vrier, la commission a r\u00e9clam\u00e9 une condamnation \u00e0 deux ans de prison contre l\u2019ancien chef d\u2019Etat. L\u2019ex-pr\u00e9sident cette fois-l\u00e0 avait non seulement ignor\u00e9 la commission mais aussi une d\u00e9cision rendue en janvier par la Cour, l\u2019obligeant \u00e0 compara\u00eetre et le privant du droit \u00e0 garder le silence.<\/p>\n<p>Lors d\u2019une audience virtuelle en mars, l\u2019avocat de la commission, Tembeka Ngcukaitobi, a estim\u00e9 que la question n\u2019est plus de savoir si l\u2019ex-pr\u00e9sident doit aller en prison, mais \u00ab\u00a0combien de temps il doit y rester\u00a0\u00bb. Le statut d\u2019ancien pr\u00e9sident de M. Zuma \u00ab\u00a0ne le prot\u00e8ge pas de la loi\u00a0\u00bb, a-t-il martel\u00e9.<\/p>\n<p>Quelques semaines plus tard, dans une requ\u00eate plut\u00f4t inhabituelle, la justice sud-africaine a demand\u00e9 \u00e0 l\u2019ex-pr\u00e9sident de d\u00e9terminer lui-m\u00eame \u00ab\u00a0la sanction appropri\u00e9e\u00a0\u00bb, en pr\u00e9vision de l\u2019audience de mardi.<\/p>\n<p>Jacob Zuma, 79 ans, n\u2019a t\u00e9moign\u00e9 qu\u2019une seule fois devant la commission anti-corruption, en juillet 2019. Il avait rapidement claqu\u00e9 la porte, s\u2019offusquant d\u2019\u00eatre trait\u00e9 comme un \u00ab\u00a0accus\u00e9\u00a0\u00bb.<\/p>\n<p>Englu\u00e9 dans les scandales, il avait \u00e9t\u00e9 pouss\u00e9 \u00e0 la d\u00e9mission en 2018. Il a \u00e9t\u00e9 remplac\u00e9 par l\u2019actuel pr\u00e9sident, Cyril Ramaphosa, qui a fait de la lutte contre la corruption un cheval de bataille mais a lui-m\u00eame \u00e9t\u00e9 appel\u00e9 \u00e0 t\u00e9moigner devant la commission.<\/p>\n<p><strong>Avec AFP<\/strong><\/p>\n<\/div>\n<\/div>\n<\/div>\n","protected":false},"excerpt":{"rendered":"<p>Saisie par une commission anti-corruption, la plus haute juridiction sud-africaine doit statuer mardi sur une possible peine de prison pour l\u2019ex-pr\u00e9sident, Jacob Zuma, accus\u00e9 d\u2019outrage \u00e0 la justice. \u00ab\u00a0Le jugement sera rendu demain, le 29 juin 2021\u00a0\u00bb, a annonc\u00e9 lundi dans un communiqu\u00e9 la Cour constitutionnelle, plus haute juridiction du pays. Depuis la cr\u00e9ation en [&hellip;]<\/p>\n","protected":false},"author":2,"featured_media":9244,"comment_status":"closed","ping_status":"closed","sticky":false,"template":"","format":"standard","meta":{"footnotes":""},"categories":[58],"tags":[],"class_list":{"0":"post-9243","1":"post","2":"type-post","3":"status-publish","4":"format-standard","5":"has-post-thumbnail","7":"category-societe"},"_links":{"self":[{"href":"https:\/\/conakrynews.org\/index.php\/wp-json\/wp\/v2\/posts\/9243","targetHints":{"allow":["GET"]}}],"collection":[{"href":"https:\/\/conakrynews.org\/index.php\/wp-json\/wp\/v2\/posts"}],"about":[{"href":"https:\/\/conakrynews.org\/index.php\/wp-json\/wp\/v2\/types\/post"}],"author":[{"embeddable":true,"href":"https:\/\/conakrynews.org\/index.php\/wp-json\/wp\/v2\/users\/2"}],"replies":[{"embeddable":true,"href":"https:\/\/conakrynews.org\/index.php\/wp-json\/wp\/v2\/comments?post=9243"}],"version-history":[{"count":0,"href":"https:\/\/conakrynews.org\/index.php\/wp-json\/wp\/v2\/posts\/9243\/revisions"}],"wp:featuredmedia":[{"embeddable":true,"href":"https:\/\/conakrynews.org\/index.php\/wp-json\/wp\/v2\/media\/9244"}],"wp:attachment":[{"href":"https:\/\/conakrynews.org\/index.php\/wp-json\/wp\/v2\/media?parent=9243"}],"wp:term":[{"taxonomy":"category","embeddable":true,"href":"https:\/\/conakrynews.org\/index.php\/wp-json\/wp\/v2\/categories?post=9243"},{"taxonomy":"post_tag","embeddable":true,"href":"https:\/\/conakrynews.org\/index.php\/wp-json\/wp\/v2\/tags?post=9243"}],"curies":[{"name":"wp","href":"https:\/\/api.w.org\/{rel}","templated":true}]}}