{"id":9249,"date":"2021-06-29T14:01:16","date_gmt":"2021-06-29T14:01:16","guid":{"rendered":"https:\/\/conakrynews.org\/?p=9249"},"modified":"2021-06-29T16:15:24","modified_gmt":"2021-06-29T16:15:24","slug":"conakry-edg-lance-la-semaine-de-lelectricite-en-guinee","status":"publish","type":"post","link":"https:\/\/conakrynews.org\/index.php\/conakry-edg-lance-la-semaine-de-lelectricite-en-guinee\/","title":{"rendered":"Conakry : EDG lance la \u00ab\u00a0Semaine de l&rsquo;Electricit\u00e9\u00a0\u00bb en Guin\u00e9e"},"content":{"rendered":"<div dir=\"auto\"><img loading=\"lazy\" decoding=\"async\" class=\"alignright size-medium wp-image-9256\" src=\"https:\/\/conakrynews.org\/wp-content\/uploads\/2021\/06\/IMG_20210629_090521_9-500x375.jpg\" alt=\"\" width=\"500\" height=\"375\" srcset=\"https:\/\/conakrynews.org\/wp-content\/uploads\/2021\/06\/IMG_20210629_090521_9-500x375.jpg 500w, https:\/\/conakrynews.org\/wp-content\/uploads\/2021\/06\/IMG_20210629_090521_9-768x576.jpg 768w, https:\/\/conakrynews.org\/wp-content\/uploads\/2021\/06\/IMG_20210629_090521_9-1536x1152.jpg 1536w, https:\/\/conakrynews.org\/wp-content\/uploads\/2021\/06\/IMG_20210629_090521_9-2048x1536.jpg 2048w\" sizes=\"auto, (max-width: 500px) 100vw, 500px\" \/><img loading=\"lazy\" decoding=\"async\" class=\"alignright size-medium wp-image-9253\" src=\"https:\/\/conakrynews.org\/wp-content\/uploads\/2021\/06\/IMG_20210629_093138_1-500x375.jpg\" alt=\"\" width=\"500\" height=\"375\" srcset=\"https:\/\/conakrynews.org\/wp-content\/uploads\/2021\/06\/IMG_20210629_093138_1-500x375.jpg 500w, https:\/\/conakrynews.org\/wp-content\/uploads\/2021\/06\/IMG_20210629_093138_1-768x576.jpg 768w, https:\/\/conakrynews.org\/wp-content\/uploads\/2021\/06\/IMG_20210629_093138_1-1536x1152.jpg 1536w, https:\/\/conakrynews.org\/wp-content\/uploads\/2021\/06\/IMG_20210629_093138_1-2048x1536.jpg 2048w\" sizes=\"auto, (max-width: 500px) 100vw, 500px\" \/><img loading=\"lazy\" decoding=\"async\" class=\"alignright size-medium wp-image-9254\" src=\"https:\/\/conakrynews.org\/wp-content\/uploads\/2021\/06\/IMG_20210629_090153_5-500x375.jpg\" alt=\"\" width=\"500\" height=\"375\" srcset=\"https:\/\/conakrynews.org\/wp-content\/uploads\/2021\/06\/IMG_20210629_090153_5-500x375.jpg 500w, https:\/\/conakrynews.org\/wp-content\/uploads\/2021\/06\/IMG_20210629_090153_5-768x576.jpg 768w, https:\/\/conakrynews.org\/wp-content\/uploads\/2021\/06\/IMG_20210629_090153_5-1536x1152.jpg 1536w, https:\/\/conakrynews.org\/wp-content\/uploads\/2021\/06\/IMG_20210629_090153_5-2048x1536.jpg 2048w\" sizes=\"auto, (max-width: 500px) 100vw, 500px\" \/><img loading=\"lazy\" decoding=\"async\" class=\"alignright size-medium wp-image-9251\" src=\"https:\/\/conakrynews.org\/wp-content\/uploads\/2021\/06\/IMG_20210629_091852_5-500x375.jpg\" alt=\"\" width=\"500\" height=\"375\" srcset=\"https:\/\/conakrynews.org\/wp-content\/uploads\/2021\/06\/IMG_20210629_091852_5-500x375.jpg 500w, https:\/\/conakrynews.org\/wp-content\/uploads\/2021\/06\/IMG_20210629_091852_5-768x576.jpg 768w, https:\/\/conakrynews.org\/wp-content\/uploads\/2021\/06\/IMG_20210629_091852_5-1536x1152.jpg 1536w, https:\/\/conakrynews.org\/wp-content\/uploads\/2021\/06\/IMG_20210629_091852_5-2048x1536.jpg 2048w\" sizes=\"auto, (max-width: 500px) 100vw, 500px\" \/><img loading=\"lazy\" decoding=\"async\" class=\"alignright size-medium wp-image-9252\" src=\"https:\/\/conakrynews.org\/wp-content\/uploads\/2021\/06\/IMG_20210629_091250_7-500x375.jpg\" alt=\"\" width=\"500\" height=\"375\" srcset=\"https:\/\/conakrynews.org\/wp-content\/uploads\/2021\/06\/IMG_20210629_091250_7-500x375.jpg 500w, https:\/\/conakrynews.org\/wp-content\/uploads\/2021\/06\/IMG_20210629_091250_7-768x576.jpg 768w, https:\/\/conakrynews.org\/wp-content\/uploads\/2021\/06\/IMG_20210629_091250_7-1536x1152.jpg 1536w, https:\/\/conakrynews.org\/wp-content\/uploads\/2021\/06\/IMG_20210629_091250_7-2048x1536.jpg 2048w\" sizes=\"auto, (max-width: 500px) 100vw, 500px\" \/><\/div>\n<div dir=\"auto\"><\/div>\n<div dir=\"auto\"><\/div>\n<div dir=\"auto\">Les responsables de la Direction G\u00e9n\u00e9rale d&rsquo;EDG ont proc\u00e9d\u00e9 au lancement de la \u00ab\u00a0Semaine de l&rsquo;\u00e9lectricit\u00e9\u00a0\u00bb en Guin\u00e9e,ce lundi 29 juin 2021, dans la grande cour de\u00a0 la Centrale de Tombo(Kaloum).A cette occasion, plusieurs membres du gouvernement ont pris part \u00e0 cette c\u00e9r\u00e9monie de lancement notamment M.le ministre de\u00a0 l&rsquo;\u00e9conomie et des finances M.Mamady Camara,le ministre du Budget, Isma\u00ebl Dioubat\u00e9,la ministre de l&rsquo;energie Mme Bountouraby Yattara,des hauts cadres\u00a0 d&rsquo;EDG,des partenaires au d\u00e9veloppement et de plusieurs agents.<\/div>\n<div dir=\"auto\"><\/div>\n<div dir=\"auto\"><\/div>\n<div dir=\"auto\">Durant cette semaine, les acteurs \u00e0 tous les niveaux parleront\u00a0 des probl\u00e9matiques li\u00e9es \u00e0\u00a0 l&rsquo;acc\u00e8s et \u00e0 l&rsquo;utilisation responsable de cette denr\u00e9e fondamentale au sein de notre\u00a0 soci\u00e9t\u00e9.Elle sera l&rsquo;occasion de sensibiliser \u00e9galement la population par rapport \u00e0 la lutte contre les\u00a0 fraudes dans ce\u00a0 secteur.<\/div>\n<div dir=\"auto\"><\/div>\n<div dir=\"auto\"><\/div>\n<div dir=\"auto\">Dans son discours de bienvenue,le pr\u00e9sident du Conseil d&rsquo;Administration de l&rsquo;\u00e9lectricit\u00e9 de Guin\u00e9e (EDG), Bah Ousmane, a expliqu\u00e9 les raisons\u00a0 fond\u00e9es\u00a0 sur l&rsquo;organisation de cette\u00a0 semaine.\u2039\u2039L&rsquo;initiative d&rsquo;organiser cette semaine de l&rsquo;\u00e9lectricit\u00e9 est une opportunit\u00e9 qui est\u00a0 offerte pour regrouper autour de l&rsquo;EDG l&rsquo;ensemble des acteurs int\u00e9r\u00e9ss\u00e9s par la gestion et la consommation de l&rsquo;\u00e9lectricit\u00e9 dans notre pays, a t-il expliqu\u00e9.<\/div>\n<div dir=\"auto\"><\/div>\n<div dir=\"auto\">Avant de rappeler :\u2039\u2039 Depuis plus d&rsquo;une d\u00e9cennie, le gouvernement a\u00a0 entrepris un vaste programme de redressement du secteur de l&rsquo;\u00e9lectricit\u00e9 bas\u00e9 sur la construction, la r\u00e9habilitation des infrastructures de production, de transport et de distribution de l&rsquo;\u00e9lectricit\u00e9 appuyer par un syst\u00e8me de management innovant avec comme cible l&rsquo;am\u00e9lioration des performances commerciales, financi\u00e8res et de renforcement de capacit\u00e9s<img loading=\"lazy\" decoding=\"async\" class=\"alignright size-medium wp-image-9258\" src=\"https:\/\/conakrynews.org\/wp-content\/uploads\/2021\/06\/IMG_20210629_091703_2-500x375.jpg\" alt=\"\" width=\"500\" height=\"375\" srcset=\"https:\/\/conakrynews.org\/wp-content\/uploads\/2021\/06\/IMG_20210629_091703_2-500x375.jpg 500w, https:\/\/conakrynews.org\/wp-content\/uploads\/2021\/06\/IMG_20210629_091703_2-768x576.jpg 768w, https:\/\/conakrynews.org\/wp-content\/uploads\/2021\/06\/IMG_20210629_091703_2-1536x1152.jpg 1536w, https:\/\/conakrynews.org\/wp-content\/uploads\/2021\/06\/IMG_20210629_091703_2-2048x1536.jpg 2048w\" sizes=\"auto, (max-width: 500px) 100vw, 500px\" \/>\u203a\u203a.<\/div>\n<div dir=\"auto\"><\/div>\n<div dir=\"auto\"><\/div>\n<div dir=\"auto\">\u2039\u2039La Direction g\u00e9n\u00e9rale d&rsquo;EDG\u00a0 a mise en place\u00a0 un vaste programme de r\u00e9formes initi\u00e9es\u00a0 par le gouvernement et dont la direction nationale d&rsquo;EDG a \u00e9t\u00e9 charg\u00e9e de r\u00e9aliser. Cette entreprise qui est de service public et dont les performances \u00e9taient connus jadis et aujourd&rsquo;hui \u00e0 l&rsquo;issue de nombreuses r\u00e9formes pr\u00e9sente une nouvelle\u00a0 face. La Direction g\u00e9n\u00e9rale d&rsquo;EDG avec tous les efforts consentis depuis appuyer par le support inlassable de monsieur le pr\u00e9sident de la R\u00e9publique a abouti \u00e0 un certains nombre de r\u00e9sultats probants. La pr\u00e9servation de ces acquis d\u00e9pendra du niveau d&rsquo;information, de compr\u00e9hension et de la volont\u00e9 des diff\u00e9rents acteurs\u203a\u203a, affirmera M.Bah Ousmane, pr\u00e9sident du conseil d&rsquo;Administration d&rsquo;EDG.<\/div>\n<div dir=\"auto\"><\/div>\n<div dir=\"auto\"><\/div>\n<div dir=\"auto\"><\/div>\n<div dir=\"auto\">Et d&rsquo;ajouter :\u2039\u2039 Durant cette semaine chaque acteur prendra part ou s&rsquo;appropriera la gestion et la consommation plus responsable du courant \u00e9lectrique puis que\u00a0 \u00e0 terme c&rsquo;est l&rsquo;objectif vis\u00e9. Il s&rsquo;agira surtout des r\u00e9formes \u00e0 l&rsquo;externe qui vise \u00e0 former et \u00e0 sensibiliser les citoyens consommateurs du courant \u00e9lectrique, mais aussi \u00e0 moraliser les clandestins qui interf\u00e8rent sur les r\u00e9seaux \u00e9lectriques. Dans cette semaine et les journ\u00e9e qui s&rsquo;en suivront, il sera utile \u00e9galement\u00a0 d&rsquo;interpeller tout un chacun \u00e0 une \u00e9conomie de l&rsquo;\u00e9lectricit\u00e9 et mieux \u00e0 une consommation plus citoyenne qui favorisera un d\u00e9veloppement sociaux \u00e9conomique de notre pays\u203a\u203a, a-t-il ajout\u00e9.<\/div>\n<div dir=\"auto\"><\/div>\n<div dir=\"auto\"><\/div>\n<div dir=\"auto\"><\/div>\n<div dir=\"auto\"><\/div>\n<div dir=\"auto\">Mme Bountouraby Yattara, ministre de l&rsquo;Energie, a\u00a0 pr\u00e9cis\u00e9 :\u2039\u2039Depuis l&rsquo;arriv\u00e9e du professeur Alpha Cond\u00e9 \u00e0 la magistrature supr\u00eame de notre pays beaucoup de r\u00e9formes ont \u00e9t\u00e9 entreprises dans le secteur de l&rsquo;\u00e9lectricit\u00e9. l&rsquo;objectif est d&rsquo;am\u00e9liorer la production, mais aussi d&rsquo;am\u00e9liorer le service public afin d&rsquo;assurer la viabilit\u00e9 du secteur. Aujourd&rsquo;hui l&rsquo;initiative qui nous r\u00e9unis ici est une initiative de l&rsquo;EDG qui est \u00e0 saluer et \u00e0 soutenir parce qu&rsquo;elle s&rsquo;inscrit en droite ligne de la politique du gouvernement en mati\u00e8re de la fourniture de l&rsquo;\u00e9lectricit\u00e9 et du service public de l&rsquo;\u00e9lectricit\u00e9\u203a\u203a, a fait savoir la ministre de l&rsquo;Energie.<\/div>\n<div dir=\"auto\"><\/div>\n<div dir=\"auto\"><\/div>\n<div dir=\"auto\">Avant d&rsquo;indiquer\u00a0 que cette semaine\u00a0 permet \u00e0 l&rsquo;EDG\u00a0 de se rapprocher, d&rsquo;\u00e9couter sa client\u00e8le, mais aussi expliqu\u00e9 ses contraintes et les r\u00e9formes qu&rsquo;elle est en train d&rsquo;entreprendre\u00a0 dans ce secteur.<\/div>\n<div dir=\"auto\"><\/div>\n<div dir=\"auto\">\u2039\u2039Notre objectif au niveau du gouvernement c&rsquo;est d&rsquo;atteindre la viabilit\u00e9 du secteur\u00a0 notamment sur le plan financier mais aussi aider la soci\u00e9t\u00e9\u00a0 afin qu&rsquo;elle puisse fournir un service public de qualit\u00e9 en mati\u00e8re d&rsquo;\u00e9lectricit\u00e9 parce que l&rsquo;\u00e9lectricit\u00e9 est importante pour le d\u00e9veloppement \u00e9conomique de notre pays, a soulign\u00e9 Bountouraby Yattara.<\/div>\n<div dir=\"auto\"><\/div>\n<div dir=\"auto\"><\/div>\n<div dir=\"auto\"><\/div>\n<div dir=\"auto\">De son c\u00f4t\u00e9,le Directeur G\u00e9n\u00e9rale de l&rsquo;\u00e9lectricit\u00e9 de Guin\u00e9e (EDG),Bangaly Matty, a\u00a0 d&rsquo;abord remerci\u00e9 le\u00a0 pr\u00e9sident de la r\u00e9publique prof. Alpha Cond\u00e9,pour tous ses efforts consentis dans le secteur de l&rsquo;\u00e9nergie en Guin\u00e9e.Avant d&rsquo;expliquer :\u2039\u2039C&rsquo;est une semaine constitu\u00e9e de journ\u00e9es\u00a0 porte ouverte qui nous permettent\u00a0 de nous rapprocher d&rsquo;avantage de nos abonn\u00e9s pourqu&rsquo;on ai des discussions franches, des d\u00e9bats francs sur la probl\u00e9matique de la fourniture d&rsquo;\u00e9lectricit\u00e9 en\u00a0 r\u00e9publique de Guin\u00e9e\u203a\u203a<\/div>\n<div dir=\"auto\"><\/div>\n<div dir=\"auto\"><\/div>\n<div dir=\"auto\">Pour mettre un terme \u00e0 ses propos,le directeur g\u00e9n\u00e9ral de l&rsquo;\u00e9lectricit\u00e9 de Guin\u00e9e,a dit :\u2039\u2039 C&rsquo;est la premi\u00e8re ann\u00e9e que nous venons de passer en r\u00e9publique de Guin\u00e9e sans grands cris en p\u00e9riode d&rsquo;\u00e9tiage parce la fourniture elle est vraiment au rendez-vous, et les \u00e9quipes d&rsquo;EDG n&rsquo;ont m\u00e9nage aucun effort pour \u00eatre au rendez-vous pour des questions de d\u00e9pannage, pour des questions de pr\u00e9vention de pannes et\u00a0 de distribution, mais le chemin est long, il\u00a0 faut beaucoup de travail \u00e0 faire. C&rsquo;est\u00a0 \u00a0toute l&rsquo;id\u00e9e de cette semaine parce que si on se rapproche pas de nos abonn\u00e9s ils ne comprendront\u00a0 pas les probl\u00e9matiques\u00a0 qui\u00a0 concernent pas la distribution\u203a\u203a.<\/div>\n<div dir=\"auto\"><\/div>\n<div dir=\"auto\">Sylla Ibrahima Kalil pour\u00a0<a href=\"https:\/\/conakrynews.org\/\" target=\"_blank\" rel=\"noopener noreferrer\" data-saferedirecturl=\"https:\/\/www.google.com\/url?q=https:\/\/conakrynews.org&amp;source=gmail&amp;ust=1625060886586000&amp;usg=AFQjCNHPoM5xDzcC6720-Icheh2YZye8dQ\">www.conakrynews.org<\/a>625444534<\/div>\n","protected":false},"excerpt":{"rendered":"<p>Les responsables de la Direction G\u00e9n\u00e9rale d&rsquo;EDG ont proc\u00e9d\u00e9 au lancement de la \u00ab\u00a0Semaine de l&rsquo;\u00e9lectricit\u00e9\u00a0\u00bb en Guin\u00e9e,ce lundi 29 juin 2021, dans la grande cour de\u00a0 la Centrale de Tombo(Kaloum).A cette occasion, plusieurs membres du gouvernement ont pris part \u00e0 cette c\u00e9r\u00e9monie de lancement notamment M.le ministre de\u00a0 l&rsquo;\u00e9conomie et des finances M.Mamady Camara,le [&hellip;]<\/p>\n","protected":false},"author":2,"featured_media":9250,"comment_status":"closed","ping_status":"closed","sticky":false,"template":"","format":"standard","meta":{"footnotes":""},"categories":[58],"tags":[],"class_list":{"0":"post-9249","1":"post","2":"type-post","3":"status-publish","4":"format-standard","5":"has-post-thumbnail","7":"category-societe"},"_links":{"self":[{"href":"https:\/\/conakrynews.org\/index.php\/wp-json\/wp\/v2\/posts\/9249","targetHints":{"allow":["GET"]}}],"collection":[{"href":"https:\/\/conakrynews.org\/index.php\/wp-json\/wp\/v2\/posts"}],"about":[{"href":"https:\/\/conakrynews.org\/index.php\/wp-json\/wp\/v2\/types\/post"}],"author":[{"embeddable":true,"href":"https:\/\/conakrynews.org\/index.php\/wp-json\/wp\/v2\/users\/2"}],"replies":[{"embeddable":true,"href":"https:\/\/conakrynews.org\/index.php\/wp-json\/wp\/v2\/comments?post=9249"}],"version-history":[{"count":0,"href":"https:\/\/conakrynews.org\/index.php\/wp-json\/wp\/v2\/posts\/9249\/revisions"}],"wp:featuredmedia":[{"embeddable":true,"href":"https:\/\/conakrynews.org\/index.php\/wp-json\/wp\/v2\/media\/9250"}],"wp:attachment":[{"href":"https:\/\/conakrynews.org\/index.php\/wp-json\/wp\/v2\/media?parent=9249"}],"wp:term":[{"taxonomy":"category","embeddable":true,"href":"https:\/\/conakrynews.org\/index.php\/wp-json\/wp\/v2\/categories?post=9249"},{"taxonomy":"post_tag","embeddable":true,"href":"https:\/\/conakrynews.org\/index.php\/wp-json\/wp\/v2\/tags?post=9249"}],"curies":[{"name":"wp","href":"https:\/\/api.w.org\/{rel}","templated":true}]}}