{"id":9269,"date":"2021-06-29T17:58:59","date_gmt":"2021-06-29T17:58:59","guid":{"rendered":"https:\/\/conakrynews.org\/?p=9269"},"modified":"2021-06-30T11:28:33","modified_gmt":"2021-06-30T11:28:33","slug":"jacob-zuma-condamne-a-15-mois-de-prison-pour-outrage-a-la-justice","status":"publish","type":"post","link":"https:\/\/conakrynews.org\/index.php\/jacob-zuma-condamne-a-15-mois-de-prison-pour-outrage-a-la-justice\/","title":{"rendered":"Jacob Zuma condamn\u00e9 \u00e0 15 mois de prison pour outrage \u00e0 la justice"},"content":{"rendered":"<h1 class=\"name post-title entry-title\"><\/h1>\n<div class=\"clear\"><\/div>\n<div class=\"entry\">\n<div class=\"intro intro--bold\">\n<p>L\u2019intouchable ex-pr\u00e9sident sud-africain, Jacob Zuma, a finalement \u00e9t\u00e9 condamn\u00e9 mardi \u00e0 15 mois de prison pour outrage \u00e0 la justice, apr\u00e8s de multiples tentatives et stratag\u00e8mes pour \u00e9viter de t\u00e9moigner dans le cadre d\u2019enqu\u00eates pour corruption d\u2019Etat.<\/p>\n<\/div>\n<div id=\"article-content\" class=\"content-floated-wrap fb-quotable\">\n<div class=\"wsw\">\n<p>Jacob Zuma, 79 ans, qui avait affirm\u00e9 n\u2019avoir aucune crainte d\u2019\u00eatre arr\u00eat\u00e9, condamn\u00e9, ou incarc\u00e9r\u00e9, a d\u00e9sormais cinq jours pour se rendre. Dans le cas contraire, la police sera autoris\u00e9e \u00e0 venir le chercher \u00e0 son domicile pour le conduire dans une prison o\u00f9 il commencera \u00e0 purger sa peine.<\/p>\n<p><em>\u00ab\u00a0La Cour constitutionnelle n\u2019a pas d\u2019autre choix que de conclure que M. Zuma est coupable d\u2019outrage \u00e0 la justice\u00a0\u00bb,<\/em>\u00a0a d\u00e9clar\u00e9 la Cour constitutionnelle, la plus haute juridiction du pays.<em>\u00a0\u00ab\u00a0A la majorit\u00e9 des membres, la Cour ordonne une peine d\u2019emprisonnement sans sursis pour une p\u00e9riode<\/em>\u00a0\u00bb de 15 mois, a d\u00e9clar\u00e9 la juge Sisi Khampepe.<\/p>\n<p>L\u2019ex-pr\u00e9sident est accus\u00e9 d\u2019avoir pill\u00e9 l\u2019argent public pendant ses neufs ann\u00e9es au pouvoir (2009-2018). Englu\u00e9 dans les scandales, il avait \u00e9t\u00e9 pouss\u00e9 \u00e0 la d\u00e9mission.<\/p>\n<p>Depuis la cr\u00e9ation en 2018 d\u2019une commission charg\u00e9e d\u2019enqu\u00eater sur la corruption d\u2019Etat, l\u2019ex-pr\u00e9sident, d\u00e9j\u00e0 mis en cause dans une quarantaine de t\u00e9moignages, multiplie les man\u0153uvres pour \u00e9viter d\u2019avoir \u00e0 s\u2019expliquer, empilant les recours ou faisant valoir son droit au silence.<\/p>\n<h2 class=\"wsw__h2\">\u00ab\u00a0Puni\u00a0\u00bb<\/h2>\n<p>Apr\u00e8s une \u00e9ni\u00e8me convocation \u00e0 laquelle il ne s\u2019est pas pr\u00e9sent\u00e9 fin f\u00e9vrier, la commission anticorruption a r\u00e9clam\u00e9 une condamnation \u00e0 deux ans de prison contre l\u2019ancien chef d\u2019Etat. L\u2019ex-pr\u00e9sident cette fois-l\u00e0 avait non seulement ignor\u00e9 la commission mais aussi une d\u00e9cision rendue en janvier par la Cour, l\u2019obligeant \u00e0 compara\u00eetre et le privant du droit \u00e0 garder le silence.<\/p>\n<p><em>\u00ab\u00a0Ce genre de r\u00e9ticence et de d\u00e9fi est ill\u00e9gal et sera puni\u00a0\u00bb<\/em>, a d\u00e9clar\u00e9 la juge Sisi Khampepe.\u00a0<em>\u00ab\u00a0Je n\u2019ai pas d\u2019autre choix que d\u2019emprisonner M. Zuma, dans l\u2019espoir que cela envoie un message sans \u00e9quivoque\u00a0\u00bb<\/em>, a-t-elle ajout\u00e9<em>, \u00ab\u00a0l\u2019Etat de droit et l\u2019administration de la justice pr\u00e9valent\u00a0\u00bb.<\/em><\/p>\n<p>Jacob Zuma n\u2019a t\u00e9moign\u00e9 qu\u2019une seule fois devant la commission anti-corruption, en juillet 2019. Il avait rapidement claqu\u00e9 la porte, s\u2019offusquant d\u2019\u00eatre trait\u00e9 comme un \u00ab\u00a0<em>accus\u00e9<\/em>\u00ab\u00a0.<\/p>\n<div data-owner-ct=\"Article\" data-inline=\"False\">\n<div class=\"media-block also-read\">\n<p>L\u2019ex-pr\u00e9sident doit \u00e9galement \u00eatre jug\u00e9 pour une affaire de pots-de-vin vieille de plus de vingt ans. Il doit r\u00e9pondre de seize chefs d\u2019accusation de fraude, corruption et racket li\u00e9s \u00e0 l\u2019achat, en 1999, de mat\u00e9riel militaire aupr\u00e8s de cinq soci\u00e9t\u00e9s d\u2019armement europ\u00e9ennes, alors qu\u2019il \u00e9tait vice-pr\u00e9sident.<\/p>\n<p>Il est accus\u00e9 d\u2019avoir empoch\u00e9 plus de quatre millions de rands (soit 235.000 euros au taux actuel) du fran\u00e7ais Thales qui \u00e9tait l\u2019une des entreprises attributaires du juteux contrat d\u2019une valeur globale d\u2019environ 2,8 milliards d\u2019euros.<\/p>\n<p>L\u2019actuel pr\u00e9sident Cyril Ramaphosa lui a succ\u00e9d\u00e9 \u00e0 la t\u00eate du pays. Ce dernier a fait de la lutte contre la corruption un cheval de bataille, mais a lui-m\u00eame \u00e9t\u00e9 appel\u00e9 \u00e0 t\u00e9moigner devant la commission.<\/p>\n<p><strong>Avec AFP<\/strong><\/p>\n<\/div>\n<\/div>\n<\/div>\n<\/div>\n<\/div>\n","protected":false},"excerpt":{"rendered":"<p>L\u2019intouchable ex-pr\u00e9sident sud-africain, Jacob Zuma, a finalement \u00e9t\u00e9 condamn\u00e9 mardi \u00e0 15 mois de prison pour outrage \u00e0 la justice, apr\u00e8s de multiples tentatives et stratag\u00e8mes pour \u00e9viter de t\u00e9moigner dans le cadre d\u2019enqu\u00eates pour corruption d\u2019Etat. Jacob Zuma, 79 ans, qui avait affirm\u00e9 n\u2019avoir aucune crainte d\u2019\u00eatre arr\u00eat\u00e9, condamn\u00e9, ou incarc\u00e9r\u00e9, a d\u00e9sormais cinq [&hellip;]<\/p>\n","protected":false},"author":2,"featured_media":9270,"comment_status":"closed","ping_status":"closed","sticky":false,"template":"","format":"standard","meta":{"footnotes":""},"categories":[58],"tags":[],"class_list":{"0":"post-9269","1":"post","2":"type-post","3":"status-publish","4":"format-standard","5":"has-post-thumbnail","7":"category-societe"},"_links":{"self":[{"href":"https:\/\/conakrynews.org\/index.php\/wp-json\/wp\/v2\/posts\/9269","targetHints":{"allow":["GET"]}}],"collection":[{"href":"https:\/\/conakrynews.org\/index.php\/wp-json\/wp\/v2\/posts"}],"about":[{"href":"https:\/\/conakrynews.org\/index.php\/wp-json\/wp\/v2\/types\/post"}],"author":[{"embeddable":true,"href":"https:\/\/conakrynews.org\/index.php\/wp-json\/wp\/v2\/users\/2"}],"replies":[{"embeddable":true,"href":"https:\/\/conakrynews.org\/index.php\/wp-json\/wp\/v2\/comments?post=9269"}],"version-history":[{"count":0,"href":"https:\/\/conakrynews.org\/index.php\/wp-json\/wp\/v2\/posts\/9269\/revisions"}],"wp:featuredmedia":[{"embeddable":true,"href":"https:\/\/conakrynews.org\/index.php\/wp-json\/wp\/v2\/media\/9270"}],"wp:attachment":[{"href":"https:\/\/conakrynews.org\/index.php\/wp-json\/wp\/v2\/media?parent=9269"}],"wp:term":[{"taxonomy":"category","embeddable":true,"href":"https:\/\/conakrynews.org\/index.php\/wp-json\/wp\/v2\/categories?post=9269"},{"taxonomy":"post_tag","embeddable":true,"href":"https:\/\/conakrynews.org\/index.php\/wp-json\/wp\/v2\/tags?post=9269"}],"curies":[{"name":"wp","href":"https:\/\/api.w.org\/{rel}","templated":true}]}}