{"id":9294,"date":"2021-07-01T12:19:27","date_gmt":"2021-07-01T12:19:27","guid":{"rendered":"https:\/\/conakrynews.org\/?p=9294"},"modified":"2021-07-01T17:36:50","modified_gmt":"2021-07-01T17:36:50","slug":"xi-jinping-vante-lessor-irreversible-de-la-chine-pour-le-centenaire-du-pays","status":"publish","type":"post","link":"https:\/\/conakrynews.org\/index.php\/xi-jinping-vante-lessor-irreversible-de-la-chine-pour-le-centenaire-du-pays\/","title":{"rendered":"Xi Jinping vante l\u2019essor \u00abirr\u00e9versible\u00bb de la Chine, pour le centenaire du PCC"},"content":{"rendered":"<div class=\"td-post-header\">\n<header class=\"td-post-title\">\n<h1 class=\"entry-title\"><\/h1>\n<\/header>\n<\/div>\n<div class=\"td-post-sharing td-post-sharing-top \">\n<div class=\"td-default-sharing\"><i class=\"td-icon-facebook\"><\/i>\u00a0<i class=\"td-icon-twitter\"><\/i>\u00a0<i class=\"td-icon-googleplus\"><\/i>\u00a0<i class=\"td-icon-pinterest\"><\/i>\u00a0<i class=\"td-icon-whatsapp\"><\/i><\/div>\n<\/div>\n<div class=\"td-post-content\">\n<div class=\"td-post-featured-image\"><a class=\"td-modal-image\" href=\"https:\/\/liberationinfo.com\/wp-content\/uploads\/2021\/07\/4000.jpg\" data-caption=\"\"><img loading=\"lazy\" decoding=\"async\" class=\"entry-thumb td-animation-stack-type0-1\" title=\"4000\" src=\"https:\/\/liberationinfo.com\/wp-content\/uploads\/2021\/07\/4000-696x418.jpg\" alt=\"\" width=\"696\" height=\"418\" \/><\/a><\/div>\n<div class=\"o-header\">\n<div class=\"o-site-nav-wrapper\">\n<div class=\"o-site-nav__scrollable\">\n<nav id=\"site-nav-rfi\" class=\"o-site-nav\" role=\"navigation\">\n<div class=\"o-site-nav__wrapper\">\n<div class=\"o-site-nav__block o-site-nav__block--primary\">\n<div class=\"m-nav-list--multi-columns m-nav-list m-nav-list--primary\">\n<p>&nbsp;<\/p>\n<\/div>\n<\/div>\n<\/div>\n<\/nav>\n<\/div>\n<\/div>\n<\/div>\n<div class=\"t-content t-content--article\">\n<article data-article-content=\"\">\n<div class=\"t-content__main-media\">\n<figure class=\"m-figure m-figure--16x9\">\n<div class=\"m-figure__img-wrapper\"><\/div><figcaption class=\"m-figure__caption\"><span class=\"a-media-legend\">Le pr\u00e9sident chinois Xi Jinping, en compagnie de son pr\u00e9d\u00e9cesseur Hu Jintao, salue la foule d\u2019\u00e9tudiants rassembl\u00e9s place Tiananmen pour c\u00e9l\u00e9brer le centenaire du Parti communiste chinois, le 1er juillet 2021 \u00e0 P\u00e9kin.<\/span><\/figcaption><\/figure>\n<\/div>\n<div class=\"t-content__authors-tts\">\n<div class=\"m-author-n-reading-time\">\n<div class=\"m-author-n-reading-time__authors\">\n<div class=\"m-from-author\"><\/div>\n<\/div>\n<\/div>\n<\/div>\n<p class=\"t-content__chapo\" data-speech-chapo=\"Des dizaines de milliers de membres du Parti communiste \u00e9taient rassembl\u00e9s ce jeudi matin 1er juillet place Tiananmen pour c\u00e9l\u00e9brer le 100e anniversaire du PCC. Dans son discours, Xi Jinping a vant\u00e9 le parcours accompli et l\u2019essor \u00ab\u00a0irr\u00e9versible\u00a0\u00bb de la Chine.\">Des dizaines de milliers de membres du Parti communiste \u00e9taient rassembl\u00e9s ce jeudi matin 1er juillet place Tiananmen pour c\u00e9l\u00e9brer le 100e anniversaire du PCC. Dans son discours, Xi Jinping a vant\u00e9 le parcours accompli et l\u2019essor \u00ab\u00a0<em>irr\u00e9versible<\/em>\u00a0\u00bb de la Chine.<\/p>\n<div class=\"t-content__body u-clearfix\">\n<div class=\"m-interstitial\">\n<div class=\"m-interstitial__ad\">\n<div class=\"m-block-ad \">\n<div class=\"m-block-ad__label m-block-ad__label--report-enabled\"><\/div>\n<div id=\"tms-block-9872507965101194\" class=\"m-block-ad__content\">\n<div id=\"google_ads_iframe_\/33480810\/web\/rfi\/fr\/article\/pave1_0__container__\"><\/div>\n<\/div>\n<\/div>\n<\/div>\n<\/div>\n<p>Une clameur s\u2019\u00e9l\u00e8ve alors que la foule regarde vers le ciel. Une trentaine d\u2019h\u00e9licopt\u00e8re viennent de faire leur apparition au-dessus de la place Tiananmen et forment le chiffre 100 pour marquer le centenaire du Parti. Les invit\u00e9s n\u2019ont pas eu le droit d\u2019amener leur t\u00e9l\u00e9phone portable. Ils demandent aux journalistes de les prendre en photo avec leurs billets d\u2019entr\u00e9e\u00a0<em>collector.<\/em><\/p>\n<p>&nbsp;<\/p>\n<div id=\"tms-ad-inread-7582207392690548\" class=\"tms-ad\">\n<div id=\"divVideoStepAdBottom\" class=\"divVideoStep\"><\/div>\n<\/div>\n<div>\n<div class=\"m-em-video\">\n<div class=\"m-em-video__title a-em-title\">100 ans du parti communiste en Chine : d\u00e9monstration a\u00e9rienne et drapeaux rouges place Tiananmen<\/div>\n<figure class=\"m-figure m-figure--16x9\">\n<div class=\"m-figure__img-wrapper\"><img decoding=\"async\" class=\"m-figure__img td-animation-stack-type0-1\" src=\"https:\/\/s.rfi.fr\/media\/display\/994a3c26-da33-11eb-84dd-005056a97e36\/w:900\/p:16x9\/chine-100-ans-PCC-celebrations.webp\" alt=\"Des \u00e9tudiants agitent le drapeau rouge du Parti communiste chinois sur la place Tiananmen \u00e0 P\u00e9kin, le 1er juillet 2021 pour les c\u00e9l\u00e9brations du centenaire du PCC.\" \/><button class=\"m-main-media-btn\" aria-label=\"Lancer la vid\u00e9o\"><\/button><\/div><figcaption class=\"m-figure__caption\"><span class=\"a-media-legend\">Des \u00e9tudiants agitent le drapeau rouge du Parti communiste chinois sur la place Tiananmen \u00e0 P\u00e9kin, le 1er juillet 2021 pour les c\u00e9l\u00e9brations du centenaire du PCC.<\/span>\u00a0<span class=\"a-media-legend\">AFP \u2013 WANG ZHAO<\/span><\/figcaption><\/figure>\n<\/div>\n<\/div>\n<p>&nbsp;<\/p>\n<p>\u00ab<em>\u00a0Pas de Chine nouvelle, sans le Parti communiste chinois<\/em>\u00a0\u00bb, chantent des \u00e9tudiantes des universit\u00e9s de la capitale. Pas de d\u00e9fil\u00e9 militaire, mais des robes pastels. Le r\u00e9gime entend montrer une image jeune et moderne du Parti, offensive et insistante aussi.<\/p>\n<p>Si certains n\u2019ont toujours pas compris, 100 coups de canons claquent contre les murs du Grand Hall du Peuple. On entend plus un drone voler. \u00ab\u00a0<em>Les Chinois ne sont pas seulement bons pour d\u00e9truire le monde ancien,\u00a0<\/em>d\u00e9clare Xi Jinping du haut des remparts de la Cit\u00e9 interdite.<em>\u00a0Ils sont bons aussi pour en cr\u00e9er un nouveau.<\/em>\u00a0\u00bb \u00ab\u00a0<em>Seul le socialisme aux caract\u00e9ristiques chinoises peut contribuer au d\u00e9veloppement de la Chine<\/em>\u00a0\u00bb, poursuit le pr\u00e9sident chinois devant la place qui applaudit comme un seul homme.<\/p>\n<div id=\"tms-block-573080917038949\" class=\"o-self-promo o-self-promo--app\">\n<div class=\"o-self-promo-wrapper\">\n<p class=\"o-self-promo__text\">Suivez toute l\u2019actualit\u00e9 internationale en t\u00e9l\u00e9chargeant l\u2019application RFI<\/p>\n<\/div>\n<\/div>\n<p>&nbsp;<\/p>\n<h2>\u00ab\u00a0<em>Je suis fi\u00e8re de notre pays<\/em>\u00a0\u00bb<\/h2>\n<p>\u00ab\u00a0<em>Je suis tr\u00e8s touch\u00e9 par le discours prononc\u00e9 par notre pr\u00e9sident et je suis fi\u00e8re de notre pays<\/em>\u00a0\u00bb, dit une \u00e9tudiante. \u00ab\u00a0<em>On\u00a0est tr\u00e8s fier, c\u2019est un grand jour<\/em>\u00a0\u00bb, expliquent ces \u00e9tudiants de l\u2019universit\u00e9 de P\u00e9kin, membres du Parti communiste chinois alors que le ciel s\u2019assombrit. \u00c0\u00a0peine le temps de mettre son prot\u00e8ge pluie que des volontaires vous demandent de l\u2019enlever, C\u2019\u00e9tait d\u00e9j\u00e0 le cas pour les casquettes contre le soleil une heure plut\u00f4t. Eh\u00a0oui, m\u00eame la tenue des participants faisait partie d\u2019un spectacle calibr\u00e9 pour les cam\u00e9ras de la t\u00e9l\u00e9vision nationale de Chine.<\/p>\n<div>\n<div class=\"m-em-video\">\n<figure class=\"m-figure m-figure--16x9\">\n<div class=\"m-figure__img-wrapper\"><img decoding=\"async\" class=\"m-figure__img td-animation-stack-type0-1\" src=\"https:\/\/s.rfi.fr\/media\/display\/2941f900-da47-11eb-8a90-005056a90284\/w:900\/p:16x9\/100%20ans%20PCC.webp\" alt=\"Jeudi 1er juillet, pour les 100 ans du Parti communiste en Chine, la patrouille traverse le ciel lors des c\u00e9l\u00e9brations place Tiananmen, \u00e0 P\u00e9kin.\" \/><button class=\"m-main-media-btn\" aria-label=\"Lancer la vid\u00e9o\"><\/button><\/div><figcaption class=\"m-figure__caption\"><span class=\"a-media-legend\">Jeudi 1er juillet, pour les 100 ans du Parti communiste en Chine, la patrouille traverse le ciel lors des c\u00e9l\u00e9brations place Tiananmen, \u00e0 P\u00e9kin.<\/span>\u00a0<span class=\"a-media-legend\">\u00a9 St\u00e9phane Lagarde\/RFI<\/span><\/figcaption><\/figure>\n<\/div>\n<\/div>\n<p>Cet anniversaire intervient alors que le Parti, qui a gagn\u00e9 2,43 millions de nouveaux membres en 2020, se vante de son succ\u00e8s dans la lutte contre la pand\u00e9mie de Covid-19. Avant de remonter dans les bus, un journaliste de l\u2019agence Chine Nouvelle nous demande si nous avons des grandes manifestations comme cela en Europe. R\u00e9ponse\u00a0: \u00ab\u00a0<em>Oui, mais plut\u00f4t contre les gouvernements.<\/em>\u00a0\u00bb<\/p>\n<p>Avec RFI<\/p>\n<\/div>\n<\/article>\n<\/div>\n<\/div>\n","protected":false},"excerpt":{"rendered":"<p>\u00a0\u00a0\u00a0\u00a0 &nbsp; Le pr\u00e9sident chinois Xi Jinping, en compagnie de son pr\u00e9d\u00e9cesseur Hu Jintao, salue la foule d\u2019\u00e9tudiants rassembl\u00e9s place Tiananmen pour c\u00e9l\u00e9brer le centenaire du Parti communiste chinois, le 1er juillet 2021 \u00e0 P\u00e9kin. Des dizaines de milliers de membres du Parti communiste \u00e9taient rassembl\u00e9s ce jeudi matin 1er juillet place Tiananmen pour c\u00e9l\u00e9brer [&hellip;]<\/p>\n","protected":false},"author":2,"featured_media":9295,"comment_status":"closed","ping_status":"closed","sticky":false,"template":"","format":"standard","meta":{"footnotes":""},"categories":[58],"tags":[],"class_list":{"0":"post-9294","1":"post","2":"type-post","3":"status-publish","4":"format-standard","5":"has-post-thumbnail","7":"category-societe"},"_links":{"self":[{"href":"https:\/\/conakrynews.org\/index.php\/wp-json\/wp\/v2\/posts\/9294","targetHints":{"allow":["GET"]}}],"collection":[{"href":"https:\/\/conakrynews.org\/index.php\/wp-json\/wp\/v2\/posts"}],"about":[{"href":"https:\/\/conakrynews.org\/index.php\/wp-json\/wp\/v2\/types\/post"}],"author":[{"embeddable":true,"href":"https:\/\/conakrynews.org\/index.php\/wp-json\/wp\/v2\/users\/2"}],"replies":[{"embeddable":true,"href":"https:\/\/conakrynews.org\/index.php\/wp-json\/wp\/v2\/comments?post=9294"}],"version-history":[{"count":0,"href":"https:\/\/conakrynews.org\/index.php\/wp-json\/wp\/v2\/posts\/9294\/revisions"}],"wp:featuredmedia":[{"embeddable":true,"href":"https:\/\/conakrynews.org\/index.php\/wp-json\/wp\/v2\/media\/9295"}],"wp:attachment":[{"href":"https:\/\/conakrynews.org\/index.php\/wp-json\/wp\/v2\/media?parent=9294"}],"wp:term":[{"taxonomy":"category","embeddable":true,"href":"https:\/\/conakrynews.org\/index.php\/wp-json\/wp\/v2\/categories?post=9294"},{"taxonomy":"post_tag","embeddable":true,"href":"https:\/\/conakrynews.org\/index.php\/wp-json\/wp\/v2\/tags?post=9294"}],"curies":[{"name":"wp","href":"https:\/\/api.w.org\/{rel}","templated":true}]}}