{"id":9311,"date":"2021-07-02T09:18:42","date_gmt":"2021-07-02T09:18:42","guid":{"rendered":"https:\/\/conakrynews.org\/?p=9311"},"modified":"2021-07-02T12:36:55","modified_gmt":"2021-07-02T12:36:55","slug":"tchad-tension-entre-la-junte-militaire-et-la-commission-de-lunion-africaine","status":"publish","type":"post","link":"https:\/\/conakrynews.org\/index.php\/tchad-tension-entre-la-junte-militaire-et-la-commission-de-lunion-africaine\/","title":{"rendered":"Tchad : tension entre la junte militaire et la commission de l\u2019Union Africaine"},"content":{"rendered":"<div class=\"td-post-header\">\n<header class=\"td-post-title\">\n<h1 class=\"entry-title\"><\/h1>\n<\/header>\n<\/div>\n<div class=\"td-post-sharing td-post-sharing-top \">\n<div class=\"td-default-sharing\"><i class=\"td-icon-facebook\"><\/i>\u00a0<i class=\"td-icon-twitter\"><\/i>\u00a0<i class=\"td-icon-googleplus\"><\/i>\u00a0<i class=\"td-icon-pinterest\"><\/i>\u00a0<i class=\"td-icon-whatsapp\"><\/i><\/div>\n<\/div>\n<div class=\"td-post-content\">\n<div class=\"td-post-featured-image\"><a class=\"td-modal-image\" href=\"https:\/\/liberationinfo.com\/wp-content\/uploads\/2021\/07\/mahamat-idriss-deby-itno-a-n-djamena-lors-du-scrutin-presidentiel-le-11-avri.jpg\" data-caption=\"\"><img loading=\"lazy\" decoding=\"async\" class=\"entry-thumb td-animation-stack-type0-2\" title=\"mahamat-idriss-deby-itno-a-n-djamena-lors-du-scrutin-presidentiel-le-11-avri\" src=\"https:\/\/liberationinfo.com\/wp-content\/uploads\/2021\/07\/mahamat-idriss-deby-itno-a-n-djamena-lors-du-scrutin-presidentiel-le-11-avri-696x464.jpg\" alt=\"\" width=\"696\" height=\"464\" \/><\/a><\/div>\n<div class=\"entry-header\">\n<h1 class=\"jeg_post_title\"><\/h1>\n<div class=\"jeg_meta_container\">\n<div class=\"jeg_post_meta jeg_post_meta_1\">\n<div class=\"meta_right\"><\/div>\n<\/div>\n<\/div>\n<\/div>\n<div class=\"jeg_featured featured_image\">\n<div class=\"thumbnail-container animate-lazy\"><\/div>\n<\/div>\n<div class=\"jeg_share_top_container\">\n<div class=\"jeg_share_button clearfix\">\n<div class=\"jeg_share_stats\"><\/div>\n<div class=\"jeg_sharelist\"><\/div>\n<\/div>\n<\/div>\n<div class=\"jeg_ad jeg_article jnews_content_top_ads \">\n<div class=\"ads-wrapper \"><\/div>\n<\/div>\n<div class=\"entry-content no-share\">\n<div class=\"jeg_share_button share-float jeg_sticky_share clearfix share-monocrhome\">\n<div class=\"jeg_share_float_container\"><\/div>\n<\/div>\n<div class=\"content-inner \">\n<p>C\u2019est une information RFI, le torchon br\u00fble entre le pouvoir de transition et la Commission de l\u2019UA depuis la nomination du S\u00e9n\u00e9galais Ibrahima Fall au poste de Haut repr\u00e9sentant de l\u2019Union africaine pour accompagner la transition. Une nomination dont le Conseil militaire de transition,\u00a0install\u00e9 le 20\u00a0avril, ne veut pas entendre parler. Cette crise qui couvait depuis sa nomination en juin vient d\u2019\u00e9clater au grand jour avec l\u2019annonce d\u2019une visite \u00e0 Ndjamena rejet\u00e9e par les autorit\u00e9s de transition.<\/p>\n<p>Ibrahima Fall faisait le pied de grue \u00e0 Addis-Abeba depuis plusieurs jours. Ses propositions de dates pour une visite de prise de contact avaient \u00e9t\u00e9 courtoisement \u00e9cart\u00e9es par N\u2019Djamena qui avait pr\u00e9text\u00e9 \u00e0 chaque fois un calendrier charg\u00e9. Jusqu\u2019\u00e0 il y a une dizaine de jours lorsqu\u2019on lui a oppos\u00e9 un \u00ab<em>non ferme et d\u00e9finitif<\/em>\u00bb alors qu\u2019il avait programm\u00e9 son arriv\u00e9e pour vendredi dernier, le 25 juin.<\/p>\n<p>Motif invoqu\u00e9\u00a0: \u00ab<em>Le Tchad ne supporte pas les m\u00e9thodes cavali\u00e8res de la pr\u00e9sidence de l\u2019Union africaine<\/em>\u00bb, a justifi\u00e9 un haut responsable de ce pays, qui explique que le gouvernement n\u2019a jamais re\u00e7u une notification en ce sens de la part de l\u2019organisation africaine. \u00ab<em>Nous avons imm\u00e9diatement demand\u00e9 \u00e0 notre ambassade \u00e0 Addis-Abeba de lui dire qu\u2019il n\u2019\u00e9tait pas le bienvenu<\/em>\u00bb, pr\u00e9cise notre source. Une information confirm\u00e9e \u00e0 l\u2019Union africaine.<\/p>\n<div class=\"jeg_ad jeg_ad_article jnews_content_inline_ads \">\n<div class=\"ads-wrapper align-center \">\n<div class=\"ads_code\"><\/div>\n<\/div>\n<\/div>\n<p>Mais le malaise semble plus profond, car N\u2019Djamena remet en cause tr\u00e8s clairement sa nomination. \u00ab<em>On n\u2019est pas contre la personne de Ibrahima Fall, mais on n\u2019accepte pas la m\u00e9thode utilis\u00e9e pour le d\u00e9signer<\/em>\u00bb, nuance le haut responsable tchadien, en fustigeant \u00ab<em>les m\u00e9thodes contraires aux usages diplomatiques de la Commission de l\u2019Union africaine\u00a0lors de sa d\u00e9signation<\/em>.\u00a0\u00bb<\/p>\n<div class=\"google-auto-placed ap_container\"><\/div>\n<p>Principaux reproches selon lui, elle n\u2019a pas consult\u00e9 le Conseil militaire de transition et encore moins<a href=\"https:\/\/www.rfi.fr\/fr\/afrique\/20210628-tchad-le-pr%C3%A9sident-de-la-transition-mahamat-idriss-d%C3%A9by-sort-de-son-silence\" target=\"_self\" rel=\"noopener\"><strong>son pr\u00e9sident, Mahamat Idriss Deby<\/strong><\/a>, lorsque le choix a \u00e9t\u00e9 port\u00e9 sur le S\u00e9n\u00e9galais Ibrahima Fall et elle n\u2019a pas pris \u00ab<em>la peine de nous notifier officiellement de cette nomination<\/em>\u00bb. \u00ab<em>Nous l\u2019avons appris en consultant Facebook<\/em>, s\u2019est-il \u00e9trangl\u00e9, avant de trancher :<em>le Tchad n\u2019est pas sous tutelle de l\u2019UA<\/em>.\u00a0\u00bb<\/p>\n<div id=\"tms-ad-inread-005931433497478711\" class=\"tms-ad\">\n<div id=\"divVideoStepAdBottom\" class=\"divVideoStep\"><strong>L\u2019UA rejette les accusations<\/strong><\/div>\n<\/div>\n<p>Les accusations de non-respect des usages diplomatiques dans la nomination de Ibrahima Fall sont \u00ab<em>totalement fausses<\/em>\u00bb, selon une source autoris\u00e9e de l\u2019Union africaine. \u00ab<em>Deux courriers officiels ont \u00e9t\u00e9 envoy\u00e9s \u00e0 l\u2019ambassade tchadienne \u00e0 Addis-Abeba et au minist\u00e8re des Affaires \u00e9trang\u00e8res \u00e0 N\u2019Djamena pour leur annoncer sa nomination<\/em>\u00bb, explique notre source.<\/p>\n<p>La question a \u00e9t\u00e9 \u00e9galement \u00e9voqu\u00e9e lors de conversations t\u00e9l\u00e9phoniques entre le pr\u00e9sident de la Commission, Moussa Faki, et le pr\u00e9sident du CMT, Mahamat Idriss D\u00e9by, ainsi que lors de sa rencontre avec le Premier ministre tchadien \u00e0 Brazzaville.<\/p>\n<p>L\u2019Union africaine rappelle que lorsque le Conseil militaire de transition prend le pouvoir au Tchad \u00e0 la suite du d\u00e9c\u00e8s de Idriss D\u00e9by Itno le 19 avril dernier, ce pays a b\u00e9n\u00e9fici\u00e9 d\u2019un traitement sp\u00e9cial, \u2013 il n\u2019a pas \u00e9t\u00e9 sanctionn\u00e9 -, \u00e0 cause de la brutalit\u00e9 qui a entour\u00e9 la mort de D\u00e9by, des structures ethniques du pays et de son r\u00f4le politique et militaire dans le Sahel.<\/p>\n<p>Elle a nomm\u00e9 en \u00e9change un Haut repr\u00e9sentant charg\u00e9 de s\u2019assurer que la Charte de transition allait \u00eatre r\u00e9vis\u00e9e, en y incluant notamment le principe de la non-\u00e9ligibilit\u00e9 des membres de la junte militaire ainsi que le respect d\u2019une transition de 18 mois.<\/p>\n<p>Notre source rappelle que si un repr\u00e9sentant r\u00e9sident est soumis \u00e0 l\u2019accord du pays h\u00f4te, \u00e7a n\u2019est pas le cas pour un envoy\u00e9 sp\u00e9cial, \u00ab<em>le Tchad prend un \u00e9norme risque en engageant le bras-de-fer avec l\u2019Union africaine<\/em>\u00bb, pr\u00e9vient-elle.<\/p>\n<p><strong>Le Tchad persiste et signe<\/strong><\/p>\n<p>Mais le Tchad n\u2019en d\u00e9mord pas, officiellement cette fois avec le ministre des Affaires \u00e9trang\u00e8res qui s\u2019est exprim\u00e9 sur RFI jeudi soir, Cherif Mahamat Zene estime consulter les Etats dans de tels cas est une \u00ab<em>question de courtoisie<\/em>\u00bb.<\/p>\n<div id=\"tms-block-6140338773812781\" class=\"o-self-promo o-self-promo--nl\">\n<div class=\"o-self-promo-wrapper\">\u00ab<em>On a bien re\u00e7u une note verbale annon\u00e7ant l\u2019arriv\u00e9e de Ibrahima Fall vendredi dernier \u00e0 N\u2019Djamena<\/em>\u00bb, a expliqu\u00e9 jeudi soir \u00e0 RFI le chef de la diplomatie tchadienne, Cherif Mahamat Zene, \u00ab<em>mais on n\u2019a pas \u00e9t\u00e9 consult\u00e9, ni notifi\u00e9 officiellement de sa nomination<\/em>\u00bb, a-t-il insist\u00e9.<\/div>\n<\/div>\n<p>Quant \u00e0 la conversation t\u00e9l\u00e9phonique entre le pr\u00e9sident de la Commission de l\u2019UA et celui du Conseil militaire de transition, invoqu\u00e9 par une source \u00e0 l\u2019Union africaine, \u00ab<em>elle a eu lieu apr\u00e8s notre refus de recevoir Ibrahima Fall<\/em>\u00bb, assure un haut responsable tchadien.<\/p>\n<p>Mahamat Idriss Deby aurait alors demand\u00e9 \u00e0 Moussa Faki pourquoi il ne l\u2019avait pas consult\u00e9 sur la nomination du Haut repr\u00e9sentant de l\u2019Union africaine, il lui aurait r\u00e9pondu que ce sont \u00ab<em>mes pr\u00e9rogatives<\/em>\u00bb, un mot confirm\u00e9 par le ministre tchadien des Affaires \u00e9trang\u00e8res qui l\u2019a qualifi\u00e9e de \u00ab<em>maladroit<\/em>\u00bb.<\/p>\n<p>\u00ab<em>Inadmissible<\/em>\u00bb pour le Tchad, selon plusieurs personnalit\u00e9s, qui d\u00e9noncent une \u00ab<em>violation des usages diplomatiques<\/em>\u00bb, mais aussi \u00ab<em>une tentative d\u2019humiliation qu\u2019on n\u2019accepte pas, surtout d\u2019un pr\u00e9sident de Commission qui nous conna\u00eet bien puisqu\u2019il est Tchadien lui aussi<\/em>\u00bb.<\/p>\n<div class=\"m-em-audio m-em-audio--in-article\">\n<blockquote class=\"m-em-quote\">\n<p class=\"m-em-quote__body\">LE TCHAD N\u2019A RIEN CONTRE L\u2019UNION AFRICAIN, N\u2019A RIEN CONTRE L\u2019ENVOY\u00c9 SP\u00c9CIAL MAIS IL Y A UN PROBL\u00c8ME TR\u00c8S S\u00c9RIEUX QUI LAISSE PENSER QU\u2019ON PEUT D\u00c9CIDER DU SORT DU TCHAD EN DEHORS DES AUTORIT\u00c9S TCHADIENNES, ET \u00c7A C\u2019EST QUELQUE CHOSE D\u2019INACCEPTABLE.<\/p>\n<\/blockquote>\n<div class=\"a-audio-player-button\"><\/div>\n<div class=\"m-em-audio__show-infos\">\n<p class=\"m-em-audio__show-infos__emission\">Cherif Mahamat Zene, ministre tchadien des Affaires \u00e9trang\u00e8res<\/p>\n<p class=\"m-em-audio__show-infos__metadata\"><span class=\"m-em-audio__show-infos__metadata__author\">Esdras Ndikumana<\/span><\/p>\n<\/div>\n<\/div>\n<p>L\u2019heure est cependant\u00a0toujours au dialogue du c\u00f4t\u00e9 de l\u2018UA, qui envoie son commissaire paix et s\u00e9curit\u00e9 \u00e0 N\u2019Djamena d\u00e8s mercredi et l\u2019ambassadeur nig\u00e9rian \u00e0 Addis-Abeba, \u00e0 la t\u00eate du Conseil paix et s\u00e9curit\u00e9 de l\u2019Union africaine pour juillet, est \u00e9galement attendu \u00e0 N\u2019Djamena ce vendredi 2\u00a0juillet.<\/p>\n<p>Il a pour objectif de tenter de ramener le pouvoir tchadien \u00e0 de meilleurs sentiments. Pas s\u00fbr qu\u2019il y arrive selon notre source, d\u2019autant que cette crise serait exacerb\u00e9e par \u00ab<em>les relations tendues<\/em>\u00bb entre le clan D\u00e9by et le pr\u00e9sident de la Commission de l\u2019UA, le Tchadien Moussa Faki Mahamat. Certains membres de l\u2019entourage du pr\u00e9sident Mahamat Idriss Deby verraient\u00a0en Moussa Faki un rival potentiel pour les prochaines \u00e9lections. Cette source\u00a0a donc tent\u00e9 de les rassurer en assurant que \u00ab<em>Moussa Faki n\u2019a aucune ambition au Tchad<\/em>\u00bb.<\/p>\n<p>&nbsp;<\/p>\n<p><strong>Avec RFI<\/strong><\/p>\n<\/div>\n<\/div>\n<\/div>\n","protected":false},"excerpt":{"rendered":"<p>\u00a0\u00a0\u00a0\u00a0 C\u2019est une information RFI, le torchon br\u00fble entre le pouvoir de transition et la Commission de l\u2019UA depuis la nomination du S\u00e9n\u00e9galais Ibrahima Fall au poste de Haut repr\u00e9sentant de l\u2019Union africaine pour accompagner la transition. Une nomination dont le Conseil militaire de transition,\u00a0install\u00e9 le 20\u00a0avril, ne veut pas entendre parler. Cette crise qui [&hellip;]<\/p>\n","protected":false},"author":2,"featured_media":9312,"comment_status":"closed","ping_status":"closed","sticky":false,"template":"","format":"standard","meta":{"footnotes":""},"categories":[57],"tags":[],"class_list":{"0":"post-9311","1":"post","2":"type-post","3":"status-publish","4":"format-standard","5":"has-post-thumbnail","7":"category-politique"},"_links":{"self":[{"href":"https:\/\/conakrynews.org\/index.php\/wp-json\/wp\/v2\/posts\/9311","targetHints":{"allow":["GET"]}}],"collection":[{"href":"https:\/\/conakrynews.org\/index.php\/wp-json\/wp\/v2\/posts"}],"about":[{"href":"https:\/\/conakrynews.org\/index.php\/wp-json\/wp\/v2\/types\/post"}],"author":[{"embeddable":true,"href":"https:\/\/conakrynews.org\/index.php\/wp-json\/wp\/v2\/users\/2"}],"replies":[{"embeddable":true,"href":"https:\/\/conakrynews.org\/index.php\/wp-json\/wp\/v2\/comments?post=9311"}],"version-history":[{"count":0,"href":"https:\/\/conakrynews.org\/index.php\/wp-json\/wp\/v2\/posts\/9311\/revisions"}],"wp:featuredmedia":[{"embeddable":true,"href":"https:\/\/conakrynews.org\/index.php\/wp-json\/wp\/v2\/media\/9312"}],"wp:attachment":[{"href":"https:\/\/conakrynews.org\/index.php\/wp-json\/wp\/v2\/media?parent=9311"}],"wp:term":[{"taxonomy":"category","embeddable":true,"href":"https:\/\/conakrynews.org\/index.php\/wp-json\/wp\/v2\/categories?post=9311"},{"taxonomy":"post_tag","embeddable":true,"href":"https:\/\/conakrynews.org\/index.php\/wp-json\/wp\/v2\/tags?post=9311"}],"curies":[{"name":"wp","href":"https:\/\/api.w.org\/{rel}","templated":true}]}}