{"id":9326,"date":"2021-07-02T18:26:40","date_gmt":"2021-07-02T18:26:40","guid":{"rendered":"https:\/\/conakrynews.org\/?p=9326"},"modified":"2021-07-03T09:31:35","modified_gmt":"2021-07-03T09:31:35","slug":"notre-anna-a-tous-sen-est-alle-tout-seul","status":"publish","type":"post","link":"https:\/\/conakrynews.org\/index.php\/notre-anna-a-tous-sen-est-alle-tout-seul\/","title":{"rendered":"Notre Anna \u00e0 tous, s&rsquo;en est all\u00e9 tout seul !"},"content":{"rendered":"<p>&nbsp;<\/p>\n<p>Il \u00e9tait l\u00e0, comme d&rsquo;habitude, le jour o\u00fa j&rsquo;ai quitt\u00e9 Conakry pour mon pr\u00e9sent voyage. Mamadou Sa\u00efdou Bah \u00ab\u00a0Anna\u00a0\u00bb \u00e9tait toujours pr\u00e9sent et engag\u00e9 aussi pour ses amis, en homme de toutes les fid\u00e9lit\u00e9s et esclave de toutes ses amiti\u00e9s. Ce moment comme tant d&rsquo;autres avant, ordinaire, banal, apr\u00e8s sa disparition inattendue est maintenant l&rsquo;image ultime de l&rsquo;homme, v\u00e9cue avec une certaine nostalgie et un profond chagrin. Le regard et le sourire complices de l&rsquo;instant d&rsquo;aurevoir sont pour moi le souvenir insupportable d&rsquo;un adieu forc\u00e9 et cruel.<br \/>\nCertes, la mort est le sort de chacun, mais, elle fait aussi notre malheur \u00e0 tous. Apprendre de loin le d\u00e9c\u00e8s d&rsquo;un proche c\u00f4toy\u00e9 au quotidien, est une \u00e9preuve de plus, apr\u00e8s la sensation de deuil ressentie dans cette douloureuse circonstance comme une blessure de l&rsquo;\u00e2me.<br \/>\nPour l&rsquo;ami anonyme et le fr\u00e8re r\u00e9v\u00e9l\u00e9 et r\u00eav\u00e9 que Anna fut jusqu&rsquo;au bout, j&rsquo;ai un sentiment d&rsquo;infinie reconnaissance pour avoir \u00e9t\u00e9 l\u00e0 pour ma famille, mes amis et moi-m\u00eame, surtout pendant les temps difficiles que nous traversons tous dans nos vies.<br \/>\nAnna n&rsquo;a jamais chang\u00e9, ni vari\u00e9, au contraire, c&rsquo;est lorsque tout le monde doute et se montre distant que lui, est le plus d\u00e9termin\u00e9 et acharn\u00e9 \u00e0 d\u00e9fendre encore l&rsquo;ami, sans jamais d\u00e9semaprer, ni se poser la question de savoir ce qu&rsquo;il gagne ou pourrait souvent perdre.<br \/>\nIl ne pensait pas beaucoup \u00e0 lui, vou\u00e9 qu&rsquo;il \u00e9tait \u00e0 servir les autres et \u00e0 manifester \u00e0 ses amis et ses soutiens sa solidarit\u00e9 et sa loyaut\u00e9. A ses yeux, c\u2019\u00e9tait la marque de sa gratitude, mais surtout la preuve qu&rsquo;il est un homme de grande dignit\u00e9, profond\u00e9ment attach\u00e9 \u00e0 son honneur.<br \/>\nA-t-il vu la mort venir, distrait par la vie et pr\u00e9occup\u00e9 par et pour les autres ?<br \/>\nDans la solitude de son domicile, lui qui disait ne pas aimer \u00ab\u00a0d\u00e9ranger\u00a0\u00bb, et avait donc des fr\u00e9quentations bien choisies, pleinement assum\u00e9es, est parti loin des bruits de la cit\u00e9, litt\u00e9ralement coup\u00e9 aussi d&rsquo;une soci\u00e9t\u00e9 o\u00fa il a v\u00e9cu dans la grandeur des h\u00e9ros anonymes et le bonheur des personnes qui aiment les autres et y trouvent leur raison de vivre et de croire.<br \/>\nAnna a v\u00e9cu comme il voulait, libre et incontr\u00f4lable, dans l&rsquo;insouciance des innocents et la na\u00efvet\u00e9 des personnes d\u00e9sint\u00e9ress\u00e9es.<br \/>\nMais il a d\u00fb subir la mort, bien qu\u2019en g\u00e9n\u00e9ral vigilant et tr\u00e8s m\u00e9fiant. Cette fois-ci , alors qu&rsquo;il vit d\u2019habitude entour\u00e9 des autres, au-del\u00e0 de sa vuln\u00e9rabilit\u00e9 naturelle, personne n&rsquo;a pu le secourir. Ce sera l&rsquo;\u00e9ternel regret, car on ne se r\u00e9signera jamais \u00e0 accepter que nous vivons pour mourir. C&rsquo;est le go\u00fbt de la vie, en attendant la revanche de la mort.<br \/>\nTu nous manqueras Anna, parce qu&rsquo;on ne t&rsquo;oubliera pas, toi qui n&rsquo;a jamais \u00e9t\u00e9 absent et nous a r\u00e9concili\u00e9 avec l&rsquo;amiti\u00e9 qui dure et ne finit pas.<\/p>\n<p>Tibou Kamara<\/p>\n","protected":false},"excerpt":{"rendered":"<p>&nbsp; Il \u00e9tait l\u00e0, comme d&rsquo;habitude, le jour o\u00fa j&rsquo;ai quitt\u00e9 Conakry pour mon pr\u00e9sent voyage. Mamadou Sa\u00efdou Bah \u00ab\u00a0Anna\u00a0\u00bb \u00e9tait toujours pr\u00e9sent et engag\u00e9 aussi pour ses amis, en homme de toutes les fid\u00e9lit\u00e9s et esclave de toutes ses amiti\u00e9s. Ce moment comme tant d&rsquo;autres avant, ordinaire, banal, apr\u00e8s sa disparition inattendue est maintenant [&hellip;]<\/p>\n","protected":false},"author":2,"featured_media":8415,"comment_status":"closed","ping_status":"closed","sticky":false,"template":"","format":"standard","meta":{"footnotes":""},"categories":[58],"tags":[],"class_list":{"0":"post-9326","1":"post","2":"type-post","3":"status-publish","4":"format-standard","5":"has-post-thumbnail","7":"category-societe"},"_links":{"self":[{"href":"https:\/\/conakrynews.org\/index.php\/wp-json\/wp\/v2\/posts\/9326","targetHints":{"allow":["GET"]}}],"collection":[{"href":"https:\/\/conakrynews.org\/index.php\/wp-json\/wp\/v2\/posts"}],"about":[{"href":"https:\/\/conakrynews.org\/index.php\/wp-json\/wp\/v2\/types\/post"}],"author":[{"embeddable":true,"href":"https:\/\/conakrynews.org\/index.php\/wp-json\/wp\/v2\/users\/2"}],"replies":[{"embeddable":true,"href":"https:\/\/conakrynews.org\/index.php\/wp-json\/wp\/v2\/comments?post=9326"}],"version-history":[{"count":0,"href":"https:\/\/conakrynews.org\/index.php\/wp-json\/wp\/v2\/posts\/9326\/revisions"}],"wp:featuredmedia":[{"embeddable":true,"href":"https:\/\/conakrynews.org\/index.php\/wp-json\/wp\/v2\/media\/8415"}],"wp:attachment":[{"href":"https:\/\/conakrynews.org\/index.php\/wp-json\/wp\/v2\/media?parent=9326"}],"wp:term":[{"taxonomy":"category","embeddable":true,"href":"https:\/\/conakrynews.org\/index.php\/wp-json\/wp\/v2\/categories?post=9326"},{"taxonomy":"post_tag","embeddable":true,"href":"https:\/\/conakrynews.org\/index.php\/wp-json\/wp\/v2\/tags?post=9326"}],"curies":[{"name":"wp","href":"https:\/\/api.w.org\/{rel}","templated":true}]}}