{"id":9329,"date":"2021-07-03T08:04:32","date_gmt":"2021-07-03T08:04:32","guid":{"rendered":"https:\/\/conakrynews.org\/?p=9329"},"modified":"2021-07-03T09:31:23","modified_gmt":"2021-07-03T09:31:23","slug":"guinee-education-la-publication-du-calendrier-des-examens-nationaux-session-2021-suscite-des-reactions-au-sein-de-lopinion-nationale","status":"publish","type":"post","link":"https:\/\/conakrynews.org\/index.php\/guinee-education-la-publication-du-calendrier-des-examens-nationaux-session-2021-suscite-des-reactions-au-sein-de-lopinion-nationale\/","title":{"rendered":"Guin\u00e9e\/Education : La publication du calendrier des examens nationaux session 2021 suscite des r\u00e9actions au sein de l\u2019opinion nationale"},"content":{"rendered":"<h1 class=\"name post-title entry-title\"><\/h1>\n<div class=\"clear\"><\/div>\n<div class=\"entry\">\n<p>Au lendemain de la publication du calendrier des examens nationaux session 2021 en Guin\u00e9e, plusieurs voix se sont lev\u00e9es au niveau du corps des enseignants et \u00e9l\u00e8ves pour critiquer ce programme \u00e9tabli par les autorit\u00e9s en charge de l\u2019\u00e9ducation nationale.<\/p>\n<p>Face \u00e0 cette situation, Abdoul Salam Diallo \u00e9l\u00e8ve en classe d\u2019examen, se dit pas pr\u00eat pour affronter l\u2019examen d\u2019entr\u00e9e en 7\u00e8me ann\u00e9e.<\/p>\n<p>\u00ab\u00a0Avec cet emploi du temps, je ne suis pas s\u00fbr que les enfants que nous sommes pourrons affronter l\u2019examen en cette p\u00e9riode des grandes pluies. Je pense que c\u2019est pourquoi \u00e7a toujours commenc\u00e9 par les \u00e9l\u00e8ves de la 6\u00e8me ann\u00e9e, parce que ce n\u2019est pas facile avec l\u2019inondation dans notre ville. Donc je demande \u00e0 l\u2019\u00c9tat de revoir cela\u00a0\u00bb. Dit-il<\/p>\n<p>&nbsp;<\/p>\n<p>Pour Mohamed Lamine Yansan\u00e9\u00a0enseignant en 6<sup>\u00e8me<\/sup>ann\u00e9e soutien que le chef de l\u2019Etat doit donner des instructions mais, passer par les m\u00e9dias pour dire qu\u2019il donne des instructions fermes \u00e9tant donn\u00e9 que c\u2019est le travail du d\u00e9partement de l\u2019\u00e9ducation nationale.<\/p>\n<p>&nbsp;<\/p>\n<p>\u00ab\u00a0Le ministre qui repr\u00e9sente le d\u00e9partement est l\u00e0 pour \u00e7a. Si c\u2019est le pr\u00e9sident lui-m\u00eame qui s\u2019\u00e9rige en ministre, l\u00e0 c\u2019est un peu mal vu. Mais qu\u2019\u00e0 cela ne tienne, nous nous tenons \u00e0 ce que \u00e7a se passe dans les meilleures conditions &gt;&gt; explique-t-il.<\/p>\n<p>&nbsp;<\/p>\n<p>De son c\u00f4t\u00e9, le responsable du\u00a0groupe scolaire la Merveille \u00c9cole est revenu sur la situation des candidats de son \u00e9cole qui doivent affront\u00e9s les examens.<\/p>\n<p>&nbsp;<\/p>\n<p>&lt;&lt; On n\u2019a appris la nouvelle. Mais on n\u2019a pas officiellement re\u00e7u le calendrier de l\u2019\u00c9tat. On se pr\u00e9pare cons\u00e9quemment pour les examens \u00e0 venir. D\u00e9j\u00e0 dans l\u2019ex\u00e9cution des programmes scolaires, nous sommes \u00e0 100%. Et on n\u2019a m\u00eame repris les cours de r\u00e9vision avec les \u00e9l\u00e8ves sous forme de semi internat pendant cette p\u00e9riode pour les candidats d\u2019entr\u00e9e en 7<sup>\u00e8me<\/sup>\u00a0\u00a0ann\u00e9e\u00a0\u00bb.<\/p>\n<p>&nbsp;<\/p>\n<p>\u00ab\u00a0Par rapport au changement de la pyramide du d\u00e9roulement habituel des examens. Au fond c\u2019est une d\u00e9cision qui n\u2019est pas mal, de commencer par ceux du baccalaur\u00e9at et finir par ceux de la 6<sup>\u00e8me<\/sup>\u00a0ann\u00e9e. Cependant les parents se sont plaints \u00e0 propos des tous petits. On supposait qu\u2019on devait commencer par ceux-ci, mais la pyramide a chang\u00e9 et on va s\u2019y adapter\u00a0\u00bb.A-t-il soulign\u00e9 Alpha Soumah<\/p>\n<p>&nbsp;<\/p>\n<p>\u00c0 noter que la publication du calendrier des examens nationaux session 2021 le 1<sup>er<\/sup>\u00a0juillet dernier est la suite logique des instructions du pr\u00e9sident de la R\u00e9publique le professeur Alpha Cond\u00e9 lors de l\u2019avant dernier conseil des ministres \u00e0 son premier ministre.<\/p>\n<p><strong>\u00a0<\/strong><\/p>\n<p><strong>Sory Camara pour Guin\u00e9equotidien.com<\/strong><\/p>\n<\/div>\n","protected":false},"excerpt":{"rendered":"<p>Au lendemain de la publication du calendrier des examens nationaux session 2021 en Guin\u00e9e, plusieurs voix se sont lev\u00e9es au niveau du corps des enseignants et \u00e9l\u00e8ves pour critiquer ce programme \u00e9tabli par les autorit\u00e9s en charge de l\u2019\u00e9ducation nationale. Face \u00e0 cette situation, Abdoul Salam Diallo \u00e9l\u00e8ve en classe d\u2019examen, se dit pas pr\u00eat [&hellip;]<\/p>\n","protected":false},"author":2,"featured_media":9330,"comment_status":"closed","ping_status":"closed","sticky":false,"template":"","format":"standard","meta":{"footnotes":""},"categories":[58],"tags":[],"class_list":{"0":"post-9329","1":"post","2":"type-post","3":"status-publish","4":"format-standard","5":"has-post-thumbnail","7":"category-societe"},"_links":{"self":[{"href":"https:\/\/conakrynews.org\/index.php\/wp-json\/wp\/v2\/posts\/9329","targetHints":{"allow":["GET"]}}],"collection":[{"href":"https:\/\/conakrynews.org\/index.php\/wp-json\/wp\/v2\/posts"}],"about":[{"href":"https:\/\/conakrynews.org\/index.php\/wp-json\/wp\/v2\/types\/post"}],"author":[{"embeddable":true,"href":"https:\/\/conakrynews.org\/index.php\/wp-json\/wp\/v2\/users\/2"}],"replies":[{"embeddable":true,"href":"https:\/\/conakrynews.org\/index.php\/wp-json\/wp\/v2\/comments?post=9329"}],"version-history":[{"count":0,"href":"https:\/\/conakrynews.org\/index.php\/wp-json\/wp\/v2\/posts\/9329\/revisions"}],"wp:featuredmedia":[{"embeddable":true,"href":"https:\/\/conakrynews.org\/index.php\/wp-json\/wp\/v2\/media\/9330"}],"wp:attachment":[{"href":"https:\/\/conakrynews.org\/index.php\/wp-json\/wp\/v2\/media?parent=9329"}],"wp:term":[{"taxonomy":"category","embeddable":true,"href":"https:\/\/conakrynews.org\/index.php\/wp-json\/wp\/v2\/categories?post=9329"},{"taxonomy":"post_tag","embeddable":true,"href":"https:\/\/conakrynews.org\/index.php\/wp-json\/wp\/v2\/tags?post=9329"}],"curies":[{"name":"wp","href":"https:\/\/api.w.org\/{rel}","templated":true}]}}