{"id":9352,"date":"2021-07-03T09:59:37","date_gmt":"2021-07-03T09:59:37","guid":{"rendered":"https:\/\/conakrynews.org\/?p=9352"},"modified":"2021-07-03T10:00:59","modified_gmt":"2021-07-03T10:00:59","slug":"guinee-vers-la-liberation-des-detenus-politiques","status":"publish","type":"post","link":"https:\/\/conakrynews.org\/index.php\/guinee-vers-la-liberation-des-detenus-politiques\/","title":{"rendered":"Guin\u00e9e: Vers la lib\u00e9ration des d\u00e9tenus politiques"},"content":{"rendered":"<div class=\"td-g-rec td-g-rec-id-content_top td_uid_2_60e033cedff36_rand td_block_template_1\"><\/div>\n<div dir=\"ltr\" data-setdir=\"false\">Apr\u00e8s plus d\u2019un an de prison pour les uns et plusieurs mois pour d\u2019autres, les prisonniers politiques arr\u00eat\u00e9s\u00a0 entre 2020 et 2021 et jeter en prison pour s\u2019\u00eatre oppos\u00e9 au troisi\u00e8me mandat du Pr\u00e9sident Alpha Cond\u00e9 recouvreront bient\u00f4t leur libert\u00e9. En tout cas, une source diplomate sous le couvert de l\u2019anonymat confie que le balai diplomatiques des diplomates des Nations-Unies n\u2019a pas \u00e9t\u00e9 vain.<\/div>\n<div dir=\"ltr\" data-setdir=\"false\">Le Pr\u00e9sident Alpha Cond\u00e9 qui a une patate chaude en main avec des d\u00e9tenus malades et dont certains ont trouv\u00e9 la mort en prison, aurait selon la m\u00eame source l\u00e2cher du lest, en acceptant le principe de lib\u00e9rer les d\u00e9tenus politiques. Il reste \u00e0 pr\u00e9sent la forme. En tout cas, la proc\u00e9dure judiciaire serait en passe d\u2019\u00eatre abandonn\u00e9e et pour cause. Il sera difficile pour le gouvernement de d\u00e9montrer la preuve des accusations, m\u00eame si\u00a0Saint Just n\u2019avait pas tort de dire\u00a0 qu\u2019:<em>\u00a0\u00ab\u00a0un peuple n\u2019a qu\u2019un ennemi dangereux, c\u2019est son gouvernement\u00a0\u00bb.<\/em><\/div>\n<div dir=\"ltr\" data-setdir=\"false\">\n<div>\n<div dir=\"ltr\"><\/div>\n<div dir=\"ltr\" data-setdir=\"false\">Mais comme le dit aussi\u00a0 un proverbe Fran\u00e7ais, \u00ab le temps, c\u2019est comme une lime qui travaille sans bruit.\u00a0\u00bb<\/div>\n<div dir=\"ltr\">\n<div dir=\"ltr\" data-setdir=\"false\">\n<p>Pour sa part, le Pr\u00e9sident Alpha Cond\u00e9 doit m\u00e9diter sur cette r\u00e9flexion du\u00a0 h\u00e9ros de la lutte contre l\u2019apartheid,\u00a0 Nelson Mandela soutenait je cite que \u00ab\u00a0Personne ne nait en d\u00e9testant les autres \u00e0 cause de la couleur de leur peau, ou ses origines ou sa religion. Les gens doivent apprendre la haine et on peut leur apprendre \u00e0 aimer car l\u2019amour na\u00eet plus naturellement dans le c\u0153ur de l\u2019homme que son contraire.<\/p>\n<div><\/div>\n<div dir=\"ltr\" data-setdir=\"false\">Le\u00a0 m\u00eame\u00a0\u00a0Nelson Mandela, affirmait dans son livre \u00ab\u00a0Un long chemin vers la libert\u00e9 paru en 1996 ce qui suit: \u00a0\u00bb\u00a0Etre libre, ce n\u2019est pas seulement se d\u00e9barrasser de ses cha\u00eenes ; c\u2019est vivre d\u2019une fa\u00e7on qui respecte et renforce la libert\u00e9 des autres\u00a0\u00bb.<\/div>\n<\/div>\n<\/div>\n<\/div>\n<\/div>\n<div dir=\"ltr\" data-setdir=\"false\">\n<div>\n<div dir=\"ltr\"><\/div>\n<div dir=\"ltr\" data-setdir=\"false\">En d\u00e9finitive, les prisonniers politiques encore en vie dans les prisons \u00e0 travers le pays doivent aussi retenir ces r\u00e9flexions du m\u00eame\u00a0Mandela qui affirmait: \u00a0\u00bb la plus grande gloire n\u2019est pas de ne jamais tomber, mais de se relever \u00e0 chaque chute\u00a0\u00bb et d\u2019ajouter qu\u2019un \u00eatre humain, c\u2019est un \u00eatre de lumi\u00e8re libre, qui se fait braise quand il tombe, qui se fait incendie quand il se rel\u00e8ve\u00a0\u00bb.<\/div>\n<div dir=\"ltr\" data-setdir=\"false\"><\/div>\n<div dir=\"ltr\" data-setdir=\"false\"><b>Pour terminer, selon les d\u00e9comptes d\u2019un avocat des prisonniers politiques, en la personne de Me Salif B\u00e9avogui, plus de 400 personnes arr\u00eat\u00e9es entre\u00a0<\/b><b>2020 et 2021 suite \u00e0 l\u2019organisation du referendum contest\u00e9, des l\u00e9gislatives et de la\u00a0<\/b><b>pr\u00e9sidentielle,\u00a0<\/b><b>\u00a0croupissent toujours dans les prisons dont beaucoup sont\u00a0 malades. D\u2019autres moins chanceux, ont trouv\u00e9 la mort en prison dans des conditions atroces.<\/b><\/div>\n<div dir=\"ltr\" data-setdir=\"false\"><b>\u00a0<\/b><\/div>\n<div dir=\"ltr\" data-setdir=\"false\"><b>Guineelive.com<\/b><\/div>\n<\/div>\n<\/div>\n","protected":false},"excerpt":{"rendered":"<p>Apr\u00e8s plus d\u2019un an de prison pour les uns et plusieurs mois pour d\u2019autres, les prisonniers politiques arr\u00eat\u00e9s\u00a0 entre 2020 et 2021 et jeter en prison pour s\u2019\u00eatre oppos\u00e9 au troisi\u00e8me mandat du Pr\u00e9sident Alpha Cond\u00e9 recouvreront bient\u00f4t leur libert\u00e9. En tout cas, une source diplomate sous le couvert de l\u2019anonymat confie que le balai [&hellip;]<\/p>\n","protected":false},"author":2,"featured_media":9354,"comment_status":"closed","ping_status":"closed","sticky":false,"template":"","format":"standard","meta":{"footnotes":""},"categories":[57],"tags":[],"class_list":{"0":"post-9352","1":"post","2":"type-post","3":"status-publish","4":"format-standard","5":"has-post-thumbnail","7":"category-politique"},"_links":{"self":[{"href":"https:\/\/conakrynews.org\/index.php\/wp-json\/wp\/v2\/posts\/9352","targetHints":{"allow":["GET"]}}],"collection":[{"href":"https:\/\/conakrynews.org\/index.php\/wp-json\/wp\/v2\/posts"}],"about":[{"href":"https:\/\/conakrynews.org\/index.php\/wp-json\/wp\/v2\/types\/post"}],"author":[{"embeddable":true,"href":"https:\/\/conakrynews.org\/index.php\/wp-json\/wp\/v2\/users\/2"}],"replies":[{"embeddable":true,"href":"https:\/\/conakrynews.org\/index.php\/wp-json\/wp\/v2\/comments?post=9352"}],"version-history":[{"count":0,"href":"https:\/\/conakrynews.org\/index.php\/wp-json\/wp\/v2\/posts\/9352\/revisions"}],"wp:featuredmedia":[{"embeddable":true,"href":"https:\/\/conakrynews.org\/index.php\/wp-json\/wp\/v2\/media\/9354"}],"wp:attachment":[{"href":"https:\/\/conakrynews.org\/index.php\/wp-json\/wp\/v2\/media?parent=9352"}],"wp:term":[{"taxonomy":"category","embeddable":true,"href":"https:\/\/conakrynews.org\/index.php\/wp-json\/wp\/v2\/categories?post=9352"},{"taxonomy":"post_tag","embeddable":true,"href":"https:\/\/conakrynews.org\/index.php\/wp-json\/wp\/v2\/tags?post=9352"}],"curies":[{"name":"wp","href":"https:\/\/api.w.org\/{rel}","templated":true}]}}