{"id":9361,"date":"2021-07-04T11:29:54","date_gmt":"2021-07-04T11:29:54","guid":{"rendered":"https:\/\/conakrynews.org\/?p=9361"},"modified":"2021-07-04T12:42:20","modified_gmt":"2021-07-04T12:42:20","slug":"energiesemaine-de-lelectricite-les-etudiants-de-sonfonia-sensibilises-sur-les-enjeux","status":"publish","type":"post","link":"https:\/\/conakrynews.org\/index.php\/energiesemaine-de-lelectricite-les-etudiants-de-sonfonia-sensibilises-sur-les-enjeux\/","title":{"rendered":"Energie:\u2039\u2039Semaine de l&rsquo;Electricit\u00e9\u203a\u203a, les \u00c9tudiants de Sonfonia sensibilis\u00e9s sur\u00a0les enjeux"},"content":{"rendered":"<div dir=\"auto\">\n<p><img loading=\"lazy\" decoding=\"async\" class=\"alignright size-medium wp-image-9370\" src=\"https:\/\/conakrynews.org\/wp-content\/uploads\/2021\/07\/20210703_110237-750x430-2-515x295.jpg\" alt=\"\" width=\"515\" height=\"295\" srcset=\"https:\/\/conakrynews.org\/wp-content\/uploads\/2021\/07\/20210703_110237-750x430-2-515x295.jpg 515w, https:\/\/conakrynews.org\/wp-content\/uploads\/2021\/07\/20210703_110237-750x430-2.jpg 750w\" sizes=\"auto, (max-width: 515px) 100vw, 515px\" \/><\/p>\n<p>Le projet phare appel\u00e9 \u2039\u2039 Semaine de l&rsquo;Electricit\u00e9\u203a\u203alanc\u00e9 par les\u00a0 autorit\u00e9s en charge de l&rsquo;\u00e9nergie depuis la semaine derni\u00e8re se poursuit \u00e0 Conakry et ses environnants. Ce samedi, 3 juillet 2021, l&rsquo;\u00e9quipe d\u00e9ploy\u00e9e sur le terrain \u00e9tait \u00e0 l&rsquo;Universit\u00e9\u00a0 \u00a0l\u2019Universit\u00e9 G\u00e9n\u00e9ral Lansana Cont\u00e9 de Sonfonia pour\u00a0 sensibiliser des \u00c9tudiants par rapport aux enjeux \u00e9nerg\u00e9tiques en R\u00e9publique de Guin\u00e9e.<\/p>\n<div>\n<div>\n<div><\/div>\n<\/div>\n<\/div>\n<\/div>\n<p>Prennant la parole, le Recteur de l\u2019Universit\u00e9 G\u00e9n\u00e9ral Lansana Cont\u00e9 de Sonfonia, Professeur Amadou Oury bah, a salu\u00e9 l\u2019engagement sans faille du pr\u00e9sident de la R\u00e9publique qui a voulu faire l\u2019acc\u00e8s \u00e0 l\u2019\u00e9lectricit\u00e9 pour tous depuis son av\u00e8nement \u00e0 la t\u00eate de la magistrature supr\u00eame de notre pays.<\/p>\n<p>\u00abAujourd\u2019hui, tous les Guin\u00e9ens s\u2019enorgueillissent du fait que le courant \u00e9lectrique sera bient\u00f4t \u00e0 la port\u00e9e de tous citoyens et m\u00eame ceux des pays voisins. Electricit\u00e9 en abondance, de fa\u00e7on r\u00e9guli\u00e8re telle que r\u00e9clam\u00e9e par la population guin\u00e9enne en g\u00e9n\u00e9rale \u00bb, a\u00a0 indiqu\u00e9 le recteur de l&rsquo;Universit\u00e9 G\u00e9n\u00e9ral Lansana Cont\u00e9 de Sonfonia,<\/p>\n<p>Dr Cheick N\u2019Faly Fall Cissoko, directeur national de l\u2019\u00e9nergie et repr\u00e9sentant de\u00a0 la ministre de l\u2019Energie \u00e0 cette rencontre, a soulign\u00e9 :\u00ab Ceux qui ont connu EDG d\u2019avant, qu\u2019ils viennent voir la prouesse de la soci\u00e9t\u00e9 avec les moyens dont-elle dispose, ils verront r\u00e9ellement que le bon chemin est l\u00e0 \u00bb, a-t-il\u00a0 soulign\u00e9.<\/p>\n<p>Pour clore son intervention, il a dit :\u2039\u2039 l\u2019Etat a l\u2019obligation de donner le courant, l\u2019EDG aussi a l\u2019obligation de le distribuer \u00e0 la population qui a le devoir de payer sa facture afin que l\u2019entreprise puisse survivre et que l\u2019Etat puisse diminuer sa grande subvention\u203a\u203a, a expliqu\u00e9 le repr\u00e9sentant de la ministre de l&rsquo;\u00e9nergie.<\/p>\n<p>&nbsp;<\/p>\n<div dir=\"auto\">\n<p>\u00a0Le Directeur G\u00e9n\u00e9ral dd l&rsquo;\u00e9lectricit\u00e9 de Guin\u00e9e (EDG)<img loading=\"lazy\" decoding=\"async\" class=\"alignright size-medium wp-image-9367\" src=\"https:\/\/conakrynews.org\/wp-content\/uploads\/2021\/07\/20210703_131954-768x432-1-515x290.jpg\" alt=\"\" width=\"515\" height=\"290\" srcset=\"https:\/\/conakrynews.org\/wp-content\/uploads\/2021\/07\/20210703_131954-768x432-1-515x290.jpg 515w, https:\/\/conakrynews.org\/wp-content\/uploads\/2021\/07\/20210703_131954-768x432-1.jpg 768w\" sizes=\"auto, (max-width: 515px) 100vw, 515px\" \/>, Bangaly Matty,\u00a0 a\u00a0 d\u00e9clar\u00e9\u00a0 que la semaine de l\u2019\u00e9lectricit\u00e9 rentre en droite ligne avec la strat\u00e9gie globale de l\u2019EDG qui consiste \u00e0 op\u00e9rer sur quatre axes principaux qui sont entre autres, la r\u00e9duction de la subvention de l\u2019Etat, la s\u00e9curisation des recettes, le renforcement des capacit\u00e9s et l\u2019engagement des parties prenantes.<\/p>\n<div>\n<div>\n<div>\n<div><\/div>\n<\/div>\n<\/div>\n<\/div>\n<p>De poursuivre,il a dit: \u00ab Cette semaine est ax\u00e9e principalement sur l\u2019engagement des parties prenantes qui veut dire en quelque sorte avoir des journ\u00e9es portes ouvertes avec toutes les personnes qui sont de pr\u00eat ou de loin m\u00eal\u00e9es au bon fonctionnement de notre syst\u00e8me \u00e9lectrique du pays \u00bb.<\/p>\n<div><\/div>\n<div>\n<div>\n<div>\n<div><\/div>\n<\/div>\n<\/div>\n<\/div>\n<p>\u00ab Tous les \u00e9tudiants partageaient le contenu du message. En gros, le commentaire disait qu\u2019EDG coupait le courant pendant la rupture du je\u00fbne ainsi que lors des matchs de football. Mais apr\u00e8s mon expos\u00e9, il y a 70% des \u00e9tudiants qui n\u2019ont pas lev\u00e9 la main par rapport au m\u00eame sentiment. Il n\u2019est rest\u00e9 que 30% d\u2019\u00e9tudiants que nous invitons au prochain expos\u00e9 qui se tiendra \u00e0 l\u2019Universit\u00e9 Gamal Abdel Nasser de Conakry ou \u00e0 travers des \u00e9changes \u00e9crits sur notre page Facebook. De 100% des \u00e9tudiants, nous nous sommes retrouv\u00e9s \u00e0 30%, c\u2019est un r\u00e9sultat salutaire qui nous r\u00e9conforte \u00bb, a affirm\u00e9 le directeur g\u00e9n\u00e9ral de l&rsquo;\u00e9lectricit\u00e9 de Guin\u00e9e (EDG).<\/p>\n<p>En r\u00e9ponse,des \u00e9tudiants de l&rsquo;Universit\u00e9 G\u00e9n\u00e9rale de Sonfonia\u00a0 ont avou\u00e9 que\u00a0 ce colloque leur a permis d\u2019\u00eatre Suffisamment inform\u00e9s\u00a0 par la distribution et\u00a0 la consommation de l\u2019\u00e9lectricit\u00e9 en Guin\u00e9e.<\/p>\n<p>A rappeler que cette \u2039\u2039Semaine de l&rsquo;Electricit\u00e9\u203a\u203a a \u00e9t\u00e9\u00a0 \u00a0lanc\u00e9e depuis\u00a0 le 29 juin \u00e0 Conakry,et elle\u00a0 sera cl\u00f4tur\u00e9e\u00a0 le\u00a0 8 juillet 2021.<\/p>\n<\/div>\n<p>&nbsp;<\/p>\n<p>Sylla Ibrahima Kalil pour\u00a0<a href=\"https:\/\/conakrynews.org\/\" target=\"_blank\" rel=\"noopener noreferrer\" data-saferedirecturl=\"https:\/\/www.google.com\/url?q=https:\/\/conakrynews.org&amp;source=gmail&amp;ust=1625484194474000&amp;usg=AFQjCNF7JBCv_VQyOnkhcMa9FMDVFg6O-Q\">www.conakrynews.org<\/a>\u00a0625444534<\/p>\n","protected":false},"excerpt":{"rendered":"<p>Le projet phare appel\u00e9 \u2039\u2039 Semaine de l&rsquo;Electricit\u00e9\u203a\u203alanc\u00e9 par les\u00a0 autorit\u00e9s en charge de l&rsquo;\u00e9nergie depuis la semaine derni\u00e8re se poursuit \u00e0 Conakry et ses environnants. Ce samedi, 3 juillet 2021, l&rsquo;\u00e9quipe d\u00e9ploy\u00e9e sur le terrain \u00e9tait \u00e0 l&rsquo;Universit\u00e9\u00a0 \u00a0l\u2019Universit\u00e9 G\u00e9n\u00e9ral Lansana Cont\u00e9 de Sonfonia pour\u00a0 sensibiliser des \u00c9tudiants par rapport aux enjeux \u00e9nerg\u00e9tiques en [&hellip;]<\/p>\n","protected":false},"author":2,"featured_media":9367,"comment_status":"closed","ping_status":"closed","sticky":false,"template":"","format":"standard","meta":{"footnotes":""},"categories":[58],"tags":[],"class_list":{"0":"post-9361","1":"post","2":"type-post","3":"status-publish","4":"format-standard","5":"has-post-thumbnail","7":"category-societe"},"_links":{"self":[{"href":"https:\/\/conakrynews.org\/index.php\/wp-json\/wp\/v2\/posts\/9361","targetHints":{"allow":["GET"]}}],"collection":[{"href":"https:\/\/conakrynews.org\/index.php\/wp-json\/wp\/v2\/posts"}],"about":[{"href":"https:\/\/conakrynews.org\/index.php\/wp-json\/wp\/v2\/types\/post"}],"author":[{"embeddable":true,"href":"https:\/\/conakrynews.org\/index.php\/wp-json\/wp\/v2\/users\/2"}],"replies":[{"embeddable":true,"href":"https:\/\/conakrynews.org\/index.php\/wp-json\/wp\/v2\/comments?post=9361"}],"version-history":[{"count":0,"href":"https:\/\/conakrynews.org\/index.php\/wp-json\/wp\/v2\/posts\/9361\/revisions"}],"wp:featuredmedia":[{"embeddable":true,"href":"https:\/\/conakrynews.org\/index.php\/wp-json\/wp\/v2\/media\/9367"}],"wp:attachment":[{"href":"https:\/\/conakrynews.org\/index.php\/wp-json\/wp\/v2\/media?parent=9361"}],"wp:term":[{"taxonomy":"category","embeddable":true,"href":"https:\/\/conakrynews.org\/index.php\/wp-json\/wp\/v2\/categories?post=9361"},{"taxonomy":"post_tag","embeddable":true,"href":"https:\/\/conakrynews.org\/index.php\/wp-json\/wp\/v2\/tags?post=9361"}],"curies":[{"name":"wp","href":"https:\/\/api.w.org\/{rel}","templated":true}]}}