{"id":9375,"date":"2021-07-04T12:15:09","date_gmt":"2021-07-04T12:15:09","guid":{"rendered":"https:\/\/conakrynews.org\/?p=9375"},"modified":"2021-07-04T12:41:32","modified_gmt":"2021-07-04T12:41:32","slug":"la-reprise-de-la-cooperation-entre-armees-francaise-et-malienne-un-besoin-reciproque","status":"publish","type":"post","link":"https:\/\/conakrynews.org\/index.php\/la-reprise-de-la-cooperation-entre-armees-francaise-et-malienne-un-besoin-reciproque\/","title":{"rendered":"La reprise de la coop\u00e9ration entre arm\u00e9es fran\u00e7aise et malienne, un besoin r\u00e9ciproque"},"content":{"rendered":"<h1 class=\"name post-title entry-title\"><\/h1>\n<div class=\"clear\"><\/div>\n<div class=\"entry\">\n<p>Pour protester contre\u00a0le second coup de force du colonel Assimi Go\u00efta de fin mai dernier, la France avait suspendu ses op\u00e9rations avec l\u2019arm\u00e9e malienne. Vendredi soir, elle a d\u00e9cid\u00e9 de lever la mesure. La coop\u00e9ration entre les deux arm\u00e9es red\u00e9marre. Bamako en a \u00e9t\u00e9 inform\u00e9.<\/p>\n<p>R\u00e9cemment, le pr\u00e9sident de la Transition, le colonel Assimi Go\u00efta, a re\u00e7u \u00e0 Bamako une d\u00e9l\u00e9gation fran\u00e7aise compos\u00e9e notamment de Franck Paris, le conseiller Afrique de l\u2019\u00c9lys\u00e9e ainsi que l\u2019amiral Jean-Philippe Roland, chef d\u2019\u00c9tat-major particulier du pr\u00e9sident fran\u00e7ais Emmanuel Macron.<\/p>\n<p>Si la coop\u00e9ration militaire entre les deux arm\u00e9es reprend plut\u00f4t rapidement, c\u2019est aussi gr\u00e2ce \u00e0 l\u2019intervention des autres pays membres du G5 Sahel. Le Mali, dans le dispositif de lutte contre le terrorisme, occupe une place importante et il fallait un retour \u00e0 la normale pour que les op\u00e9rations militaires conjointes \u2013\u00a0qui affichent\u00a0des r\u00e9sultats\u00a0\u2013 red\u00e9marrent.<\/p>\n<p>Plusieurs experts interrog\u00e9s ajoutent\u00a0que Bamako avait besoin de cette reprise des op\u00e9rations conjointes mais Paris aussi. D\u2019apr\u00e8s nos\u00a0informations, d\u00e8s cette semaine, militaires maliens et fran\u00e7ais devraient recommencer \u00e0 traquer ensemble, sur le terrain, les jihadistes.<\/p>\n<p>Avec RFI<\/p>\n<\/div>\n","protected":false},"excerpt":{"rendered":"<p>Pour protester contre\u00a0le second coup de force du colonel Assimi Go\u00efta de fin mai dernier, la France avait suspendu ses op\u00e9rations avec l\u2019arm\u00e9e malienne. Vendredi soir, elle a d\u00e9cid\u00e9 de lever la mesure. La coop\u00e9ration entre les deux arm\u00e9es red\u00e9marre. Bamako en a \u00e9t\u00e9 inform\u00e9. R\u00e9cemment, le pr\u00e9sident de la Transition, le colonel Assimi Go\u00efta, [&hellip;]<\/p>\n","protected":false},"author":2,"featured_media":9376,"comment_status":"closed","ping_status":"closed","sticky":false,"template":"","format":"standard","meta":{"footnotes":""},"categories":[57],"tags":[],"class_list":{"0":"post-9375","1":"post","2":"type-post","3":"status-publish","4":"format-standard","5":"has-post-thumbnail","7":"category-politique"},"_links":{"self":[{"href":"https:\/\/conakrynews.org\/index.php\/wp-json\/wp\/v2\/posts\/9375","targetHints":{"allow":["GET"]}}],"collection":[{"href":"https:\/\/conakrynews.org\/index.php\/wp-json\/wp\/v2\/posts"}],"about":[{"href":"https:\/\/conakrynews.org\/index.php\/wp-json\/wp\/v2\/types\/post"}],"author":[{"embeddable":true,"href":"https:\/\/conakrynews.org\/index.php\/wp-json\/wp\/v2\/users\/2"}],"replies":[{"embeddable":true,"href":"https:\/\/conakrynews.org\/index.php\/wp-json\/wp\/v2\/comments?post=9375"}],"version-history":[{"count":0,"href":"https:\/\/conakrynews.org\/index.php\/wp-json\/wp\/v2\/posts\/9375\/revisions"}],"wp:featuredmedia":[{"embeddable":true,"href":"https:\/\/conakrynews.org\/index.php\/wp-json\/wp\/v2\/media\/9376"}],"wp:attachment":[{"href":"https:\/\/conakrynews.org\/index.php\/wp-json\/wp\/v2\/media?parent=9375"}],"wp:term":[{"taxonomy":"category","embeddable":true,"href":"https:\/\/conakrynews.org\/index.php\/wp-json\/wp\/v2\/categories?post=9375"},{"taxonomy":"post_tag","embeddable":true,"href":"https:\/\/conakrynews.org\/index.php\/wp-json\/wp\/v2\/tags?post=9375"}],"curies":[{"name":"wp","href":"https:\/\/api.w.org\/{rel}","templated":true}]}}