{"id":9382,"date":"2021-07-04T13:46:10","date_gmt":"2021-07-04T13:46:10","guid":{"rendered":"https:\/\/conakrynews.org\/?p=9382"},"modified":"2021-07-04T13:59:57","modified_gmt":"2021-07-04T13:59:57","slug":"guinee-la-fondation-internationale-maria-rosa-mystica-a-lance-ses-activites","status":"publish","type":"post","link":"https:\/\/conakrynews.org\/index.php\/guinee-la-fondation-internationale-maria-rosa-mystica-a-lance-ses-activites\/","title":{"rendered":"Guin\u00e9e : la fondation internationale \u00ab\u00a0Maria Rosa Mystica\u00a0\u00bb a\u00a0 lanc\u00e9 ses activites\u00a0"},"content":{"rendered":"<div dir=\"auto\">\n<h1><\/h1>\n<\/div>\n<div dir=\"auto\">\n<div><a href=\"https:\/\/liberationinfo.com\/wp-content\/uploads\/2021\/07\/20210703_175705-scaled.jpg\" target=\"_blank\" rel=\"noopener noreferrer\" data-saferedirecturl=\"https:\/\/www.google.com\/url?q=https:\/\/liberationinfo.com\/wp-content\/uploads\/2021\/07\/20210703_175705-scaled.jpg&amp;source=gmail&amp;ust=1625491625178000&amp;usg=AFQjCNHWzD1RbN8los0t0_oxAoJ1jrkNLQ\"><img loading=\"lazy\" decoding=\"async\" src=\"https:\/\/liberationinfo.com\/wp-content\/uploads\/2021\/07\/20210703_175705-696x522.jpg\" alt=\"\" width=\"696\" height=\"522\" \/><\/a><\/div>\n<p><strong>\u00a0Il s&rsquo;appelle Lucien Kouassi Kouadio,ancien\u00a0 football International de la C\u00f4te d&rsquo;Ivoire,c&rsquo;est lui qui a d\u00e9cid\u00e9 d\u00e9sormais avec ses partenaires\u00a0 de\u00a0 proc\u00e9der au\u00a0 lancement officiel\u00a0 des activit\u00e9s de la fondation internationale \u2039\u2039Maria Rosa Mystica\u203a\u203a,ce Samedi,3 juillet 2021 \u00e0 Conakry,dans un r\u00e9ceptif h\u00f4telier de la place.Cette c\u00e9r\u00e9monie de lancement s&rsquo;est d\u00e9roul\u00e9e en pr\u00e9sence de plusieurs personnalit\u00e9s notamment le pr\u00e9sident de la cour des Comptes M.Mohamed Diar\u00e9, l&rsquo;honorer Michel Kamano,1er Questeur \u00e0 l&rsquo;Assembl\u00e9e nationale Guin\u00e9enne,des repr\u00e9sentants des partenaires techniques et financiers&#8230;.\u00a0<\/strong><\/p>\n<p><a href=\"https:\/\/liberationinfo.com\/index.php\/humanitaire-la-fondation-internationale-maria-rosa-mystica-lance-ses-activites-en-guinee\/20210703_175609\/\" target=\"_blank\" rel=\"noopener noreferrer\" data-saferedirecturl=\"https:\/\/www.google.com\/url?q=https:\/\/liberationinfo.com\/index.php\/humanitaire-la-fondation-internationale-maria-rosa-mystica-lance-ses-activites-en-guinee\/20210703_175609\/&amp;source=gmail&amp;ust=1625491625178000&amp;usg=AFQjCNESH01Ea9c3wmUC8wwUdcdWQXs6Lg\"><img loading=\"lazy\" decoding=\"async\" src=\"https:\/\/liberationinfo.com\/wp-content\/uploads\/2021\/07\/20210703_175609-300x225.jpg\" alt=\"\" width=\"300\" height=\"225\" \/><\/a><\/p>\n<p><strong>Cette fondation a \u00e9t\u00e9 Cr\u00e9\u00e9e en 2017 en C\u00f4ted\u2019Ivoire.Elle est pr\u00e9sente\u00a0 dans dix sept (17) pays en Afrique.\u00a0<\/strong><\/p>\n<p><a href=\"https:\/\/liberationinfo.com\/index.php\/humanitaire-la-fondation-internationale-maria-rosa-mystica-lance-ses-activites-en-guinee\/20210703_161516-2\/\" target=\"_blank\" rel=\"noopener noreferrer\" data-saferedirecturl=\"https:\/\/www.google.com\/url?q=https:\/\/liberationinfo.com\/index.php\/humanitaire-la-fondation-internationale-maria-rosa-mystica-lance-ses-activites-en-guinee\/20210703_161516-2\/&amp;source=gmail&amp;ust=1625491625178000&amp;usg=AFQjCNGp64msSXVbRuyR4ZdE2t699tia-g\"><img loading=\"lazy\" decoding=\"async\" src=\"https:\/\/liberationinfo.com\/wp-content\/uploads\/2021\/07\/20210703_161516-1-300x225.jpg\" alt=\"\" width=\"300\" height=\"225\" \/><\/a><\/p>\n<p><a href=\"https:\/\/liberationinfo.com\/index.php\/humanitaire-la-fondation-internationale-maria-rosa-mystica-lance-ses-activites-en-guinee\/20210703_163523\/\" target=\"_blank\" rel=\"noopener noreferrer\" data-saferedirecturl=\"https:\/\/www.google.com\/url?q=https:\/\/liberationinfo.com\/index.php\/humanitaire-la-fondation-internationale-maria-rosa-mystica-lance-ses-activites-en-guinee\/20210703_163523\/&amp;source=gmail&amp;ust=1625491625179000&amp;usg=AFQjCNExAVmnx9e4NlwMCatzd0UEIR2H5w\"><img loading=\"lazy\" decoding=\"async\" src=\"https:\/\/liberationinfo.com\/wp-content\/uploads\/2021\/07\/20210703_163523-300x241.jpg\" alt=\"\" width=\"300\" height=\"241\" \/><\/a><\/p>\n<p><strong>Dans son discours de circonstance, le directeur ex\u00e9cutif de la fondation, Mr Parfait T\u00e9h\u00e9 a\u00a0 fait la pr\u00e9sentation sur\u00a0 les principaux projets de la fondation internationale \u00ab\u00a0Maria Rosa Mystica\u00a0\u00bb dans les prochaines ann\u00e9es en Guin\u00e9e, avant de rappeler\u00a0 les ambitions du pr\u00e9sident fondateur de la fondation pour son pays d\u2019origine, la Guin\u00e9e.\u00a0<\/strong><\/p>\n<p>&nbsp;<\/p>\n<p><a href=\"https:\/\/liberationinfo.com\/index.php\/humanitaire-la-fondation-internationale-maria-rosa-mystica-lance-ses-activites-en-guinee\/20210703_172135\/\" target=\"_blank\" rel=\"noopener noreferrer\" data-saferedirecturl=\"https:\/\/www.google.com\/url?q=https:\/\/liberationinfo.com\/index.php\/humanitaire-la-fondation-internationale-maria-rosa-mystica-lance-ses-activites-en-guinee\/20210703_172135\/&amp;source=gmail&amp;ust=1625491625179000&amp;usg=AFQjCNHgRVXcwRXHiOIfzVsnyhDhFvwZJQ\"><img loading=\"lazy\" decoding=\"async\" src=\"https:\/\/liberationinfo.com\/wp-content\/uploads\/2021\/07\/20210703_172135-300x225.jpg\" alt=\"\" width=\"300\" height=\"225\" \/><\/a><\/p>\n<p><em>\u201dC\u2019est une fondation qui existe depuis 2017, c\u2019est parti d\u2019une douleur, d\u2019une souffrance de quelque chose de tr\u00e8s tr\u00e8s fort que le pr\u00e9sident de cette fondation a v\u00e9cu et il a pris la r\u00e9solution de pouvoir aider les personnes lorsqu\u2019il aurait les moyens. Et quand cette opportunit\u00e9 s\u2019est pr\u00e9sent\u00e9e il n\u2019a pas h\u00e9sit\u00e9 de faire des dons de fa\u00e7on informelle jusqu\u2019\u00e0 cr\u00e9\u00e9 une fondation en 2017. Figurez vous que c\u2019est sur fond propre que des soutiens financiers ont \u00e9t\u00e9 apport\u00e9s \u00e7a et l\u00e0 des constructions d\u2019h\u00f4pitaux, d\u2019\u00e9quipements d\u2019h\u00f4pitaux, d\u2019\u00e9coles, de centres de sant\u00e9, de centres de formation&#8230;.\u00c0 un moment il a voulu faire en sorte que la fondation puisse aller au del\u00e0 de la C\u00f4te d\u2019Ivoire et comme \u00e7a que l\u2019id\u00e9e de pouvoir s\u2019implanter dans plusieurs pays fait venir. Aujourd\u2019hui nous sommes repr\u00e9sentant\u00e9s dans 17 pays et la Guin\u00e9e est le dix huiti\u00e8me (18) pays, bient\u00f4t il aura des choses au Mali.Le projet pour la Guin\u00e9e il y\u2019a la construction et d\u2019\u00e9quipements d\u2019h\u00f4pitaux tout \u00e0 l\u2019heure Dr Mohamed qui est v\u00e9ritablement en cheval entre plusieurs continents il va m\u00eame ce soir, tout \u00e0 l\u2019heure il aura le temps de d\u00e9velopper le sujet concernant \u00e0 l\u2019un des projets phares de la construction d\u2019un h\u00f4pital avec un papillon exclusivement d\u00e9di\u00e9 pour les b\u00e9b\u00e9s pr\u00e9matur\u00e9s en donnant certains d\u00e9tails techniques pour montrer aux uns aux autres que nous ne sommes pas entrains de faire des promesses de campagne. Nous\u00a0 ne faisons pas de la politique, nous sommes au cadre humanitaire et c\u2019est parce que nous avons personnes solides qui nous appuient, qui nous accompagnent que nous pouvons dire certaines choses\u2019\u2019,\u00a0<strong>a affirm\u00e9 le directeur ex\u00e9cutif de la fondation \u00ab\u00a0Maria Rosa Mystica\u00a0\u00bb<\/strong><\/em><\/p>\n<p><a href=\"https:\/\/liberationinfo.com\/index.php\/humanitaire-la-fondation-internationale-maria-rosa-mystica-lance-ses-activites-en-guinee\/20210703_172235\/\" target=\"_blank\" rel=\"noopener noreferrer\" data-saferedirecturl=\"https:\/\/www.google.com\/url?q=https:\/\/liberationinfo.com\/index.php\/humanitaire-la-fondation-internationale-maria-rosa-mystica-lance-ses-activites-en-guinee\/20210703_172235\/&amp;source=gmail&amp;ust=1625491625179000&amp;usg=AFQjCNFm3WjgSE8P2GShxhyzb98ZST5ZZQ\"><img loading=\"lazy\" decoding=\"async\" src=\"https:\/\/liberationinfo.com\/wp-content\/uploads\/2021\/07\/20210703_172235-300x225.jpg\" alt=\"\" width=\"300\" height=\"225\" \/><\/a><\/p>\n<p><strong>Lucien Kouassi Kouadio, pr\u00e9sident fondateur de la fondation internationale \u00ab\u00a0Maria Rosa Mystica\u00a0\u00bb, a pr\u00e9cis\u00e9\u00a0 que l&rsquo;objectif de l&rsquo;implantation de leur fondation ne Guin\u00e9\u00e9, est de venir en aide \u00e0 des vuln\u00e9rables et des personnes n\u00e9cessiteuses.\u00a0<\/strong><\/p>\n<p><em>\u2019\u2039Je suis vraiment honor\u00e9 ce soir et je vous salue, avant d\u2019aller dans mes propos je tenais vraiment \u00e0 saluer le chef de l\u2019\u00e9tat et son \u00e9pouse, je leur dit merci . Mon discours est fait pour les remerciements.Mais en Guin\u00e9e c\u2019est particulier, les gens nous connaissent ce qu\u2019on fait c\u2019est pour \u00e7a qu\u2019on a fait ce genre de ce petit truc, je tenais vraiment \u00e0 remercier. C\u2019est pour cela que on a d\u00e9cid\u00e9 qu\u2019on voudrait m\u00eame pas invit\u00e9 des artists.\u00a0 Parce qu\u2019on invite artiste \u00e7a veut dire que il y a des choses qui sont d\u00e9j\u00e0 faits, on f\u00eate on danse les gens ne vont pas dire qu\u2019on fait du bruit, on danse on dit voil\u00e0 ce qu\u2019on a fait, c\u2019est comme \u00e7a j\u2019ai \u00e9t\u00e9 \u00e9lev\u00e9. Le directeur vient de dire quelque chose tr\u00e8s important, je viens d\u2019une famille tr\u00e8s pauvre, aujourd\u2019hui j\u2019ai le pr\u00e9nom de Bakary, je tenais \u00e0 vous dire merci. Mon histoire est tr\u00e8s simple je ne suis pas riche ce que les gens croient milliardaire non, j\u2019ai toujours dit quand tu as cinq francs tu peux aider ton prochain. Ma fondation les cinq francs l\u00e0 on peut aider plusieurs personnes, pour aider une personne on a besoin de toutes les fortunes du monde entier, pour cr\u00e9er la fondation j\u2019ai eu la chance d\u2019avoir des personnes dans ma vie qui m\u2019ont tellement aid\u00e9 que je suis pr\u00e9sent devant vous aujourd\u2019hui, parce que mon parcours a \u00e9t\u00e9 tellement on ne peut pas trop revenir en arri\u00e8re, parce qu\u2019il y\u2019a beaucoup d\u2019hommes qui m\u2019ont fait du bien et ce bien que je dois retourner aux autres\u203a\u203a,\u00a0 a expliqu\u00e9 le pr\u00e9sident de la Fondation \u00ab\u00a0Maria Rosa Mystica\u00a0\u00bb.<\/em><\/p>\n<p><em>\u00a0<\/em><\/p>\n<p><a href=\"https:\/\/liberationinfo.com\/index.php\/humanitaire-la-fondation-internationale-maria-rosa-mystica-lance-ses-activites-en-guinee\/20210703_174758\/\" target=\"_blank\" rel=\"noopener noreferrer\" data-saferedirecturl=\"https:\/\/www.google.com\/url?q=https:\/\/liberationinfo.com\/index.php\/humanitaire-la-fondation-internationale-maria-rosa-mystica-lance-ses-activites-en-guinee\/20210703_174758\/&amp;source=gmail&amp;ust=1625491625179000&amp;usg=AFQjCNEEYOaJEYEE7vXa_k2004Z3GwzRww\"><img loading=\"lazy\" decoding=\"async\" src=\"https:\/\/liberationinfo.com\/wp-content\/uploads\/2021\/07\/20210703_174758-300x225.jpg\" alt=\"\" width=\"300\" height=\"225\" \/><\/a><\/p>\n<p><strong>Pour sa part, l&rsquo;honorable Michel Kamano, premier questeur de l\u2019Assembl\u00e9e Nationale parrain de la fondation internationale \u00ab\u00a0Maria Rosa Mystica\u00a0\u00bb en Guin\u00e9e, a f\u00e9licit\u00e9 les responsables de cette fondation pour leur d\u00e9termination\u00a0 \u00e0 investir dans l\u2019\u00e9ducation, dans la sant\u00e9 et de logements.\u00a0<\/strong><\/p>\n<p><em>Et d&rsquo;ajouter :\u2039\u2039Ce n\u2019est pas le moment de faire des discours mais je suis heureux, d\u2019avoir pu rencontrer cet ambassadeur de la jeunesse, cet ambassadeur des femmes, jeunes et femmes qui font la priorit\u00e9 du professeur Alpha Cond\u00e9, pr\u00e9sident de la R\u00e9publique. Un jeune dynamique, convaincu, engag\u00e9 pour la r\u00e9ussite, pour le bonheur des pauvres. Il m\u2019a convaincu quand il m\u2019a parl\u00e9 de sa fondation en tant action directeur du plan, ancien ministre du plan, je n\u2019avais jamais rencontr\u00e9 une fondation de cette rang, ne me parlez que d\u2019humanitaire, ne me parlez que de social, ne me parlez que de l\u2019\u00e9ducation, ne me parlez de sant\u00e9 et de logements en plus jamais \u00e0 20 ans de services au minist\u00e8re du plan\u203a\u203a, a conclu le d\u00e9put\u00e9 Guin\u00e9en<\/em><strong>.\u00a0<\/strong><\/p>\n<p>&nbsp;<\/p>\n<p><a href=\"https:\/\/liberationinfo.com\/index.php\/humanitaire-la-fondation-internationale-maria-rosa-mystica-lance-ses-activites-en-guinee\/20210703_173624\/\" target=\"_blank\" rel=\"noopener noreferrer\" data-saferedirecturl=\"https:\/\/www.google.com\/url?q=https:\/\/liberationinfo.com\/index.php\/humanitaire-la-fondation-internationale-maria-rosa-mystica-lance-ses-activites-en-guinee\/20210703_173624\/&amp;source=gmail&amp;ust=1625491625179000&amp;usg=AFQjCNEek7AfCznY7cRAb39kT7AuGl3-uQ\"><img loading=\"lazy\" decoding=\"async\" src=\"https:\/\/liberationinfo.com\/wp-content\/uploads\/2021\/07\/20210703_173624-300x225.jpg\" alt=\"\" width=\"300\" height=\"225\" \/><\/a><\/p>\n<p>&nbsp;<\/p>\n<p><a href=\"https:\/\/liberationinfo.com\/index.php\/humanitaire-la-fondation-internationale-maria-rosa-mystica-lance-ses-activites-en-guinee\/20210703_173315-2\/\" target=\"_blank\" rel=\"noopener noreferrer\" data-saferedirecturl=\"https:\/\/www.google.com\/url?q=https:\/\/liberationinfo.com\/index.php\/humanitaire-la-fondation-internationale-maria-rosa-mystica-lance-ses-activites-en-guinee\/20210703_173315-2\/&amp;source=gmail&amp;ust=1625491625179000&amp;usg=AFQjCNHl6gvts60zjthNsBMM5s2Ns7HpgA\"><img loading=\"lazy\" decoding=\"async\" src=\"https:\/\/liberationinfo.com\/wp-content\/uploads\/2021\/07\/20210703_173315-1-300x225.jpg\" alt=\"\" width=\"300\" height=\"225\" \/><\/a><\/p>\n<p>Sylla Ibrahima Kalil pour www.conakrynews.org 625444534<\/p>\n<\/div>\n","protected":false},"excerpt":{"rendered":"<p>\u00a0Il s&rsquo;appelle Lucien Kouassi Kouadio,ancien\u00a0 football International de la C\u00f4te d&rsquo;Ivoire,c&rsquo;est lui qui a d\u00e9cid\u00e9 d\u00e9sormais avec ses partenaires\u00a0 de\u00a0 proc\u00e9der au\u00a0 lancement officiel\u00a0 des activit\u00e9s de la fondation internationale \u2039\u2039Maria Rosa Mystica\u203a\u203a,ce Samedi,3 juillet 2021 \u00e0 Conakry,dans un r\u00e9ceptif h\u00f4telier de la place.Cette c\u00e9r\u00e9monie de lancement s&rsquo;est d\u00e9roul\u00e9e en pr\u00e9sence de plusieurs personnalit\u00e9s notamment [&hellip;]<\/p>\n","protected":false},"author":2,"featured_media":9385,"comment_status":"closed","ping_status":"closed","sticky":false,"template":"","format":"standard","meta":{"footnotes":""},"categories":[58],"tags":[],"class_list":{"0":"post-9382","1":"post","2":"type-post","3":"status-publish","4":"format-standard","5":"has-post-thumbnail","7":"category-societe"},"_links":{"self":[{"href":"https:\/\/conakrynews.org\/index.php\/wp-json\/wp\/v2\/posts\/9382","targetHints":{"allow":["GET"]}}],"collection":[{"href":"https:\/\/conakrynews.org\/index.php\/wp-json\/wp\/v2\/posts"}],"about":[{"href":"https:\/\/conakrynews.org\/index.php\/wp-json\/wp\/v2\/types\/post"}],"author":[{"embeddable":true,"href":"https:\/\/conakrynews.org\/index.php\/wp-json\/wp\/v2\/users\/2"}],"replies":[{"embeddable":true,"href":"https:\/\/conakrynews.org\/index.php\/wp-json\/wp\/v2\/comments?post=9382"}],"version-history":[{"count":0,"href":"https:\/\/conakrynews.org\/index.php\/wp-json\/wp\/v2\/posts\/9382\/revisions"}],"wp:featuredmedia":[{"embeddable":true,"href":"https:\/\/conakrynews.org\/index.php\/wp-json\/wp\/v2\/media\/9385"}],"wp:attachment":[{"href":"https:\/\/conakrynews.org\/index.php\/wp-json\/wp\/v2\/media?parent=9382"}],"wp:term":[{"taxonomy":"category","embeddable":true,"href":"https:\/\/conakrynews.org\/index.php\/wp-json\/wp\/v2\/categories?post=9382"},{"taxonomy":"post_tag","embeddable":true,"href":"https:\/\/conakrynews.org\/index.php\/wp-json\/wp\/v2\/tags?post=9382"}],"curies":[{"name":"wp","href":"https:\/\/api.w.org\/{rel}","templated":true}]}}