{"id":9399,"date":"2021-07-05T14:35:33","date_gmt":"2021-07-05T14:35:33","guid":{"rendered":"https:\/\/conakrynews.org\/?p=9399"},"modified":"2021-07-05T16:48:31","modified_gmt":"2021-07-05T16:48:31","slug":"un-avion-militaire-secrase-aux-philippines-45-morts","status":"publish","type":"post","link":"https:\/\/conakrynews.org\/index.php\/un-avion-militaire-secrase-aux-philippines-45-morts\/","title":{"rendered":"Un avion militaire s\u2019\u00e9crase aux Philippines: 45 morts"},"content":{"rendered":"<h1 class=\"name post-title entry-title\"><\/h1>\n<div class=\"clear\"><\/div>\n<div class=\"entry\">\n<p>Au moins 45 personnes ont \u00e9t\u00e9 tu\u00e9es et des dizaines bless\u00e9es dimanche dans l\u2019accident d\u2019un avion militaire transportant des troupes, qui s\u2019est \u00e9cras\u00e9 et a pris feu apr\u00e8s avoir manqu\u00e9 la piste d\u2019atterrissage dans le sud des Philippines, selon les autorit\u00e9s.<\/p>\n<p>Une centaine de personnes, pour la plupart de jeunes dipl\u00f4m\u00e9s de l\u2019arm\u00e9e, se trouvaient \u00e0 bord de cet avion de transport C-130, qui s\u2019est \u00e9cras\u00e9 \u00e0 la mi-journ\u00e9e sur l\u2019\u00eele de Jolo, dans la province de Sulu.<\/p>\n<p>Certains soldats ont saut\u00e9 de l\u2019appareil en flammes avant qu\u2019il ne s\u2019\u00e9crase au sol et qu\u2019il explose, a d\u00e9clar\u00e9 le major g\u00e9n\u00e9ral William Gonzales, commandant de la force op\u00e9rationelle interarm\u00e9es de Sulu.<\/p>\n<p>Il s\u2019agit d\u2019un des accidents d\u2019avion les plus graves dans le pays.<\/p>\n<p>\u00ab\u00a0C\u2019est un jour triste, mais nous devons garder espoir\u00a0\u00bb, a r\u00e9agi le major g\u00e9n\u00e9ral Gonzales dans un communiqu\u00e9. \u00ab\u00a0Nous enjoignons la nation \u00e0 prier pour ceux qui sont bless\u00e9s et ceux qui ont p\u00e9ri dans cette trag\u00e9die\u00a0\u00bb.<\/p>\n<p>Parmi les morts figurent 42 soldats et trois civils, selon l\u2019arm\u00e9e philippine, qui a pr\u00e9cis\u00e9 que 49 militaires et quatre soldats bless\u00e9s ont \u00e9t\u00e9 hospitalis\u00e9s.<\/p>\n<p>Cinq membres des forces arm\u00e9es sont toujours port\u00e9s disparus.<\/p>\n<p>Le chef des forces arm\u00e9es, le g\u00e9n\u00e9ral Cirilito Sobejana, a expliqu\u00e9 que l\u2019avion, qui transportait des militaires depuis Cagayan de Oro, sur l\u2019\u00eele m\u00e9ridionale de Mindanao, a rat\u00e9 la piste d\u2019atterrissage alors qu\u2019il tentait d\u2019atterrir.<\/p>\n<p>L\u2019appareil a alors tent\u00e9 de \u00ab\u00a0regagner de la puissance mais cela n\u2019a pas r\u00e9ussi\u00a0\u00bb, a-t-il ajout\u00e9.<\/p>\n<p>Il s\u2019agit d\u2019un accident et non d\u2019un attentat, a insist\u00e9 le porte-parole des forces arm\u00e9es, le g\u00e9n\u00e9ral Edgard Arevalo, \u00e0 la radio DZBB.<\/p>\n<p>Le porte-parole de l\u2019arm\u00e9e de l\u2019air, le lieutenant-colonel Maynard Mariano, a annonc\u00e9 l\u2019ouverture d\u2019une enqu\u00eate afin de d\u00e9terminer les causes de cet accident.<\/p>\n<p>Des photos du lieu de l\u2019accident, publi\u00e9es par la force op\u00e9rationelle interarm\u00e9es de Sulu, montrent la queue de l\u2019avion endommag\u00e9e et les d\u00e9bris fumants de la section arri\u00e8re du fuselage pr\u00e8s de cocotiers.<\/p>\n<p>Des photos prises par la cha\u00eene philippine Pondohan TV et publi\u00e9es sur sa page Facebook montrent les d\u00e9combres de l\u2019avion qui a \u00e9t\u00e9 d\u00e9truit par les flammes. Un \u00e9pais panache de fum\u00e9e noire s\u2019\u00e9l\u00e8ve au-dessus des maisons situ\u00e9es non loin du lieu de l\u2019accident.<\/p>\n<p>L\u2019avion s\u2019est \u00e9cras\u00e9 pr\u00e8s d\u2019une carri\u00e8re situ\u00e9e dans une r\u00e9gion peu peupl\u00e9e, a d\u00e9clar\u00e9 \u00e0 l\u2019AFP le lieutenant Jerrica Angela Manongdo, ajoutant que dimanche en fin d\u2019apr\u00e8s-midi, les op\u00e9rations de secours \u00e9taient termin\u00e9es.<\/p>\n<p><strong>Appareil bris\u00e9 en deux<\/strong><\/p>\n<p>Un lyc\u00e9en, Almar Hajiri Aki, a racont\u00e9 \u00e0 l\u2019AFP qu\u2019il se tenait au bord d\u2019une route quand il a entendu une \u00ab\u00a0forte explosion\u00a0\u00bb derri\u00e8re lui.<\/p>\n<p>\u00ab\u00a0J\u2019ai pens\u00e9 que notre maison avait \u00e9t\u00e9 touch\u00e9e\u00a0\u00bb, a d\u00e9clar\u00e9 le jeune homme de 21 ans, qui s\u2019est pr\u00e9cipit\u00e9 avec ses voisins pour aider \u00e0 extirper les soldats des d\u00e9combres.<\/p>\n<p>Selon les premiers \u00e9l\u00e9ments, l\u2019avion a d\u00e9pass\u00e9 la piste d\u2019atterrissage et s\u2019est bris\u00e9 en deux, a d\u00e9clar\u00e9 \u00e0 l\u2019AFP le lieutenant g\u00e9n\u00e9ral Corleto Vinluan, chef du commandement de l\u2019Ouest de l\u2019\u00eele de Mindanao.<\/p>\n<p>La plupart des passagers avaient r\u00e9cemment re\u00e7u une premi\u00e8re formation militaire et avaient \u00e9t\u00e9 envoy\u00e9s sur cette \u00eele dans le cadre d\u2019une force op\u00e9rationnelle conjointe de lutte contre le terrorisme dans cette r\u00e9gion \u00e0 majorit\u00e9 musulmane.<\/p>\n<p>L\u2019arm\u00e9e est tr\u00e8s pr\u00e9sente dans le sud des Philippines en raison des activit\u00e9s du groupe islamiste Abou Sayyaf, consid\u00e9r\u00e9 comme une organisation terroriste par Washington.<\/p>\n<p>De sanglants attentats terroristes et des enl\u00e8vements de touristes \u00e9trangers et de missionnaires chr\u00e9tiens sont attribu\u00e9s \u00e0 cette organisation.<\/p>\n<p>Le s\u00e9nateur Richard Gordon a soulign\u00e9 que cet accident est le quatri\u00e8me cette ann\u00e9e ayant entra\u00een\u00e9 un \u00ab\u00a0lourd bilan\u00a0\u00bb. \u00ab\u00a0Achetons-nous des appareils en mauvais \u00e9tat avec l\u2019argent du peuple?\u00a0\u00bb, s\u2019est-il interrog\u00e9 sur Twitter.<\/p>\n<p>Le porte-parole pr\u00e9sidentiel Harry Roque a qualifi\u00e9 l\u2019accident de \u00ab\u00a0tr\u00e8s malheureux\u00a0\u00bb, et le charg\u00e9 d\u2019affaires de l\u2019ambassade am\u00e9ricaine John Law a pr\u00e9sent\u00e9 ses \u00ab\u00a0condol\u00e9ances les plus sinc\u00e8res\u00a0\u00bb aux familles des victimes.<\/p>\n<p>Cet accident survient apr\u00e8s qu\u2019un h\u00e9licopt\u00e8re Black Hawk s\u2019est \u00e9cras\u00e9 en juin lors d\u2019un vol d\u2019entra\u00eenement de nuit, tuant les six personnes qui \u00e9taient \u00e0 bord.<\/p>\n<p>Trois pilotes et trois aviateurs \u00e9taient d\u00e9c\u00e9d\u00e9s lorsque leur S70-i s\u2019est \u00e9cras\u00e9 pr\u00e8s du terrain d\u2019entra\u00eenement de Crow Valley, au nord de Manille, ce qui a entra\u00een\u00e9 l\u2019immobilisation de toute la flotte.<\/p>\n<p>&nbsp;<\/p>\n<p><strong>AFP<\/strong><\/p>\n<\/div>\n","protected":false},"excerpt":{"rendered":"<p>Au moins 45 personnes ont \u00e9t\u00e9 tu\u00e9es et des dizaines bless\u00e9es dimanche dans l\u2019accident d\u2019un avion militaire transportant des troupes, qui s\u2019est \u00e9cras\u00e9 et a pris feu apr\u00e8s avoir manqu\u00e9 la piste d\u2019atterrissage dans le sud des Philippines, selon les autorit\u00e9s. Une centaine de personnes, pour la plupart de jeunes dipl\u00f4m\u00e9s de l\u2019arm\u00e9e, se trouvaient [&hellip;]<\/p>\n","protected":false},"author":2,"featured_media":9400,"comment_status":"closed","ping_status":"closed","sticky":false,"template":"","format":"standard","meta":{"footnotes":""},"categories":[58],"tags":[],"class_list":{"0":"post-9399","1":"post","2":"type-post","3":"status-publish","4":"format-standard","5":"has-post-thumbnail","7":"category-societe"},"_links":{"self":[{"href":"https:\/\/conakrynews.org\/index.php\/wp-json\/wp\/v2\/posts\/9399","targetHints":{"allow":["GET"]}}],"collection":[{"href":"https:\/\/conakrynews.org\/index.php\/wp-json\/wp\/v2\/posts"}],"about":[{"href":"https:\/\/conakrynews.org\/index.php\/wp-json\/wp\/v2\/types\/post"}],"author":[{"embeddable":true,"href":"https:\/\/conakrynews.org\/index.php\/wp-json\/wp\/v2\/users\/2"}],"replies":[{"embeddable":true,"href":"https:\/\/conakrynews.org\/index.php\/wp-json\/wp\/v2\/comments?post=9399"}],"version-history":[{"count":0,"href":"https:\/\/conakrynews.org\/index.php\/wp-json\/wp\/v2\/posts\/9399\/revisions"}],"wp:featuredmedia":[{"embeddable":true,"href":"https:\/\/conakrynews.org\/index.php\/wp-json\/wp\/v2\/media\/9400"}],"wp:attachment":[{"href":"https:\/\/conakrynews.org\/index.php\/wp-json\/wp\/v2\/media?parent=9399"}],"wp:term":[{"taxonomy":"category","embeddable":true,"href":"https:\/\/conakrynews.org\/index.php\/wp-json\/wp\/v2\/categories?post=9399"},{"taxonomy":"post_tag","embeddable":true,"href":"https:\/\/conakrynews.org\/index.php\/wp-json\/wp\/v2\/tags?post=9399"}],"curies":[{"name":"wp","href":"https:\/\/api.w.org\/{rel}","templated":true}]}}