{"id":9409,"date":"2021-07-06T13:39:08","date_gmt":"2021-07-06T13:39:08","guid":{"rendered":"https:\/\/conakrynews.org\/?p=9409"},"modified":"2021-07-06T18:22:11","modified_gmt":"2021-07-06T18:22:11","slug":"plainte-contre-letat-guineen-a-la-cour-de-justice-de-la-cedeao-sur-la-coupure-dinternet-communique","status":"publish","type":"post","link":"https:\/\/conakrynews.org\/index.php\/plainte-contre-letat-guineen-a-la-cour-de-justice-de-la-cedeao-sur-la-coupure-dinternet-communique\/","title":{"rendered":"Plainte contre l\u2019Etat Guin\u00e9en \u00e0 la Cour de Justice de la CEDEAO sur la coupure d\u2019internet (Communiqu\u00e9)"},"content":{"rendered":"<h1 class=\"name post-title entry-title\"><\/h1>\n<div class=\"clear\"><\/div>\n<div class=\"entry\">\n<p>Conakry le 5 juillet 2021 \u2013 L\u2019association des Blogueurs de Guin\u00e9e (ABLOGUI), l\u2019Association Villageois 2.0, la Ligue Guin\u00e9enne des Droits de l\u2019Homme (LIGUIDHO), le Centre Africain de Formation sur les Droits Humains et l\u2019Environnement et un journaliste guin\u00e9en ont annonc\u00e9 aujourd\u2019hui avoir d\u00e9pos\u00e9 une plainte \u00e0 la cour de Justice de la Communaut\u00e9 Economique Des Etats de l\u2019Afrique de l\u2019Ouest (CEDEAO) contre la R\u00e9publique de Guin\u00e9e le 30 juin dernier.<\/p>\n<p>Nos diff\u00e9rentes organisations reprochent aux autorit\u00e9s guin\u00e9ennes d\u2019avoir coup\u00e9 le r\u00e9seau Internet et bloqu\u00e9 les plateformes de r\u00e9seaux sociaux en pr\u00e9lude au double scrutin l\u00e9gislatif et r\u00e9f\u00e9rendaire du 22 mars 2020 et \u00e0 la pr\u00e9sidentielle d\u2019octobre de la m\u00eame ann\u00e9e.<\/p>\n<p>Nous estimons qu\u2019en agissant ainsi, l\u2019Etat Guin\u00e9en a viol\u00e9 les droits \u00e0 la libert\u00e9 d\u2019expression de millions de Guin\u00e9ens et a emp\u00each\u00e9 les journalistes de faire leur travail. Cela a engendr\u00e9 de graves cons\u00e9quences notamment sur nos activit\u00e9s d\u2019observation \u00e9lectorale et de d\u00e9fense des droits de l\u2019Homme.<\/p>\n<p>Aussi, nous soutenons qu\u2019une interruption compl\u00e8te et indiscrimin\u00e9e d\u2019Internet dans tout le pays a un effet profond\u00e9ment dissuasif et est clairement arbitraire et disproportionn\u00e9e.<\/p>\n<p>Par cette plainte, nous demandons \u00e0 la Cour de Justice de la CEDEAO entre autres de prendre une ordonnance obligeant l\u2019Etat guin\u00e9en \u00e0 garantir que de telles graves violations des libert\u00e9s fondamentales des Guin\u00e9ens ne se r\u00e9p\u00e8tent plus.<\/p>\n<p>Dans cette affaire, notre collectif est repr\u00e9sent\u00e9 par Media Defence \u00e0 travers les avocats Mojirayo Ogunlana-Nkanga, Padraig Hughes, Saba Ashraf et Carlos Gaio.<\/p>\n<p>Le Collectif<\/p>\n<p>Contact Presse : 626397709<\/p>\n<\/div>\n","protected":false},"excerpt":{"rendered":"<p>Conakry le 5 juillet 2021 \u2013 L\u2019association des Blogueurs de Guin\u00e9e (ABLOGUI), l\u2019Association Villageois 2.0, la Ligue Guin\u00e9enne des Droits de l\u2019Homme (LIGUIDHO), le Centre Africain de Formation sur les Droits Humains et l\u2019Environnement et un journaliste guin\u00e9en ont annonc\u00e9 aujourd\u2019hui avoir d\u00e9pos\u00e9 une plainte \u00e0 la cour de Justice de la Communaut\u00e9 Economique Des [&hellip;]<\/p>\n","protected":false},"author":2,"featured_media":9410,"comment_status":"closed","ping_status":"closed","sticky":false,"template":"","format":"standard","meta":{"footnotes":""},"categories":[58],"tags":[],"class_list":{"0":"post-9409","1":"post","2":"type-post","3":"status-publish","4":"format-standard","5":"has-post-thumbnail","7":"category-societe"},"_links":{"self":[{"href":"https:\/\/conakrynews.org\/index.php\/wp-json\/wp\/v2\/posts\/9409","targetHints":{"allow":["GET"]}}],"collection":[{"href":"https:\/\/conakrynews.org\/index.php\/wp-json\/wp\/v2\/posts"}],"about":[{"href":"https:\/\/conakrynews.org\/index.php\/wp-json\/wp\/v2\/types\/post"}],"author":[{"embeddable":true,"href":"https:\/\/conakrynews.org\/index.php\/wp-json\/wp\/v2\/users\/2"}],"replies":[{"embeddable":true,"href":"https:\/\/conakrynews.org\/index.php\/wp-json\/wp\/v2\/comments?post=9409"}],"version-history":[{"count":0,"href":"https:\/\/conakrynews.org\/index.php\/wp-json\/wp\/v2\/posts\/9409\/revisions"}],"wp:featuredmedia":[{"embeddable":true,"href":"https:\/\/conakrynews.org\/index.php\/wp-json\/wp\/v2\/media\/9410"}],"wp:attachment":[{"href":"https:\/\/conakrynews.org\/index.php\/wp-json\/wp\/v2\/media?parent=9409"}],"wp:term":[{"taxonomy":"category","embeddable":true,"href":"https:\/\/conakrynews.org\/index.php\/wp-json\/wp\/v2\/categories?post=9409"},{"taxonomy":"post_tag","embeddable":true,"href":"https:\/\/conakrynews.org\/index.php\/wp-json\/wp\/v2\/tags?post=9409"}],"curies":[{"name":"wp","href":"https:\/\/api.w.org\/{rel}","templated":true}]}}