{"id":9415,"date":"2021-07-06T13:53:29","date_gmt":"2021-07-06T13:53:29","guid":{"rendered":"https:\/\/conakrynews.org\/?p=9415"},"modified":"2021-07-06T18:19:46","modified_gmt":"2021-07-06T18:19:46","slug":"assemblee-generale-extraordinaire-de-lagepi-la-subvention-au-centre-des-debats","status":"publish","type":"post","link":"https:\/\/conakrynews.org\/index.php\/assemblee-generale-extraordinaire-de-lagepi-la-subvention-au-centre-des-debats\/","title":{"rendered":"Assembl\u00e9e g\u00e9n\u00e9rale extraordinaire de l\u2019Agepi\u00a0: la subvention au centre des d\u00e9bats"},"content":{"rendered":"<p>&nbsp;<\/p>\n<p style=\"font-weight: 400;\"><strong>\u00a0<\/strong><\/p>\n<p style=\"font-weight: 400;\"><strong>Conform\u00e9ment au projet de r\u00e9union du bureau ex\u00e9cutif \u00e9largi aux membres de l\u2019AGEPI (Association Guin\u00e9enne des Editeurs de la Presse Ind\u00e9pendante) du vendredi 2 juin 2021, les membres de l\u2019association se sont retrouv\u00e9s en assembl\u00e9e g\u00e9n\u00e9rale extraordinaire, ce lundi 5 juillet 2021 \u00e0 son si\u00e8ge \u00e0 Almamya (Kaloum), dans la commune du m\u00eame nom. Sur 57 membres 35\u00a0\u00a0ont r\u00e9pondu \u00e0 l\u2019appel.<\/strong><\/p>\n<p style=\"font-weight: 400;\">Cette assembl\u00e9e avait pour ordre du jour des points ci-apr\u00e8s\u00a0:<\/p>\n<p style=\"font-weight: 400;\">1-Compte-rendu de la r\u00e9union pr\u00e9paratoire\u00a0;<\/p>\n<p style=\"font-weight: 400;\">2-La subvention\u00a0: crit\u00e8res de r\u00e9partition, mise en place de la commission de contr\u00f4le \u00e9largie, cas des journaux d\u2019annonces et de publicit\u00e9s.<\/p>\n<p style=\"font-weight: 400;\">3-La mise en place d\u2019une commission pr\u00e9paratoire pour une assembl\u00e9e g\u00e9n\u00e9rale extraordinaire pour pouvoir les postes vacants dans le bureau ex\u00e9cutif. Et le dernier point sur les Divers<\/p>\n<p style=\"font-weight: 400;\">Concernant le premier point, le vice-pr\u00e9sident Andr\u00e9 Morel Gaston a fait le point sur la rencontre des responsables des associations de presse tenue \u00e0 Mouna Technologie sur le partage de la subvention accord\u00e9e au medias. Selon lui, apr\u00e8s toutes les discussions, il a \u00e9t\u00e9 retenu que la somme de 1milliard 200 millions soit donn\u00e9e \u00e0 l\u2019URTELGUI.<\/p>\n<p style=\"font-weight: 400;\">Les deux autres associations dont l\u2019AGEPIE et l\u2019AGUIPEL doivent se partager la somme de 1milliard 800 millions de francs guin\u00e9ens.<\/p>\n<p style=\"font-weight: 400;\">Il a aussi fait le point sur des propositions faites par des membres de l\u2019AGEPI vendredi 2 juillet 2021.<\/p>\n<p style=\"font-weight: 400;\">Concernant le point sur la subvention : crit\u00e8res de r\u00e9partition et la mise en place de la commission de contr\u00f4le, le pr\u00e9sident de l\u2019AGEPI, Alpha Abdoulaye Diallo a d\u2019abord rappel\u00e9 les difficult\u00e9s que traversent les medias guin\u00e9ens en g\u00e9n\u00e9ral et ceux de l\u2019AGEPI en particulier pour leur fonctionnement.<\/p>\n<p style=\"font-weight: 400;\">En plus, il a fait remarquer que la subvention est pay\u00e9e pour permettre aux medias de progresser et non de r\u00e9gresser. Une fa\u00e7on de dire qu\u2019aucun arrondissement ou de tol\u00e9rance ne sera faite pour aucun des membres comme \u00e7a \u00e9t\u00e9 le cas des ann\u00e9es pr\u00e9c\u00e9dentes. Selon lui, les crit\u00e8res peuvent \u00eatre amend\u00e9s, mais ils seront respect\u00e9s \u00e0 la lettre.<\/p>\n<p style=\"font-weight: 400;\">Apr\u00e8s, la parole a \u00e9t\u00e9 donn\u00e9e aux membres pour se prononcer sur les crit\u00e8res de r\u00e9partition annuelle de la subvention. Sur la question, plusieurs propositions ont \u00e9t\u00e9 faites\u00a0par les membres\u00a0: Certains ont souhait\u00e9 de partager cette subvention sur la base de l\u2019exercice 2020. D\u2019autres souhaitent que \u00e7a soit uniquement sur l\u2019ann\u00e9e 2021. Un autre groupe souhaite que le partage soit faite sur le cumul des ann\u00e9es 2020-2021.<\/p>\n<p style=\"font-weight: 400;\">Apr\u00e8s une large discussion, les membres ont proc\u00e9d\u00e9 \u00e0 un vote pour d\u00e9partager les parties. A l\u2019issu de ce vote des 35 pr\u00e9sents, repr\u00e9sentants les 39 organes de presses,\u00a0\u00a029 ont vot\u00e9 que le partage soit faite sur l\u2019exercice 2020. 3 ont vot\u00e9 contre et 1 abstention.<\/p>\n<p style=\"font-weight: 400;\">Ce vote a \u00e9t\u00e9 suivi par la mise en place de la v\u00e9rification de la parution des journaux \u00e0 la HAC.<\/p>\n<p style=\"font-weight: 400;\">Le pr\u00e9sident a souhait\u00e9 aussi que ce bureau soit compos\u00e9 comme suit\u00a0: un pr\u00e9sident venant du bureau ex\u00e9cutif, un \u00e9l\u00e9ment venant des journaux hebdomadaires, un venant\u00a0\u00a0des bimensuels et un autre des mensuels.<\/p>\n<p style=\"font-weight: 400;\">Apr\u00e8s vote, Morel Andr\u00e9 Gaston du journal le Patriarche a \u00e9t\u00e9 d\u00e9sign\u00e9 pr\u00e9sident de la commission. Daouda Yansan\u00e9 du journal Affiches Guin\u00e9ennes assure le poste de rapporteur. Aboubacar Soumah du journal le Renard repr\u00e9sente les bimensuels et Marie Rose Soumah du journal le Soir repr\u00e9sente les mensuels.<\/p>\n<p style=\"font-weight: 400;\">Pour ce qui est des journaux exclusivement consacr\u00e9s aux annonces l\u00e9gales et publicit\u00e9s, l\u2019assembl\u00e9e g\u00e9n\u00e9rale a vot\u00e9 que ces derniers ne b\u00e9n\u00e9ficient de la subvention. Mais ils peuvent b\u00e9n\u00e9ficier d\u2019autres avantages de l\u2019association. Sur la question 19 ont vot\u00e9 Oui et 2 contre.<\/p>\n<p style=\"font-weight: 400;\">Le dernier point a consist\u00e9 \u00e0 la mise en place de la commission pr\u00e9paratoire\u00a0pour une assembl\u00e9e g\u00e9n\u00e9rale extraordinaire pour pouvoir les postes vacants ou en abandons dans le bureau ex\u00e9cutif. Trois membres ont \u00e9t\u00e9 d\u00e9sign\u00e9s \u00e0 cet effet.<\/p>\n<p style=\"font-weight: 400;\">L\u2019autre sujet d\u00e9battu, c\u2019est celui relatif\u00a0\u00a0au crit\u00e8re de si\u00e8ge. Une commission a \u00e9t\u00e9 mise en place pour v\u00e9rifier l\u2019existence effective des si\u00e8ges des journaux.<\/p>\n<p style=\"font-weight: 400;\">L\u2019assembl\u00e9e a retenu qu\u2019au moins un montant forfaitaire soit allou\u00e9 aux journaux en fonction de la p\u00e9riodicit\u00e9 (mensuelle, bimensuelle et hebdomadaire).<\/p>\n<p style=\"font-weight: 400;\">Daouda Yansan\u00e9 et Alpha Camara<\/p>\n","protected":false},"excerpt":{"rendered":"<p>&nbsp; \u00a0 Conform\u00e9ment au projet de r\u00e9union du bureau ex\u00e9cutif \u00e9largi aux membres de l\u2019AGEPI (Association Guin\u00e9enne des Editeurs de la Presse Ind\u00e9pendante) du vendredi 2 juin 2021, les membres de l\u2019association se sont retrouv\u00e9s en assembl\u00e9e g\u00e9n\u00e9rale extraordinaire, ce lundi 5 juillet 2021 \u00e0 son si\u00e8ge \u00e0 Almamya (Kaloum), dans la commune du m\u00eame [&hellip;]<\/p>\n","protected":false},"author":2,"featured_media":9420,"comment_status":"closed","ping_status":"closed","sticky":false,"template":"","format":"standard","meta":{"footnotes":""},"categories":[58],"tags":[],"class_list":{"0":"post-9415","1":"post","2":"type-post","3":"status-publish","4":"format-standard","5":"has-post-thumbnail","7":"category-societe"},"_links":{"self":[{"href":"https:\/\/conakrynews.org\/index.php\/wp-json\/wp\/v2\/posts\/9415","targetHints":{"allow":["GET"]}}],"collection":[{"href":"https:\/\/conakrynews.org\/index.php\/wp-json\/wp\/v2\/posts"}],"about":[{"href":"https:\/\/conakrynews.org\/index.php\/wp-json\/wp\/v2\/types\/post"}],"author":[{"embeddable":true,"href":"https:\/\/conakrynews.org\/index.php\/wp-json\/wp\/v2\/users\/2"}],"replies":[{"embeddable":true,"href":"https:\/\/conakrynews.org\/index.php\/wp-json\/wp\/v2\/comments?post=9415"}],"version-history":[{"count":0,"href":"https:\/\/conakrynews.org\/index.php\/wp-json\/wp\/v2\/posts\/9415\/revisions"}],"wp:featuredmedia":[{"embeddable":true,"href":"https:\/\/conakrynews.org\/index.php\/wp-json\/wp\/v2\/media\/9420"}],"wp:attachment":[{"href":"https:\/\/conakrynews.org\/index.php\/wp-json\/wp\/v2\/media?parent=9415"}],"wp:term":[{"taxonomy":"category","embeddable":true,"href":"https:\/\/conakrynews.org\/index.php\/wp-json\/wp\/v2\/categories?post=9415"},{"taxonomy":"post_tag","embeddable":true,"href":"https:\/\/conakrynews.org\/index.php\/wp-json\/wp\/v2\/tags?post=9415"}],"curies":[{"name":"wp","href":"https:\/\/api.w.org\/{rel}","templated":true}]}}