{"id":9471,"date":"2021-07-08T08:01:54","date_gmt":"2021-07-08T08:01:54","guid":{"rendered":"https:\/\/conakrynews.org\/?p=9471"},"modified":"2021-07-08T21:59:48","modified_gmt":"2021-07-08T21:59:48","slug":"jovenel-moise-le-president-haitien-a-ete-tue-dans-une-attaque-a-son-domicile","status":"publish","type":"post","link":"https:\/\/conakrynews.org\/index.php\/jovenel-moise-le-president-haitien-a-ete-tue-dans-une-attaque-a-son-domicile\/","title":{"rendered":"Jovenel Moise : le pr\u00e9sident ha\u00eftien a \u00e9t\u00e9 tu\u00e9 dans une attaque \u00e0 son domicile"},"content":{"rendered":"<h1 class=\"name post-title entry-title\"><\/h1>\n<div class=\"clear\"><b>da pr\u00e9sident ha\u00eftien Jovenel Mo\u00efse est tu\u00e9 lors d\u2019une attaque contre sa r\u00e9sidence dans la capitale du pays, selon le premier ministre int\u00e9rimaire.<\/b><\/div>\n<div class=\"entry\">\n<div class=\"bbc-19j92fr e57qer20\" dir=\"ltr\">\n<p class=\"bbc-ph03xj e1cc2ql70\" dir=\"ltr\">Claude Joseph affirme que la r\u00e9sidence du pr\u00e9sident \u00e0 Port-au-Prince a \u00e9t\u00e9 prise d\u2019assaut par des hommes arm\u00e9s non identifi\u00e9s \u00e0 01h00 heure locale (05h00 GMT).<\/p>\n<\/div>\n<div class=\"bbc-19j92fr e57qer20\" dir=\"ltr\">\n<p class=\"bbc-ph03xj e1cc2ql70\" dir=\"ltr\">La premi\u00e8re dame aurait \u00e9galement \u00e9t\u00e9 bless\u00e9e dans l\u2019attaque.<\/p>\n<div class=\"bbc-19j92fr e57qer20\" dir=\"ltr\">\n<p class=\"bbc-ph03xj e1cc2ql70\" dir=\"ltr\">Selon M. Joseph, \u00ab\u00a0toutes les mesures sont prises pour garantir la continuit\u00e9 de l\u2019Etat\u00a0\u00bb.<\/p>\n<\/div>\n<div class=\"bbc-19j92fr e57qer20\" dir=\"ltr\">\n<p class=\"bbc-ph03xj e1cc2ql70\" dir=\"ltr\">Jovenel Mo\u00efse, 53 ans, \u00e9tait au pouvoir depuis f\u00e9vrier 2017, apr\u00e8s la d\u00e9mission de son pr\u00e9d\u00e9cesseur, Michel Martelly.<\/p>\n<div class=\"bbc-19j92fr e57qer20\" dir=\"ltr\">\n<p class=\"bbc-ph03xj e1cc2ql70\" dir=\"ltr\">Selon M. Joseph, \u00ab\u00a0toutes les mesures sont prises pour garantir la continuit\u00e9 de l\u2019Etat\u00a0\u00bb.<\/p>\n<\/div>\n<div class=\"bbc-19j92fr e57qer20\" dir=\"ltr\">\n<p class=\"bbc-ph03xj e1cc2ql70\" dir=\"ltr\">Jovenel Mo\u00efse, 53 ans, \u00e9tait au pouvoir depuis f\u00e9vrier 2017, apr\u00e8s la d\u00e9mission de son pr\u00e9d\u00e9cesseur, Michel Martelly.<\/p>\n<\/div>\n<div class=\"bbc-19j92fr e57qer20\" dir=\"ltr\">\n<h2 id=\"Un-mandat-mouvement\u00e9\" class=\"bbc-1o7vlk5 e14hemmw0\">Un mandat mouvement\u00e9<\/h2>\n<div class=\"bbc-19j92fr e57qer20\" dir=\"ltr\">\n<p class=\"bbc-ph03xj e1cc2ql70\" dir=\"ltr\">Le mandat de M. Mo\u00efse a \u00e9t\u00e9 mouvement\u00e9, car il a d\u00fb faire face \u00e0 des accusations de corruption et a \u00e9t\u00e9 contest\u00e9 par des vagues de manifestations antigouvernementales souvent violentes.<\/p>\n<\/div>\n<div class=\"bbc-19j92fr e57qer20\" dir=\"ltr\">\n<p class=\"bbc-ph03xj e1cc2ql70\" dir=\"ltr\">Des manifestations de grande ampleur ont eu lieu dans la capitale et dans d\u2019autres villes au d\u00e9but de l\u2019ann\u00e9e, la population exigeant sa d\u00e9mission.<\/p>\n<\/div>\n<div class=\"bbc-19j92fr e57qer20\" dir=\"ltr\">\n<p class=\"bbc-ph03xj e1cc2ql70\" dir=\"ltr\">L\u2019opposition ha\u00eftienne soutient que le mandat de cinq ans de M. Mo\u00efse aurait d\u00fb prendre fin le 7 f\u00e9vrier 2021, soit cinq ans jour pour jour apr\u00e8s le d\u00e9part de M. Martelly.<\/p>\n<div class=\"bbc-19j92fr e57qer20\" dir=\"ltr\">\n<p class=\"bbc-ph03xj e1cc2ql70\" dir=\"ltr\">M. Mo\u00efse a cependant insist\u00e9 sur le fait qu\u2019il avait une ann\u00e9e de plus \u00e0 servir puisqu\u2019il n\u2019a pris ses fonctions que le 7 f\u00e9vrier 2017.<\/p>\n<\/div>\n<div class=\"bbc-19j92fr e57qer20\" dir=\"ltr\">\n<p class=\"bbc-ph03xj e1cc2ql70\" dir=\"ltr\">Ce retard d\u2019un an est d\u00fb \u00e0 des all\u00e9gations de fraude \u00e9lectorale qui ont conduit \u00e0 l\u2019annulation du scrutin de 2015 et \u00e0 l\u2019organisation de nouvelles \u00e9lections, remport\u00e9es par le d\u00e9funt pr\u00e9sident.<\/p>\n<p dir=\"ltr\"><strong>Avec BBC<\/strong><\/p>\n<\/div>\n<\/div>\n<\/div>\n<\/div>\n<\/div>\n<\/div>\n","protected":false},"excerpt":{"rendered":"<p>da pr\u00e9sident ha\u00eftien Jovenel Mo\u00efse est tu\u00e9 lors d\u2019une attaque contre sa r\u00e9sidence dans la capitale du pays, selon le premier ministre int\u00e9rimaire. Claude Joseph affirme que la r\u00e9sidence du pr\u00e9sident \u00e0 Port-au-Prince a \u00e9t\u00e9 prise d\u2019assaut par des hommes arm\u00e9s non identifi\u00e9s \u00e0 01h00 heure locale (05h00 GMT). La premi\u00e8re dame aurait \u00e9galement \u00e9t\u00e9 [&hellip;]<\/p>\n","protected":false},"author":2,"featured_media":9472,"comment_status":"closed","ping_status":"closed","sticky":false,"template":"","format":"standard","meta":{"footnotes":""},"categories":[57],"tags":[],"class_list":{"0":"post-9471","1":"post","2":"type-post","3":"status-publish","4":"format-standard","5":"has-post-thumbnail","7":"category-politique"},"_links":{"self":[{"href":"https:\/\/conakrynews.org\/index.php\/wp-json\/wp\/v2\/posts\/9471","targetHints":{"allow":["GET"]}}],"collection":[{"href":"https:\/\/conakrynews.org\/index.php\/wp-json\/wp\/v2\/posts"}],"about":[{"href":"https:\/\/conakrynews.org\/index.php\/wp-json\/wp\/v2\/types\/post"}],"author":[{"embeddable":true,"href":"https:\/\/conakrynews.org\/index.php\/wp-json\/wp\/v2\/users\/2"}],"replies":[{"embeddable":true,"href":"https:\/\/conakrynews.org\/index.php\/wp-json\/wp\/v2\/comments?post=9471"}],"version-history":[{"count":0,"href":"https:\/\/conakrynews.org\/index.php\/wp-json\/wp\/v2\/posts\/9471\/revisions"}],"wp:featuredmedia":[{"embeddable":true,"href":"https:\/\/conakrynews.org\/index.php\/wp-json\/wp\/v2\/media\/9472"}],"wp:attachment":[{"href":"https:\/\/conakrynews.org\/index.php\/wp-json\/wp\/v2\/media?parent=9471"}],"wp:term":[{"taxonomy":"category","embeddable":true,"href":"https:\/\/conakrynews.org\/index.php\/wp-json\/wp\/v2\/categories?post=9471"},{"taxonomy":"post_tag","embeddable":true,"href":"https:\/\/conakrynews.org\/index.php\/wp-json\/wp\/v2\/tags?post=9471"}],"curies":[{"name":"wp","href":"https:\/\/api.w.org\/{rel}","templated":true}]}}