{"id":9489,"date":"2021-07-09T18:11:46","date_gmt":"2021-07-09T18:11:46","guid":{"rendered":"https:\/\/conakrynews.org\/?p=9489"},"modified":"2021-07-11T18:58:08","modified_gmt":"2021-07-11T18:58:08","slug":"conakry-le-premier-kassory-fofana-preside-la-ceremonie-de-cloture-de-la-semaine-de-lelectricite","status":"publish","type":"post","link":"https:\/\/conakrynews.org\/index.php\/conakry-le-premier-kassory-fofana-preside-la-ceremonie-de-cloture-de-la-semaine-de-lelectricite\/","title":{"rendered":"Conakry : Le premier ministre  Kassory Fofana\u00a0 pr\u00e9side\u00a0 la c\u00e9r\u00e9monie de Cl\u00f4ture de la \u00ab\u00a0Semaine de l&rsquo;Electricit\u00e9\u00a0\u00bb"},"content":{"rendered":"<div dir=\"auto\"><img loading=\"lazy\" decoding=\"async\" class=\"alignright size-medium wp-image-9491\" src=\"https:\/\/conakrynews.org\/wp-content\/uploads\/2021\/07\/IMG_20210709_093358_2-500x375.jpg\" alt=\"\" width=\"500\" height=\"375\" srcset=\"https:\/\/conakrynews.org\/wp-content\/uploads\/2021\/07\/IMG_20210709_093358_2-500x375.jpg 500w, https:\/\/conakrynews.org\/wp-content\/uploads\/2021\/07\/IMG_20210709_093358_2-768x576.jpg 768w, https:\/\/conakrynews.org\/wp-content\/uploads\/2021\/07\/IMG_20210709_093358_2-1536x1152.jpg 1536w, https:\/\/conakrynews.org\/wp-content\/uploads\/2021\/07\/IMG_20210709_093358_2-2048x1536.jpg 2048w\" sizes=\"auto, (max-width: 500px) 100vw, 500px\" \/><img loading=\"lazy\" decoding=\"async\" class=\"alignright size-medium wp-image-9493\" src=\"https:\/\/conakrynews.org\/wp-content\/uploads\/2021\/07\/IMG_20210709_093319_6-500x375.jpg\" alt=\"\" width=\"500\" height=\"375\" srcset=\"https:\/\/conakrynews.org\/wp-content\/uploads\/2021\/07\/IMG_20210709_093319_6-500x375.jpg 500w, https:\/\/conakrynews.org\/wp-content\/uploads\/2021\/07\/IMG_20210709_093319_6-768x576.jpg 768w, https:\/\/conakrynews.org\/wp-content\/uploads\/2021\/07\/IMG_20210709_093319_6-1536x1152.jpg 1536w, https:\/\/conakrynews.org\/wp-content\/uploads\/2021\/07\/IMG_20210709_093319_6-2048x1536.jpg 2048w\" sizes=\"auto, (max-width: 500px) 100vw, 500px\" \/><img loading=\"lazy\" decoding=\"async\" class=\"alignright size-medium wp-image-9494\" src=\"https:\/\/conakrynews.org\/wp-content\/uploads\/2021\/07\/received_132579655672649-500x375.jpeg\" alt=\"\" width=\"500\" height=\"375\" srcset=\"https:\/\/conakrynews.org\/wp-content\/uploads\/2021\/07\/received_132579655672649-500x375.jpeg 500w, https:\/\/conakrynews.org\/wp-content\/uploads\/2021\/07\/received_132579655672649-768x576.jpeg 768w, https:\/\/conakrynews.org\/wp-content\/uploads\/2021\/07\/received_132579655672649.jpeg 816w\" sizes=\"auto, (max-width: 500px) 100vw, 500px\" \/><img loading=\"lazy\" decoding=\"async\" class=\"alignright size-medium wp-image-9495\" src=\"https:\/\/conakrynews.org\/wp-content\/uploads\/2021\/07\/received_1583942465134420-500x375.jpeg\" alt=\"\" width=\"500\" height=\"375\" srcset=\"https:\/\/conakrynews.org\/wp-content\/uploads\/2021\/07\/received_1583942465134420-500x375.jpeg 500w, https:\/\/conakrynews.org\/wp-content\/uploads\/2021\/07\/received_1583942465134420-768x576.jpeg 768w, https:\/\/conakrynews.org\/wp-content\/uploads\/2021\/07\/received_1583942465134420.jpeg 816w\" sizes=\"auto, (max-width: 500px) 100vw, 500px\" \/><\/div>\n<div dir=\"auto\"><\/div>\n<div dir=\"auto\"><\/div>\n<div dir=\"auto\"><\/div>\n<div dir=\"auto\"><\/div>\n<div dir=\"auto\">Apr\u00e8s plusieurs jours de campagne de sensibilisation et d&rsquo;informations par rapport \u00e0 la meilleure gestion de l&rsquo;\u00e9lectricit\u00e9 par nos populations.Et sous la presidence du Premier ministre chef du Gouverment, Dr Kassory Fofana,des responsables\u00a0 de la\u00a0 direction g\u00e9n\u00e9rale de l&rsquo;Electricit\u00e9 de Guin\u00e9e,du minist\u00e8re de l&rsquo;\u00e9nergie et des partenaires techniques et financiers ont organis\u00e9 ce vendredi,09 juillet 2021, dans un r\u00e9ceptif h\u00f4telier de la place, la c\u00e9r\u00e9monie de cl\u00f4ture de l&rsquo;un des\u00a0 projets phares de EDG appel\u00e9 \u2039\u2039Semaine de l&rsquo;Electricit\u00e9\u203a\u203a. Cette importante c\u00e9r\u00e9monie a connu la pr\u00e9sence de plusieurs personnalit\u00e9s notamment,le premier ministre chef du Gouvernement,le ministre de la Communication, Amara Sompar\u00e9,Mme la ministre de l&rsquo;\u00e9nergie,le pr\u00e9sident du conseil d&rsquo;Administration d&rsquo;EDG,M.Bah Ousmane,le directeur g\u00e9n\u00e9ral d&rsquo;EDG,des repr\u00e9sentants des partenaires techniques et financiers de la Guin\u00e9e et des\u00a0 cadres \u00e9voluant dans le secteur \u00e9nerg\u00e9tique.<\/div>\n<div dir=\"auto\"><\/div>\n<div dir=\"auto\"><\/div>\n<div dir=\"auto\"><\/div>\n<div dir=\"auto\"><\/div>\n<div dir=\"auto\"><\/div>\n<div dir=\"auto\"><\/div>\n<div dir=\"auto\"><\/div>\n<div dir=\"auto\"><\/div>\n<div dir=\"auto\">Il s&rsquo;agissait d&rsquo;organiser des activit\u00e9s de sensibilisation \u00e0 travers des conf\u00e9rences d\u00e9bats et des Colloques\u00a0 \u00a0\u00e0 l&rsquo;intention des couches sociales de la Guin\u00e9e par rapport \u00e0\u00a0 une consommation rationnelle de notre \u00e9nergie.<\/div>\n<div dir=\"auto\"><\/div>\n<div dir=\"auto\"><\/div>\n<div dir=\"auto\"><\/div>\n<div dir=\"auto\"><\/div>\n<div dir=\"auto\"><\/div>\n<div dir=\"auto\"><\/div>\n<div dir=\"auto\"><\/div>\n<div dir=\"auto\"><\/div>\n<div dir=\"auto\">Prenant la parole,Mme la ministre de l&rsquo;\u00e9nergie,Bountouraby Yattara, a d\u00e9clar\u00e9 :\u2039\u2039 Cette initiative de la direction g\u00e9n\u00e9rale\u00a0 de la soci\u00e9t\u00e9\u00a0 d&rsquo;\u00c9lectricit\u00e9 de Guin\u00e9e S.A s&rsquo;inscrit en droite ligne de la politique g\u00e9n\u00e9rale de d\u00e9veloppement\u00a0 de la Guin\u00e9e en mati\u00e8re d&rsquo;\u00e9lectricit\u00e9. Les r\u00e9formes entam\u00e9es par l&rsquo;EDG vise \u00e0 r\u00e9duire de fa\u00e7on significative la subvention de l&rsquo;Etat, assurer la s\u00e9curit\u00e9 des recettes, renforcer les capacit\u00e9s et veuillez au respect des engagements de l&rsquo;ensemble des acteurs du secteur\u203a\u203a, a -telle d\u00e9clar\u00e9.<\/div>\n<div dir=\"auto\"><\/div>\n<div dir=\"auto\"><\/div>\n<div dir=\"auto\"><\/div>\n<div dir=\"auto\"><\/div>\n<div dir=\"auto\"><\/div>\n<div dir=\"auto\">Avant de rappeler le contexte\u00a0 et les enjeux li\u00e9s \u00e0 l&rsquo;organisation de la \u2039\u2039Semaine de l&rsquo;Electricit\u00e9 \u203a\u203aen Guin\u00e9e.<\/div>\n<div dir=\"auto\"><\/div>\n<div dir=\"auto\"><\/div>\n<div dir=\"auto\"><\/div>\n<div dir=\"auto\"><\/div>\n<div dir=\"auto\"><\/div>\n<div dir=\"auto\"><\/div>\n<div dir=\"auto\">\u2039\u2039Pour mieux cerner le contexte et les enjeux de la \u2039\u2039semaine de l&rsquo;\u00e9lectricit\u00e9\u203a\u203a, il serait utile de rappeler le contexte.\u2039\u2039 Nous rappelons tous qu&rsquo;il y a dix ans l&rsquo;\u00e9lectricit\u00e9 etait une denr\u00e9e rare pour la population guin\u00e9enne. Le secteur de l&rsquo;\u00e9nergie joue un r\u00f4le centrale dans l&rsquo;\u00e9lan de d\u00e9veloppement que M. le pr\u00e9sident de la R\u00e9publique a imprim\u00e9 \u00e0 notre cher pays depuis son accession au pouvoir. Aujourd&rsquo;hui la desserte en courant \u00e9lectrique s&rsquo;est consid\u00e9rablement am\u00e9lior\u00e9e gr\u00e2ce \u00e0 la construction\u00a0 des\u00a0 nouvelles sources de production de l&rsquo;\u00e9lectricit\u00e9&gt;&gt; affirmera Mme la ministre.<\/div>\n<div dir=\"auto\"><\/div>\n<div dir=\"auto\"><\/div>\n<div dir=\"auto\"><\/div>\n<div dir=\"auto\"><\/div>\n<div dir=\"auto\"><\/div>\n<div dir=\"auto\"><\/div>\n<div dir=\"auto\">De poursuivre,elle a\u00a0 dit :\u2039\u2039 cette premi\u00e8re \u00e9dition de la \u2039\u2039semaine de l&rsquo;\u00c9lectricit\u00e9\u203a\u203a organis\u00e9e \u00e0\u00a0 travers des colloques universitaires, de la sensibilisation dans les quartiers, des interventions m\u00e9diatiques a atteint\u00a0 tous ses objectifs. Car au tant\u00a0 que l&rsquo;EDG\u00a0 a\u00a0 la responsabilit\u00e9 de fournir une \u00e9lectrique de qualit\u00e9 \u00e0 tous, au tant chaque consommateur et acteur\u00a0 a le devoir de tenir ses engagements envers l&rsquo;EDG\u203a\u203a, a fait savoir Bountouraby Yattara.<\/div>\n<div dir=\"auto\"><\/div>\n<div dir=\"auto\"><\/div>\n<div dir=\"auto\"><\/div>\n<div dir=\"auto\"><\/div>\n<div dir=\"auto\"><\/div>\n<div dir=\"auto\"><\/div>\n<div dir=\"auto\"><\/div>\n<div dir=\"auto\">Pour\u00a0 clore son intervention, elle a affirm\u00e9\u00a0 que\u00a0 l&rsquo;organisation de la\u00a0 \u00ab\u00a0Semaine de l&rsquo;\u00c9lectricit\u00e9\u00a0\u00bb\u00a0 a \u00e9t\u00e9 fructueuse en \u00e9changes francs\u00a0 et constructifs\u00a0 qui ont abouti \u00e0 des r\u00e9sultats \u00e0 la hauteur de toutes les attentes. \u2039\u2039Je suis persuad\u00e9 que chaque citoyen\u00a0 adoptera une consommation \u00e9lectrique responsables et \u00e9conomique afin de permettre l&rsquo;\u00e9lectricit\u00e9 \u00e0 tous\u203a\u203a a conclu la ministre.<\/div>\n<div dir=\"auto\"><\/div>\n<div dir=\"auto\"><\/div>\n<div dir=\"auto\"><\/div>\n<div dir=\"auto\"><\/div>\n<div dir=\"auto\"><\/div>\n<div dir=\"auto\"><\/div>\n<div dir=\"auto\"><\/div>\n<div dir=\"auto\">Pour sa part, le Directeur G\u00e9n\u00e9ral de l&rsquo;\u00c9lectricit\u00e9 de Guin\u00e9e (EDG),a expliqu\u00e9 \u00e0 l&rsquo;assistance :\u2039\u2039 le message fort ici est que 78% des moyens de production d&rsquo;EDG ont \u00e9t\u00e9s obtenus pendant les dix derni\u00e8res ann\u00e9es. Donc, de 1950 en 1984 la Guin\u00e9e disposait de 99,7 MWHT. De 1984 \u00e0 2010 on avait 194 MW et pendants les dix derni\u00e8res ann\u00e9es, on a eu une installation de 1040 MW.<\/div>\n<div dir=\"auto\">L&rsquo;autre contexte c&rsquo;est l&rsquo;insuffisance des recettes,un d\u00e9fi auquel fait face l&rsquo;EDG, aujourd&rsquo;hui en moyenne les recettes font appelle \u00e0\u00a0 30% du co\u00fbt d&rsquo;exploitation et cela est d\u00fb \u00e0 deux \u00e9l\u00e9ments. Le premier \u00e9l\u00e9ment est le fait que le prix moyen est tr\u00e8s bas comparativement au co\u00fbt\u00a0 d&rsquo;exploitation ;c&rsquo;est \u00e0 dire le prix de revient, et le deuxi\u00e8me d\u00e9fi,le nombre de clients aux compteurs\u00a0 se situe autour de 30%,il y a beaucoup d&rsquo;abonn\u00e9s qui ne payent\u00a0 pas soit la facture ou \u00e0 un co\u00fbt moyen \u00e9lev\u00e9. Donc, le cap entre les recettes et le co\u00fbt est \u00e0 70% ,c&rsquo;est \u00e9norme\u203a\u203a, a -t-il expliqu\u00e9.<\/div>\n<div dir=\"auto\"><\/div>\n<div dir=\"auto\"><\/div>\n<div dir=\"auto\"><\/div>\n<div dir=\"auto\"><\/div>\n<div dir=\"auto\"><\/div>\n<div dir=\"auto\"><\/div>\n<div dir=\"auto\"><\/div>\n<div dir=\"auto\"><\/div>\n<div dir=\"auto\">Et d&rsquo;ajouter:\u2039\u2039 du point de vue des ressources\u00a0 humaines aujourd&rsquo;hui, 78% du personnel de l&rsquo;EDG a\u00a0 plus de 40 ans parmi eux 51% ont 50 ans. Les cons\u00e9quences \u00e0 cela pour une entreprise industrielle, la pyramide des \u00e2ges pour notre compagnie est invers\u00e9es et cela a un grand impact sur la productivit\u00e9. Les cadres\u00a0 de haut niveau au nombre de 61 vont aller\u00a0 \u00e0 la retraite pendant les 5 prochaines\u00a0 ann\u00e9es. Cela repr\u00e9sente un grand risque de comp\u00e9tences auxquels nous devons faire face rapidement\u203a\u203a, a-t-il ajout\u00e9.<\/div>\n<div dir=\"auto\"><\/div>\n<div dir=\"auto\"><\/div>\n<div dir=\"auto\"><\/div>\n<div dir=\"auto\"><\/div>\n<div dir=\"auto\"><\/div>\n<div dir=\"auto\">\n<div dir=\"auto\"><\/div>\n<div dir=\"auto\"><\/div>\n<div dir=\"auto\"><\/div>\n<div dir=\"auto\"><\/div>\n<div dir=\"auto\"><\/div>\n<div dir=\"auto\"><\/div>\n<div dir=\"auto\">Pr\u00e9sent \u00e0 cette c\u00e9r\u00e9monie de cl\u00f4ture,le premier ministre chef du gouvernement,Dr Ibrahima Kassory Fofana, a d&rsquo;abord\u00a0 f\u00e9licit\u00e9\u00a0 les acteurs \u00e9voluant dans\u00a0 ce secteur pour la tenue de cette semaine. Avant d&rsquo;affirmer:\u2039\u2039 La semaine qui s&rsquo;ach\u00e8ve aura permis de rapprocher les services en charge de la gestion de notre secteur \u00e9lectrique et les citoyens \u00e0\u00a0 travers un dialogue ouvert et f\u00e9cond autour des probl\u00e9matiques de la fourniture et de la consommation de l&rsquo;\u00e9lectricit\u00e9. La \u00ab\u00a0semaine de l&rsquo;\u00e9lectricit\u00e9\u00a0\u00bb aura permis de mettre en lumi\u00e8re l&rsquo;ambition et les r\u00e9alisations de M.le president de la republique,son\u00a0 excellence le prof. Alpha Cond\u00e9, pour l&rsquo;effort du secteur \u00e9nerg\u00e9tique productif et durable au b\u00e9n\u00e9fice des populations et aux entreprises guin\u00e9ennes. Il me plait de f\u00e9liciter les acteurs qui ont contribu\u00e9 \u00e0 la r\u00e9ussite de cette \u00e9dition en particulier le minist\u00e8re de l&rsquo;\u00e9nergie et sa dynamique ministre et la soci\u00e9t\u00e9 d&rsquo;EDG et son dynamique directeur\u203a\u203a, a -t-il affirm\u00e9.<\/div>\n<div dir=\"auto\"><\/div>\n<div dir=\"auto\"><\/div>\n<div dir=\"auto\"><\/div>\n<div dir=\"auto\"><\/div>\n<div dir=\"auto\"><\/div>\n<div dir=\"auto\"><\/div>\n<div dir=\"auto\"><\/div>\n<div dir=\"auto\">\u00a0\u2039\u2039 Il est opportun de souligner que sous l&rsquo;impulsion du professeur Alpha Cond\u00e9, le d\u00e9fi de l&rsquo;\u00e9nergie en Guin\u00e9e\u00a0 \u00e0 \u00e9t\u00e9 relev\u00e9 ou camp\u00e9 comme jamais auparavant. Il est tout aussi loisible d&rsquo;observer\u00a0 que l&rsquo;engagement r\u00e9solu de monsieur le pr\u00e9sident dans ce secteur a produit des r\u00e9sultats tangibles\u00a0 dont les r\u00e9tomb\u00e9es directes ou indirectes sont visibles sur le bien \u00eatre des m\u00e9nages et sur les activit\u00e9s \u00e9conomiques en terme de vie de nos citoyens et concitoyens,et en terme de la productivit\u00e9 des entreprises. De l&rsquo;ach\u00e8vement r\u00e9cent de Souapiti, la deuxi\u00e8me centrale hydro\u00e9lectrique du pays en une d\u00e9cennie \u00e0 la restructuration de la soci\u00e9t\u00e9 les r\u00e9formes et les actions entreprises n&rsquo;ont jamais cess\u00e9 d\u00e9montrer\u00a0 les progr\u00e8s de plus en plus important, tangible dans ce secteur crucial de l&rsquo;\u00e9conomie. La capacit\u00e9 \u00e9nerg\u00e9tique install\u00e9e est pass\u00e9e de\u00a0 274 MWHT\u00a0 en 2010 \u00e0 peine dix ans \u00e0 1200 MWHT aujourd&rsquo;hui environ 335 % d&rsquo;augmentation de puissance(&#8230; )Nous sommes en droit d&rsquo;\u00eatre fier de ce qui a \u00e9t\u00e9 accompli et de ce qui est en cour de r\u00e9alisation et de ce qui est envisager \u00e0 court et long terme&gt;&gt; a\u00a0 conclu\u00a0 Dr.Kassory Fofana, premier ministre chef du Gouvernement.<\/div>\n<div dir=\"auto\"><\/div>\n<div dir=\"auto\"><\/div>\n<div dir=\"auto\"><\/div>\n<div dir=\"auto\"><\/div>\n<div dir=\"auto\"><\/div>\n<div dir=\"auto\"><\/div>\n<div dir=\"auto\"><\/div>\n<div dir=\"auto\">Sylla Ibrahima Kalil, pour\u00a0<a href=\"https:\/\/conakrynews.org\/\" target=\"_blank\" rel=\"noopener noreferrer\" data-saferedirecturl=\"https:\/\/www.google.com\/url?q=https:\/\/conakrynews.org&amp;source=gmail&amp;ust=1625940556794000&amp;usg=AFQjCNGW64fGpuo3No7_Go5DJVzgZVwdLw\">www.conakrynews.org<\/a>625444534<\/div>\n<\/div>\n","protected":false},"excerpt":{"rendered":"<p>Apr\u00e8s plusieurs jours de campagne de sensibilisation et d&rsquo;informations par rapport \u00e0 la meilleure gestion de l&rsquo;\u00e9lectricit\u00e9 par nos populations.Et sous la presidence du Premier ministre chef du Gouverment, Dr Kassory Fofana,des responsables\u00a0 de la\u00a0 direction g\u00e9n\u00e9rale de l&rsquo;Electricit\u00e9 de Guin\u00e9e,du minist\u00e8re de l&rsquo;\u00e9nergie et des partenaires techniques et financiers ont organis\u00e9 ce vendredi,09 juillet [&hellip;]<\/p>\n","protected":false},"author":2,"featured_media":9491,"comment_status":"closed","ping_status":"closed","sticky":false,"template":"","format":"standard","meta":{"footnotes":""},"categories":[58],"tags":[],"class_list":{"0":"post-9489","1":"post","2":"type-post","3":"status-publish","4":"format-standard","5":"has-post-thumbnail","7":"category-societe"},"_links":{"self":[{"href":"https:\/\/conakrynews.org\/index.php\/wp-json\/wp\/v2\/posts\/9489","targetHints":{"allow":["GET"]}}],"collection":[{"href":"https:\/\/conakrynews.org\/index.php\/wp-json\/wp\/v2\/posts"}],"about":[{"href":"https:\/\/conakrynews.org\/index.php\/wp-json\/wp\/v2\/types\/post"}],"author":[{"embeddable":true,"href":"https:\/\/conakrynews.org\/index.php\/wp-json\/wp\/v2\/users\/2"}],"replies":[{"embeddable":true,"href":"https:\/\/conakrynews.org\/index.php\/wp-json\/wp\/v2\/comments?post=9489"}],"version-history":[{"count":0,"href":"https:\/\/conakrynews.org\/index.php\/wp-json\/wp\/v2\/posts\/9489\/revisions"}],"wp:featuredmedia":[{"embeddable":true,"href":"https:\/\/conakrynews.org\/index.php\/wp-json\/wp\/v2\/media\/9491"}],"wp:attachment":[{"href":"https:\/\/conakrynews.org\/index.php\/wp-json\/wp\/v2\/media?parent=9489"}],"wp:term":[{"taxonomy":"category","embeddable":true,"href":"https:\/\/conakrynews.org\/index.php\/wp-json\/wp\/v2\/categories?post=9489"},{"taxonomy":"post_tag","embeddable":true,"href":"https:\/\/conakrynews.org\/index.php\/wp-json\/wp\/v2\/tags?post=9489"}],"curies":[{"name":"wp","href":"https:\/\/api.w.org\/{rel}","templated":true}]}}