{"id":9515,"date":"2021-07-10T09:53:44","date_gmt":"2021-07-10T09:53:44","guid":{"rendered":"https:\/\/conakrynews.org\/?p=9515"},"modified":"2021-07-10T18:10:15","modified_gmt":"2021-07-10T18:10:15","slug":"le-retrait-americain-dafghanistan-sera-finalise-le-31-aout","status":"publish","type":"post","link":"https:\/\/conakrynews.org\/index.php\/le-retrait-americain-dafghanistan-sera-finalise-le-31-aout\/","title":{"rendered":"Le retrait am\u00e9ricain d\u2019Afghanistan sera finalis\u00e9 le 31 ao\u00fbt"},"content":{"rendered":"<div class=\"td-post-header\">\n<header class=\"td-post-title\">\n<h1 class=\"entry-title\"><\/h1>\n<div class=\"td-module-meta-info\">\n<div class=\"td-post-author-name\">\n<blockquote>\n<div class=\"td-author-by\"><\/div>\n<\/blockquote>\n<\/div>\n<\/div>\n<\/header>\n<\/div>\n<div class=\"td-post-sharing td-post-sharing-top \">\n<div class=\"td-default-sharing\"><i class=\"td-icon-facebook\"><\/i>\u00a0<i class=\"td-icon-twitter\"><\/i>\u00a0<i class=\"td-icon-googleplus\"><\/i>\u00a0<i class=\"td-icon-pinterest\"><\/i>\u00a0<i class=\"td-icon-whatsapp\"><\/i><\/div>\n<\/div>\n<div class=\"td-post-content\">\n<div class=\"td-post-featured-image\"><a class=\"td-modal-image\" href=\"https:\/\/liberationinfo.com\/wp-content\/uploads\/2021\/07\/744d063107c43d7ea1814f3439d1795a.jpeg\" data-caption=\"\"><img loading=\"lazy\" decoding=\"async\" class=\"entry-thumb td-animation-stack-type0-2\" title=\"744d063107c43d7ea1814f3439d1795a\" src=\"https:\/\/liberationinfo.com\/wp-content\/uploads\/2021\/07\/744d063107c43d7ea1814f3439d1795a-696x464.jpeg\" alt=\"\" width=\"696\" height=\"464\" \/><\/a><\/div>\n<div class=\"o-header\">\n<header class=\"o-header__inner\" role=\"banner\">\n<div class=\"o-header__inner__background\">\n<div class=\"o-header__player-links a-player-links a-player-links--has-two-lives\">\n<div class=\"a-audio-player-button\">\n<div class=\"a-player-links__link__live\"><\/div>\n<\/div>\n<\/div>\n<\/div>\n<\/header>\n<\/div>\n<div class=\"t-content t-content--article\">\n<article data-article-content=\"\">\n<p class=\"t-content__chapo\" data-speech-chapo=\"Les troupes am\u00e9ricaines auront quitt\u00e9 l\u2019Afghanistan le 31 ao\u00fbt prochain, a annonc\u00e9 ce jeudi Joe Biden. Le pr\u00e9sident avait initialement fix\u00e9 l\u2019\u00e9ch\u00e9ance au 11 septembre, pour le vingti\u00e8me anniversaire de l\u2019attentat du World Trade Center. Il estime que la mission des Am\u00e9ricains sur place a \u00e9t\u00e9 remplie et qu\u2019un retrait rapide est la meilleure option pour garantir la s\u00e9curit\u00e9 des soldats am\u00e9ricains encore sur place.\">Les troupes am\u00e9ricaines auront quitt\u00e9 l\u2019Afghanistan le 31 ao\u00fbt prochain, a annonc\u00e9 ce jeudi Joe Biden. Le pr\u00e9sident avait initialement fix\u00e9 l\u2019\u00e9ch\u00e9ance au 11 septembre, pour le vingti\u00e8me anniversaire de l\u2019attentat du World Trade Center. Il estime que la mission des Am\u00e9ricains sur place a \u00e9t\u00e9 remplie et qu\u2019un retrait rapide est la meilleure option pour garantir la s\u00e9curit\u00e9 des soldats am\u00e9ricains encore sur place.<\/p>\n<div class=\"t-content__body u-clearfix\">\n<p>Le 31 ao\u00fbt sonnera le glas de vingt ans de pr\u00e9sence militaire am\u00e9ricaine en Afghanistan. Pour Joe Biden, les \u00c9tats-Unis ont atteint leurs objectifs : \u00e9liminer Oussama Ben Laden, \u00e9radiquer toute menace d\u2019attaque men\u00e9e sur le sol am\u00e9ricain depuis l\u2019Afghanistan.<\/p>\n<div id=\"tms-ad-inread-1713917254190287\" class=\"tms-ad\">\n<div id=\"divVideoStepAdBottom\" class=\"divVideoStep\"><\/div>\n<\/div>\n<p>Et le pr\u00e9sident am\u00e9ricain en est convaincu : rester une ann\u00e9e de plus n\u2019apporterait rien, si ce n\u2019est des pertes suppl\u00e9mentaires \u00e0 l\u2019arm\u00e9e am\u00e9ricaine\u00a0: \u00ab\u00a0<em>Apr\u00e8s vingt ans, un billion de dollars d\u00e9pens\u00e9s \u00e0 \u00e9quiper et entra\u00eener des centaines de milliers de soldats afghans, 2<\/em>\u00a0<em>448 am\u00e9ricains tu\u00e9s, 20<\/em>\u00a0<em>722 autres bless\u00e9s et des milliers d\u2019autres rentr\u00e9s \u00e0 la maison avec des traumatismes mentaux invisibles, je n\u2019enverrai pas une nouvelle g\u00e9n\u00e9ration d\u2019Am\u00e9ricains faire la guerre en Afghanistan sans l\u2019espoir raisonnable d\u2019obtenir un r\u00e9sultat diff\u00e9rent.<\/em>\u00a0\u00bb<\/p>\n<p>\u00ab\u00a0<em>La prise du pouvoir par les talibans n\u2019est pas in\u00e9luctable\u00a0<\/em>\u00bb, assure le pr\u00e9sident am\u00e9ricain. \u00ab\u00a0<em>Je fais confiance \u00e0 l\u2019arm\u00e9e afghane.\u00a0<\/em>\u00bb Joe Biden le mart\u00e8le, c\u2019est aux Afghans de d\u00e9cider de leur avenir. Et il le rappelle\u00a0: aucun pays n\u2019a jamais r\u00e9ussi \u00e0 imposer sa loi sur ce pays.<\/p>\n<p>Avec RFI<\/p>\n<\/div>\n<\/article>\n<\/div>\n<\/div>\n","protected":false},"excerpt":{"rendered":"<p>\u00a0\u00a0\u00a0\u00a0 Les troupes am\u00e9ricaines auront quitt\u00e9 l\u2019Afghanistan le 31 ao\u00fbt prochain, a annonc\u00e9 ce jeudi Joe Biden. Le pr\u00e9sident avait initialement fix\u00e9 l\u2019\u00e9ch\u00e9ance au 11 septembre, pour le vingti\u00e8me anniversaire de l\u2019attentat du World Trade Center. Il estime que la mission des Am\u00e9ricains sur place a \u00e9t\u00e9 remplie et qu\u2019un retrait rapide est la meilleure [&hellip;]<\/p>\n","protected":false},"author":2,"featured_media":9516,"comment_status":"closed","ping_status":"closed","sticky":false,"template":"","format":"standard","meta":{"footnotes":""},"categories":[58],"tags":[],"class_list":{"0":"post-9515","1":"post","2":"type-post","3":"status-publish","4":"format-standard","5":"has-post-thumbnail","7":"category-societe"},"_links":{"self":[{"href":"https:\/\/conakrynews.org\/index.php\/wp-json\/wp\/v2\/posts\/9515","targetHints":{"allow":["GET"]}}],"collection":[{"href":"https:\/\/conakrynews.org\/index.php\/wp-json\/wp\/v2\/posts"}],"about":[{"href":"https:\/\/conakrynews.org\/index.php\/wp-json\/wp\/v2\/types\/post"}],"author":[{"embeddable":true,"href":"https:\/\/conakrynews.org\/index.php\/wp-json\/wp\/v2\/users\/2"}],"replies":[{"embeddable":true,"href":"https:\/\/conakrynews.org\/index.php\/wp-json\/wp\/v2\/comments?post=9515"}],"version-history":[{"count":0,"href":"https:\/\/conakrynews.org\/index.php\/wp-json\/wp\/v2\/posts\/9515\/revisions"}],"wp:featuredmedia":[{"embeddable":true,"href":"https:\/\/conakrynews.org\/index.php\/wp-json\/wp\/v2\/media\/9516"}],"wp:attachment":[{"href":"https:\/\/conakrynews.org\/index.php\/wp-json\/wp\/v2\/media?parent=9515"}],"wp:term":[{"taxonomy":"category","embeddable":true,"href":"https:\/\/conakrynews.org\/index.php\/wp-json\/wp\/v2\/categories?post=9515"},{"taxonomy":"post_tag","embeddable":true,"href":"https:\/\/conakrynews.org\/index.php\/wp-json\/wp\/v2\/tags?post=9515"}],"curies":[{"name":"wp","href":"https:\/\/api.w.org\/{rel}","templated":true}]}}