{"id":9533,"date":"2021-07-11T11:47:55","date_gmt":"2021-07-11T11:47:55","guid":{"rendered":"https:\/\/conakrynews.org\/?p=9533"},"modified":"2021-07-11T15:35:08","modified_gmt":"2021-07-11T15:35:08","slug":"hait-demande-a-washington-et-a-lonu-lenvoi-de-troupes-pour-securiser-le-pays","status":"publish","type":"post","link":"https:\/\/conakrynews.org\/index.php\/hait-demande-a-washington-et-a-lonu-lenvoi-de-troupes-pour-securiser-le-pays\/","title":{"rendered":"Ha\u00efti demande \u00e0 Washington et \u00e0 l\u2019ONU l\u2019envoi de troupes pour s\u00e9curiser le pays"},"content":{"rendered":"<div class=\"td-post-header\">\n<header class=\"td-post-title\">\n<h1 class=\"entry-title\"><\/h1>\n<div class=\"td-module-meta-info\">\n<div class=\"td-post-author-name\">\n<div class=\"td-author-by\"><\/div>\n<\/div>\n<\/div>\n<\/header>\n<\/div>\n<div class=\"td-post-sharing td-post-sharing-top \">\n<div class=\"td-default-sharing\"><i class=\"td-icon-facebook\"><\/i>\u00a0<i class=\"td-icon-twitter\"><\/i>\u00a0<i class=\"td-icon-googleplus\"><\/i>\u00a0<i class=\"td-icon-pinterest\"><\/i>\u00a0<i class=\"td-icon-whatsapp\"><\/i><\/div>\n<\/div>\n<div class=\"td-post-content\">\n<div class=\"td-post-featured-image\"><a class=\"td-modal-image\" href=\"https:\/\/liberationinfo.com\/wp-content\/uploads\/2021\/07\/Haiti-1.jpg\" data-caption=\"\"><img loading=\"lazy\" decoding=\"async\" class=\"entry-thumb td-animation-stack-type0-2\" title=\"Haiti-1\" src=\"https:\/\/liberationinfo.com\/wp-content\/uploads\/2021\/07\/Haiti-1-696x375.jpg\" alt=\"\" width=\"696\" height=\"375\" \/><\/a><\/div>\n<div class=\"entry-header\">\n<h1 class=\"jeg_post_title\"><\/h1>\n<\/div>\n<div class=\"jeg_ad jeg_article jnews_content_top_ads \">\n<div class=\"ads-wrapper \"><\/div>\n<\/div>\n<div class=\"entry-content no-share\">\n<div class=\"jeg_share_button share-float jeg_sticky_share clearfix share-monocrhome\">\n<div class=\"jeg_share_float_container\"><\/div>\n<\/div>\n<div class=\"content-inner \">\n<p>Alors que le myst\u00e8re reste entier sur les raisons de l\u2019assassinat du pr\u00e9sident Jovenel Mo\u00efse, les autorit\u00e9s ha\u00eftiennes ont demand\u00e9, vendredi, aux \u00c9tats-Unis et aux Nations unies de leur venir en aide afin de prot\u00e9ger les infrastructures vitales du pays.<\/p>\n<p>Trois jours apr\u00e8s l\u2019assassinat du pr\u00e9sident ha\u00eftien<a href=\"https:\/\/www.france24.com\/fr\/info-en-continu\/20210707-ha%C3%AFti-le-pr%C3%A9sident-jovenel-mo%C3%AFse-assassin%C3%A9-dans-la-nuit-dans-sa-r%C3%A9sidence-priv%C3%A9e-cabinet-du-premier-ministre\" target=\"_self\" rel=\"noopener\">Jovenel Mo\u00efse<\/a>, les autorit\u00e9s du pays ont indiqu\u00e9, vendredi 9 juillet, avoir demand\u00e9 aux \u00c9tats-Unis et \u00e0 l\u2019ONU l\u2019envoi de troupes afin de s\u00e9curiser des sites strat\u00e9giques.<\/p>\n<p>Si l\u2019on sait que le<a href=\"https:\/\/www.france24.com\/fr\/am%C3%A9riques\/20210708-ha%C3%AFti-la-traque-des-assassins-du-pr%C3%A9sident-jovenel-mo%C3%AFse-s-acc%C3%A9l%C3%A8re-%C3%A0-port-au-prince\" target=\"_self\" rel=\"noopener\">commando arm\u00e9<\/a>qui a ex\u00e9cut\u00e9 le pr\u00e9sident \u00e9tait compos\u00e9 de 28 personnes (26 Colombiens et deux Am\u00e9ricains d\u2019origine ha\u00eftienne), aucun d\u00e9tail n\u2019a \u00e9merg\u00e9 sur les raisons de cet acte ou sur l\u2019identit\u00e9 de ses commanditaires, et le myst\u00e8re sur cet assassinat reste entier.<\/p>\n<div class=\"jeg_ad jeg_ad_article jnews_content_inline_ads \">\n<div class=\"ads-wrapper align-center \">\n<div class=\"ads_code\"><\/div>\n<\/div>\n<\/div>\n<p>La police et l\u2019arm\u00e9e en Colombie ont affirm\u00e9 qu\u2019au moins 17 anciens militaires colombiens \u00e9taient soup\u00e7onn\u00e9s d\u2019\u00eatre impliqu\u00e9s.<\/p>\n<p>Craignant que des infrastructures vitales comme les ports, les a\u00e9roports, les terminaux p\u00e9troliers ou le transport des produits p\u00e9troliers ne soient vis\u00e9es pour cr\u00e9er la confusion, le gouvernement ha\u00eftien a demand\u00e9 \u00e0 Washington et aux Nations unies d\u2019envoyer des troupes pour les s\u00e9curiser.<\/p>\n<div id=\"tms-ad-inread-8006615245457624\" class=\"tms-ad\">\n<div class=\"teads\"><strong>R\u00e9solution de l\u2019ONU n\u00e9cessaire<\/strong><\/div>\n<\/div>\n<p>\u201cApr\u00e8s l\u2019assassinat du pr\u00e9sident, nous avons pens\u00e9 que les mercenaires pourraient d\u00e9truire quelques infrastructures afin de cr\u00e9er le chaos dans le pays. Au cours d\u2019une conversation avec le secr\u00e9taire d\u2019\u00c9tat am\u00e9ricain et l\u2019ONU, nous avions fait cette requ\u00eate\u201d, a affirm\u00e9 \u00e0 l\u2019AFP Mathias Pierre, ministre charg\u00e9 des questions \u00e9lectorales.<\/p>\n<p>Le d\u00e9partement d\u2019\u00c9tat am\u00e9ricain a confirm\u00e9 que le gouvernement ha\u00eftien avait \u201cdemand\u00e9 une aide s\u00e9curitaire et en mati\u00e8re d\u2019enqu\u00eate\u201d. \u201cNous restons en contact r\u00e9gulier avec les responsables ha\u00eftiens pour discuter de la mani\u00e8re dont les \u00c9tats-Unis peuvent aider\u201d, selon un porte-parole.<\/p>\n<p>Une source diplomatique \u00e0 l\u2019ONU avait plus t\u00f4t indiqu\u00e9 que les autorit\u00e9s ha\u00eftiennes avaient bien fait cette demande en vue de prot\u00e9ger l\u2019a\u00e9roport et les installations p\u00e9troli\u00e8res, mais qu\u2019une r\u00e9solution du Conseil de s\u00e9curit\u00e9 \u00e9tait n\u00e9cessaire \u00e0 cet effet.<\/p>\n<p>Sans confirmer l\u2019arrestation de ressortissants am\u00e9ricains, les \u00c9tats-Unis ont dit qu\u2019ils allaient envoyer des responsables du FBI \u00e0 Port-au-Prince \u201caussi vite que possible\u201d.<\/p>\n<p>&nbsp;<\/p>\n<p><strong><em>Avec AFP<\/em><\/strong><\/p>\n<\/div>\n<\/div>\n<\/div>\n","protected":false},"excerpt":{"rendered":"<p>\u00a0\u00a0\u00a0\u00a0 Alors que le myst\u00e8re reste entier sur les raisons de l\u2019assassinat du pr\u00e9sident Jovenel Mo\u00efse, les autorit\u00e9s ha\u00eftiennes ont demand\u00e9, vendredi, aux \u00c9tats-Unis et aux Nations unies de leur venir en aide afin de prot\u00e9ger les infrastructures vitales du pays. Trois jours apr\u00e8s l\u2019assassinat du pr\u00e9sident ha\u00eftienJovenel Mo\u00efse, les autorit\u00e9s du pays ont indiqu\u00e9, [&hellip;]<\/p>\n","protected":false},"author":2,"featured_media":9534,"comment_status":"closed","ping_status":"closed","sticky":false,"template":"","format":"standard","meta":{"footnotes":""},"categories":[57],"tags":[],"class_list":{"0":"post-9533","1":"post","2":"type-post","3":"status-publish","4":"format-standard","5":"has-post-thumbnail","7":"category-politique"},"_links":{"self":[{"href":"https:\/\/conakrynews.org\/index.php\/wp-json\/wp\/v2\/posts\/9533","targetHints":{"allow":["GET"]}}],"collection":[{"href":"https:\/\/conakrynews.org\/index.php\/wp-json\/wp\/v2\/posts"}],"about":[{"href":"https:\/\/conakrynews.org\/index.php\/wp-json\/wp\/v2\/types\/post"}],"author":[{"embeddable":true,"href":"https:\/\/conakrynews.org\/index.php\/wp-json\/wp\/v2\/users\/2"}],"replies":[{"embeddable":true,"href":"https:\/\/conakrynews.org\/index.php\/wp-json\/wp\/v2\/comments?post=9533"}],"version-history":[{"count":0,"href":"https:\/\/conakrynews.org\/index.php\/wp-json\/wp\/v2\/posts\/9533\/revisions"}],"wp:featuredmedia":[{"embeddable":true,"href":"https:\/\/conakrynews.org\/index.php\/wp-json\/wp\/v2\/media\/9534"}],"wp:attachment":[{"href":"https:\/\/conakrynews.org\/index.php\/wp-json\/wp\/v2\/media?parent=9533"}],"wp:term":[{"taxonomy":"category","embeddable":true,"href":"https:\/\/conakrynews.org\/index.php\/wp-json\/wp\/v2\/categories?post=9533"},{"taxonomy":"post_tag","embeddable":true,"href":"https:\/\/conakrynews.org\/index.php\/wp-json\/wp\/v2\/tags?post=9533"}],"curies":[{"name":"wp","href":"https:\/\/api.w.org\/{rel}","templated":true}]}}