{"id":9547,"date":"2021-07-12T09:43:22","date_gmt":"2021-07-12T09:43:22","guid":{"rendered":"https:\/\/conakrynews.org\/?p=9547"},"modified":"2021-07-12T15:51:19","modified_gmt":"2021-07-12T15:51:19","slug":"droit-de-manifestation-devoir-de-memoire","status":"publish","type":"post","link":"https:\/\/conakrynews.org\/index.php\/droit-de-manifestation-devoir-de-memoire\/","title":{"rendered":"Droit de manifestation, devoir de m\u00e9moire !"},"content":{"rendered":"<p>&nbsp;<\/p>\n<p>En D\u00e9mocratie, manifester dans des conditions d\u00e9termin\u00e9es, pour des causes louables et avouables, est un droit et une libert\u00e9 pour le citoyen. En Guin\u00e9e, un droit qui figure d\u2019ailleurs en bonne place dans la Constitution.<br \/>\nCependant, un constat s\u2019impose. D\u2019une manifestation \u00e0 une autre, ce droit constitutionnel qui est consid\u00e9r\u00e9 comme un important acquis d\u00e9mocratique, a tendance, du fait de la mani\u00e8re dont il est per\u00e7u et exerc\u00e9 par certains, \u00e0 \u00eatre d\u00e9voy\u00e9, \u00e0 se muer en une v\u00e9ritable menace pour la paix sociale, une permission de se livrer \u00e0 des actes de d\u00e9fiance \u00e0 l&rsquo;encontre des Lois et des institutions de la R\u00e9publique : ceux qui appellent \u00e0 manifester, semblent avoir leurs raisons et leurs objectifs ; et ceux qui manifestent ont leurs m\u00e9thodes et utilisent des moyens qui les opposent aux forces de l&rsquo;ordre, parfois \u00e0 d&rsquo;autres citoyens, dans des circonstances et des proportions difficiles pour tous, quelquefois dramatiques.<br \/>\nIl y a eu pourtant des manifestations, par le pass\u00e9, sans violences ni victimes, lorsque le climat politique \u00e9tait apais\u00e9, quand un minimum de consensus et de confiance existait entre les acteurs. Il s&rsquo;agit, fort malheureusement, de rares \u00e9pisodes dans le long fleuve tumultueux des manifestations r\u00e9guli\u00e8rement violentes, souvent meurtri\u00e8res qui ont traumatis\u00e9 les Guin\u00e9ens lors des \u00e9meutes sociales et politiques. Aussi, les manifestants qui exercent en principe pacifiquement leur droit, ont-ils souvent c\u00e9d\u00e9 la place \u00e0 des \u00e9meutiers port\u00e9s \u00e0 la violence, pr\u00eats \u00e0 installer la chienlit et \u00e0 en d\u00e9coudre co\u00fbte que co\u00fbte avec ceux qui sont charg\u00e9s de pr\u00e9server l&rsquo;ordre public, de prot\u00e9ger les droits et les libert\u00e9s des autres citoyens, de tous les citoyens. Chaque fois qu&rsquo;il est question de manifestations en Guin\u00e9e, contrairement \u00e0 d&rsquo;autres pays o\u00f9 cela est si courant que c&rsquo;en est devenu banal, chacun s&rsquo;attend \u00e0 des heurts et des violences, les habitants de Conakry notamment \u00e9prouvent les pires appr\u00e9hensions, parce que n\u2019importe qui peut en \u00eatre une victime &#8211; directe ou collat\u00e9rale -. Avec des sc\u00e8nes de gu\u00e9rilla urbaine qui se soldent fr\u00e9quemment par des bless\u00e9s, des destructions de biens publics et priv\u00e9s, et aussi, h\u00e9las, par des morts. Il arrive m\u00eame qu\u2019on enregistre des victimes loin du th\u00e9\u00e2tre des affrontements entre manifestants et forces de l\u2019ordre.<br \/>\nLa plupart des citoyens interppel\u00e9s ou victimes, le sont pendant les \u00e9chauffour\u00e9es, quelquefois apr\u00e8s.<br \/>\nAu fil du temps, au fur et \u00e0 mesure, certains recouvrent la libert\u00e9 apr\u00e8s une garde \u00e0 vue, d\u2019autres sont condamn\u00e9s au terme de leur passage dans le pr\u00e9toire, parmi ces derniers d\u2019aucuns b\u00e9n\u00e9ficient de la gr\u00e2ce pr\u00e9sidentielle.<br \/>\nIl est vrai que des opposants au pouvoir, ainsi que leurs soutiens, ne manquent pas, \u00e0 ces occasions, de jeter l\u2019opprobre sur la justice qu\u2019ils accusent d\u2019\u00eatre aux ordres. Pourtant, dans le temps de la justice qui n\u2019est \u00e9videmment pas du go\u00fbt de tout le monde, des magistrats asserment\u00e9s s\u2019attellent \u00e0 l\u2019application de la loi sans tenir compte des pressions d\u2019o\u00f9 qu\u2019elles puissent venir. Avec l\u2019autorit\u00e9 et la s\u00e9r\u00e9nit\u00e9 qui si\u00e9ent dans le temple de Th\u00e9mis.<br \/>\nHeureusement, de nombreuses bonnes volont\u00e9s restent, par ailleurs, mobilis\u00e9es et attentives \u00e0 la moindre opportunit\u00e9 susceptible de favoriser le dialogue, de rapprocher les positions des diff\u00e9rentes chapelles politiques en vue d&rsquo;une cohabitation pacifique, \u00e0 m\u00eame de garantir une paix durable.<br \/>\nQui donc aurait int\u00e9r\u00eat \u00e0 une reprise de ces manifestations de triste m\u00e9moire, avec le risque de faire ressurgir les vieux d\u00e9mons de la violence et du d\u00e9sordre, de cr\u00e9er de nouveaux probl\u00e8mes, alors que la solution \u00e0 d&rsquo;autres provoqu\u00e9s par les mouvements de rue est aujourd\u2019hui sollicit\u00e9e et souhait\u00e9e par tous ? En tout cas par les Guin\u00e9ens dans leur grande majorit\u00e9.<br \/>\nLes m\u00eames causes produisant les m\u00eames effets, l\u2019option de la rue, alors qu\u2019un dialogue inclusif est esquiss\u00e9, n\u2019a-t-elle pas l\u2019allure d\u2019un saut p\u00e9rilleux ? La solution raisonnable ne serait-elle pas alors de trouver une alternative ?<\/p>\n<p>En attendant que chacun, \u00e0 la faveur entre autres d&rsquo;une sensibilisation des militants par leurs leaders, dont c&rsquo;est la mssion aussi, comprenne que manifester ce n&rsquo;est pas casser, piller, br\u00fbler, encore moins tuer, la reprise \u00e9ventuelle ou annonc\u00e9e des manifestations ne peut \u00eatre l&rsquo;ultime recours, ni la panac\u00e9e.<br \/>\nAu contraire, au moment o\u00fa la s\u00e9r\u00e9nit\u00e9 revient dans le d\u00e9bat public, qu&rsquo;un dialogue (m\u00eame discret pour l&rsquo;instant) est engag\u00e9, que des actes de bonne volont\u00e9 sont pos\u00e9s afin de renforcer l&rsquo;unit\u00e9 et la paix dans le pays, et r\u00e9tablir les ponts entre les acteurs responsables et patriotes, appeler ou penser \u00e0 manifester semble d\u00e9tonner dans l&rsquo;ambiance g\u00e9n\u00e9rale de tr\u00eave sociale et de paix des braves que le pays vit actuellement. Est-ce donc l\u00e0 une strat\u00e9gie qui tiendrait compte du contexte social et du rapport de force, surtout au regard de la recomposition politique en cours ?<br \/>\nL\u00e0 se pose la question fatidique \u00e0 laquelle beaucoup de leaders politiques ne semblent pas trouver la bonne reponse : qui de la base ou du sommet du parti d\u00e9cide de la marche \u00e0 suivre ? Tous semblent dire qu&rsquo;il faut suivre sa base et qu&rsquo;il faudrait contenter ses desiderata. Alors, qui maintenant pour la guider, tracer le chemin, mobiliser pour les objectifs ?<br \/>\nDans l&rsquo;histoire, on a toujours entendu parler des leaders qui ont entra\u00een\u00e9 les autres, jamais de ceux qui suivent la voie d&rsquo;autres ou se laissent prendre \u00e0 leur pi\u00e8ge.<br \/>\nSelon la posture du roi de France Philippe VI : \u00ab\u00a0Qui m&rsquo;aime , me suive\u00a0\u00bb.<br \/>\nA m\u00e9diter.<\/p>\n<p>Tibou Kamara<\/p>\n","protected":false},"excerpt":{"rendered":"<p>&nbsp; En D\u00e9mocratie, manifester dans des conditions d\u00e9termin\u00e9es, pour des causes louables et avouables, est un droit et une libert\u00e9 pour le citoyen. En Guin\u00e9e, un droit qui figure d\u2019ailleurs en bonne place dans la Constitution. Cependant, un constat s\u2019impose. D\u2019une manifestation \u00e0 une autre, ce droit constitutionnel qui est consid\u00e9r\u00e9 comme un important acquis [&hellip;]<\/p>\n","protected":false},"author":2,"featured_media":9508,"comment_status":"closed","ping_status":"closed","sticky":false,"template":"","format":"standard","meta":{"footnotes":""},"categories":[57],"tags":[],"class_list":{"0":"post-9547","1":"post","2":"type-post","3":"status-publish","4":"format-standard","5":"has-post-thumbnail","7":"category-politique"},"_links":{"self":[{"href":"https:\/\/conakrynews.org\/index.php\/wp-json\/wp\/v2\/posts\/9547","targetHints":{"allow":["GET"]}}],"collection":[{"href":"https:\/\/conakrynews.org\/index.php\/wp-json\/wp\/v2\/posts"}],"about":[{"href":"https:\/\/conakrynews.org\/index.php\/wp-json\/wp\/v2\/types\/post"}],"author":[{"embeddable":true,"href":"https:\/\/conakrynews.org\/index.php\/wp-json\/wp\/v2\/users\/2"}],"replies":[{"embeddable":true,"href":"https:\/\/conakrynews.org\/index.php\/wp-json\/wp\/v2\/comments?post=9547"}],"version-history":[{"count":0,"href":"https:\/\/conakrynews.org\/index.php\/wp-json\/wp\/v2\/posts\/9547\/revisions"}],"wp:featuredmedia":[{"embeddable":true,"href":"https:\/\/conakrynews.org\/index.php\/wp-json\/wp\/v2\/media\/9508"}],"wp:attachment":[{"href":"https:\/\/conakrynews.org\/index.php\/wp-json\/wp\/v2\/media?parent=9547"}],"wp:term":[{"taxonomy":"category","embeddable":true,"href":"https:\/\/conakrynews.org\/index.php\/wp-json\/wp\/v2\/categories?post=9547"},{"taxonomy":"post_tag","embeddable":true,"href":"https:\/\/conakrynews.org\/index.php\/wp-json\/wp\/v2\/tags?post=9547"}],"curies":[{"name":"wp","href":"https:\/\/api.w.org\/{rel}","templated":true}]}}