{"id":9551,"date":"2021-07-12T13:11:19","date_gmt":"2021-07-12T13:11:19","guid":{"rendered":"https:\/\/conakrynews.org\/?p=9551"},"modified":"2021-07-12T15:51:13","modified_gmt":"2021-07-12T15:51:13","slug":"haiti-la-police-met-la-main-sur-le-cerveau-de-lassassinat-du-president-jovenel-moise","status":"publish","type":"post","link":"https:\/\/conakrynews.org\/index.php\/haiti-la-police-met-la-main-sur-le-cerveau-de-lassassinat-du-president-jovenel-moise\/","title":{"rendered":"Ha\u00efti: la police met la main sur le cerveau de l\u2019assassinat du Pr\u00e9sident Jovenel Mo\u00efse"},"content":{"rendered":"<div class=\"wpb-content-wrapper\"><div class=\"td-post-header\">\n<header class=\"td-post-title\">\n<h1 class=\"entry-title\"><\/h1>\n<div class=\"td-module-meta-info\">\n<div class=\"td-post-author-name\">\n<div class=\"td-author-by\"><\/div>\n<\/div>\n<\/div>\n<\/header>\n<\/div>\n<div class=\"td-post-sharing td-post-sharing-top \">\n<div class=\"td-default-sharing\"><i class=\"td-icon-facebook\"><\/i>\u00a0<i class=\"td-icon-twitter\"><\/i>\u00a0<i class=\"td-icon-googleplus\"><\/i>\u00a0<i class=\"td-icon-pinterest\"><\/i>\u00a0<i class=\"td-icon-whatsapp\"><\/i><\/div>\n<\/div>\n<div class=\"td-post-content\">\n<div class=\"td-post-featured-image\"><a class=\"td-modal-image\" href=\"https:\/\/liberationinfo.com\/wp-content\/uploads\/2021\/07\/Haiti-768x431-1.jpeg\" data-caption=\"\"><img loading=\"lazy\" decoding=\"async\" class=\"entry-thumb td-animation-stack-type0-2\" title=\"Haiti-768x431\" src=\"https:\/\/liberationinfo.com\/wp-content\/uploads\/2021\/07\/Haiti-768x431-1-696x391.jpeg\" alt=\"\" width=\"696\" height=\"391\" \/><\/a><\/div>\n<div class=\"td_block_wrap tdb_title tdi_59 tdb-single-title td-pb-border-top td_block_template_1\">\n<div class=\"tdb-block-inner td-fix-index\">\n<h1 class=\"tdb-title-text\"><\/h1>\n<\/div>\n<\/div>\n<div class=\"vc_row_inner tdi_62 vc_row vc_inner wpb_row td-pb-row\">\n<div class=\"vc_column_inner tdi_68 wpb_column vc_column_container tdc-inner-column td-pb-span6\">\n<div class=\"vc_column-inner\">\n<div class=\"wpb_wrapper\">\n<div class=\"td_block_wrap tdb_single_categories tdi_69 td-pb-border-top td_block_template_1 \">\n<div class=\"tdb-category td-fix-index\"><\/div>\n<\/div>\n<\/div>\n<\/div>\n<\/div>\n<\/div>\n<div class=\"td_block_wrap tdb_single_featured_image tdi_70 tdb-content-horiz-left td-pb-border-top td_block_template_1\">\n<div class=\"tdb-block-inner td-fix-index\"><\/div>\n<\/div>\n<div class=\"td_block_wrap tdb_single_post_share tdi_71 td-pb-border-top td_block_template_1\">\n<div id=\"tdi_71\" class=\"td-post-sharing tdb-block td-ps-bg td-ps-notext td-post-sharing-style1 \">\n<div class=\"td-post-sharing-visible\">\n<div class=\"td-social-sharing-button td-social-sharing-button-js td-social-handler td-social-share-text\">\n<div class=\"td-social-but-icon\"><\/div>\n<\/div>\n<div class=\"td-social-but-icon\"><\/div>\n<div class=\"td-social-but-icon\"><\/div>\n<div class=\"td-social-but-icon\"><\/div>\n<\/div>\n<\/div>\n<\/div>\n<div class=\"vc_row_inner tdi_73 vc_row vc_inner wpb_row td-pb-row\">\n<div class=\"vc_column_inner tdi_79 wpb_column vc_column_container tdc-inner-column td-pb-span8\">\n<div class=\"vc_column-inner\">\n<div class=\"wpb_wrapper\">\n<div class=\"clearfix\"><\/div>\n<div class=\"td_block_wrap tdb_single_content tdi_80 td-pb-border-top td_block_template_1 td-post-content tagdiv-type\">\n<div class=\"tdb-block-inner td-fix-index\">\n<div class=\"adace-slot-wrapper adace-before-content adace-align-center adace-hide-on-mobile adace-hide-on-desktop\">\n<div class=\"adace-disclaimer\"><\/div>\n<div class=\"adace-slot\">\n<div class=\"adace_adsense_60ec1462244c4\"><\/div>\n<\/div>\n<\/div>\n<p>Les forces de police ha\u00eftiennes ont annonc\u00e9 dimanche, l\u2019arrestation du cerveau de l\u2019assassinat du pr\u00e9sident du pays Jovenel Moise.<\/p>\n<p>Le pr\u00e9sident ha\u00eftien Moise, a \u00e9t\u00e9 tu\u00e9 mercredi matin \u00e0 son domicile de Port-au-Prince par ce que les autorit\u00e9s ha\u00eftiennes d\u00e9crivent comme une unit\u00e9 d\u2019assassins compos\u00e9e de 26 Colombiens et de deux Ha\u00eftiens am\u00e9ricains. Une attaque qui a plong\u00e9e la nation carib\u00e9enne d\u00e9j\u00e0 en grandes difficult\u00e9s sociopolitiques, plus profond\u00e9ment dans la tourmente.<\/p>\n<p>Selon les informations donn\u00e9es par la police, le chef du gang qui a men\u00e9 l\u2019assaut sur la r\u00e9sidence du pr\u00e9sident, a \u00e9t\u00e9 arr\u00eat\u00e9. Le chef de la police Leon Charles, a indiqu\u00e9 que l\u2019homme, Christian Emmanuel Sanon, 63 ans, s\u2019\u00e9tait envol\u00e9 pour Ha\u00efti \u00e0 bord d\u2019un jet priv\u00e9 d\u00e9but juin, accompagn\u00e9 d\u2019agents de s\u00e9curit\u00e9 embauch\u00e9s, et souhaitait prendre la pr\u00e9sidence.<\/p>\n<div class=\"adace-slot-wrapper adace-middle-content adace-align-center adace-slot-wrapper-main\">\n<div class=\"adace-disclaimer\"><\/div>\n<\/div>\n<div class=\"adace-slot-wrapper adace-after-paragraph adace-align-center adace-slot-wrapper-main\">\n<div class=\"adace-slot\">\n<div class=\"adace_adsense_60ec1462246d2\"><\/div>\n<\/div>\n<\/div>\n<p>La police a accus\u00e9 l\u2019homme d\u2019avoir engag\u00e9 des mercenaires pour renverser et remplacer Moise\u00a0; une accusation sans autre explications sur les r\u00e9elles motivations de cette attaque, mais a ajout\u00e9 qu\u2019une des personnes en garde \u00e0 vue l\u2019avait contact\u00e9 lors de son arrestation. Sanon a \u00e0 son tour contact\u00e9 deux autres \u00ab\u00a0auteurs intellectuels\u00a0\u00bb de l\u2019assassinat, a ajout\u00e9 Charles.<\/p>\n<p>\u00ab\u00a0La mission de ces assaillants \u00e9tait initialement d\u2019assurer la s\u00e9curit\u00e9 d\u2019Emmanuel Sanon, mais plus tard, la mission a \u00e9t\u00e9 modifi\u00e9e et ils ont pr\u00e9sent\u00e9 \u00e0 l\u2019un des assaillants un mandat d\u2019arr\u00eat contre le pr\u00e9sident de la R\u00e9publique\u00a0\u00bb, a d\u00e9clar\u00e9 Charles. Notons que la police avait d\u00e9j\u00e0 mis la main sur plusieurs \u00e9l\u00e9ments qu\u2019elle soup\u00e7onne d\u2019\u00eatre parmi le commando qui a assassin\u00e9 le chef de l\u2019Etat.<\/p>\n<\/div>\n<\/div>\n<\/div>\n<\/div>\n<\/div>\n<\/div>\n<\/div>\n<\/div>","protected":false},"excerpt":{"rendered":"<p>\u00a0\u00a0\u00a0\u00a0 Les forces de police ha\u00eftiennes ont annonc\u00e9 dimanche, l\u2019arrestation du cerveau de l\u2019assassinat du pr\u00e9sident du pays Jovenel Moise. Le pr\u00e9sident ha\u00eftien Moise, a \u00e9t\u00e9 tu\u00e9 mercredi matin \u00e0 son domicile de Port-au-Prince par ce que les autorit\u00e9s ha\u00eftiennes d\u00e9crivent comme une unit\u00e9 d\u2019assassins compos\u00e9e de 26 Colombiens et de deux Ha\u00eftiens am\u00e9ricains. Une [&hellip;]<\/p>\n","protected":false},"author":2,"featured_media":9552,"comment_status":"closed","ping_status":"closed","sticky":false,"template":"","format":"standard","meta":{"footnotes":""},"categories":[58],"tags":[],"class_list":{"0":"post-9551","1":"post","2":"type-post","3":"status-publish","4":"format-standard","5":"has-post-thumbnail","7":"category-societe"},"_links":{"self":[{"href":"https:\/\/conakrynews.org\/index.php\/wp-json\/wp\/v2\/posts\/9551","targetHints":{"allow":["GET"]}}],"collection":[{"href":"https:\/\/conakrynews.org\/index.php\/wp-json\/wp\/v2\/posts"}],"about":[{"href":"https:\/\/conakrynews.org\/index.php\/wp-json\/wp\/v2\/types\/post"}],"author":[{"embeddable":true,"href":"https:\/\/conakrynews.org\/index.php\/wp-json\/wp\/v2\/users\/2"}],"replies":[{"embeddable":true,"href":"https:\/\/conakrynews.org\/index.php\/wp-json\/wp\/v2\/comments?post=9551"}],"version-history":[{"count":0,"href":"https:\/\/conakrynews.org\/index.php\/wp-json\/wp\/v2\/posts\/9551\/revisions"}],"wp:featuredmedia":[{"embeddable":true,"href":"https:\/\/conakrynews.org\/index.php\/wp-json\/wp\/v2\/media\/9552"}],"wp:attachment":[{"href":"https:\/\/conakrynews.org\/index.php\/wp-json\/wp\/v2\/media?parent=9551"}],"wp:term":[{"taxonomy":"category","embeddable":true,"href":"https:\/\/conakrynews.org\/index.php\/wp-json\/wp\/v2\/categories?post=9551"},{"taxonomy":"post_tag","embeddable":true,"href":"https:\/\/conakrynews.org\/index.php\/wp-json\/wp\/v2\/tags?post=9551"}],"curies":[{"name":"wp","href":"https:\/\/api.w.org\/{rel}","templated":true}]}}