{"id":9554,"date":"2021-07-12T13:17:07","date_gmt":"2021-07-12T13:17:07","guid":{"rendered":"https:\/\/conakrynews.org\/?p=9554"},"modified":"2021-07-12T13:17:07","modified_gmt":"2021-07-12T13:17:07","slug":"manifestations-historiques-a-cuba-contre-le-tu-es-qui-appelle-a-defendre-la-revolution","status":"publish","type":"post","link":"https:\/\/conakrynews.org\/index.php\/manifestations-historiques-a-cuba-contre-le-tu-es-qui-appelle-a-defendre-la-revolution\/","title":{"rendered":"Manifestations historiques \u00e0 Cuba contre le Tu es , qui appelle \u00e0 \u201cd\u00e9fendre la r\u00e9volution\u201d"},"content":{"rendered":"<div class=\"td-post-header\">\n<header class=\"td-post-title\">\n<h1 class=\"entry-title\"><\/h1>\n<div class=\"td-module-meta-info\">\n<div class=\"td-post-author-name\">\n<div class=\"td-author-by\"><\/div>\n<\/div>\n<\/div>\n<\/header>\n<\/div>\n<div class=\"td-post-sharing td-post-sharing-top \">\n<div class=\"td-default-sharing\"><i class=\"td-icon-facebook\"><\/i>\u00a0<i class=\"td-icon-twitter\"><\/i>\u00a0<i class=\"td-icon-googleplus\"><\/i>\u00a0<i class=\"td-icon-pinterest\"><\/i>\u00a0<i class=\"td-icon-whatsapp\"><\/i><\/div>\n<\/div>\n<div class=\"td-post-content\">\n<div class=\"td-post-featured-image\"><a class=\"td-modal-image\" href=\"https:\/\/liberationinfo.com\/wp-content\/uploads\/2021\/07\/des-supporteurs-du-president-cubain-miguel-diaz-canel-lors-d-un-rassemblement-pour-condamner-la-campagne-mediatique-en-soutien-au-mouvement-san-isidro-le-29-novembre-2020-a-la-havane_6284312.jpg\" data-caption=\"\"><img loading=\"lazy\" decoding=\"async\" class=\"entry-thumb td-animation-stack-type0-2\" title=\"des-supporteurs-du-president-cubain-miguel-diaz-canel-lors-d-un-rassemblement-pour-condamner-la-campagne-mediatique-en-soutien-au-mouvement-san-isidro-le-29-novembre-2020-a-la-havane_6284312\" src=\"https:\/\/liberationinfo.com\/wp-content\/uploads\/2021\/07\/des-supporteurs-du-president-cubain-miguel-diaz-canel-lors-d-un-rassemblement-pour-condamner-la-campagne-mediatique-en-soutien-au-mouvement-san-isidro-le-29-novembre-2020-a-la-havane_6284312.jpg\" alt=\"\" width=\"640\" height=\"358\" \/><\/a><\/div>\n<div class=\"o-header\">\n<div class=\"o-site-nav-wrapper\">\n<div class=\"o-site-nav__scrollable\">\n<nav id=\"site-nav-f24\" class=\"o-site-nav\" role=\"navigation\">\n<div class=\"o-site-nav__wrapper\">\n<div class=\"o-site-nav__block o-site-nav__block--primary\">\n<div class=\"m-nav-list--multi-columns m-nav-list m-nav-list--primary\">\n<p>&nbsp;<\/p>\n<\/div>\n<\/div>\n<\/div>\n<\/nav>\n<\/div>\n<\/div>\n<\/div>\n<div class=\"t-content t-content--article\">\n<article data-article-content=\"\">\n<div class=\"t-content__authors-tts\">\n<div class=\"m-author-n-reading-time\">\n<div class=\"m-author-n-reading-time__reading-time\"><\/div>\n<\/div>\n<\/div>\n<p class=\"t-content__chapo\" data-speech-chapo=\"Exc\u00e9d\u00e9s par la crise \u00e9conomique, des milliers de Cubains ont manifest\u00e9 dimanche \u00e0 travers le pays, aux cris de \">Exc\u00e9d\u00e9s par la crise \u00e9conomique, des milliers de Cubains ont manifest\u00e9 dimanche \u00e0 travers le pays, aux cris de \u201cLibert\u00e9\u00a0!\u201d et \u201c\u00c0 bas la dictature\u00a0!\u201d. Le gouvernement, lui, s\u2019est dit pr\u00eat \u00e0 d\u00e9fendre la r\u00e9volution \u201cco\u00fbte que co\u00fbte\u201d.<\/p>\n<div class=\"t-content__body u-clearfix\">\n<div class=\"m-interstitial\">\n<div class=\"m-interstitial__ad\"><\/div>\n<\/div>\n<p>\u201cLa r\u00e9volution cubaine, nous la d\u00e9fendrons co\u00fbte que co\u00fbte!\u201d C\u2019est par ces mots que le vice-ministre des Affaires \u00e9trang\u00e8res\u00a0<a href=\"https:\/\/www.france24.com\/fr\/tag\/cuba\/\" target=\"_self\" rel=\"noopener\">de Cuba<\/a>, Gerardo Pe\u00f1alver, a r\u00e9pondu sur Twitter aux manifestations historiques qui se sont d\u00e9roul\u00e9es \u00e0 travers le pays, dimanche 11\u00a0juillet.\u00a0Pris par surprise,\u00a0le pr\u00e9sident\u00a0<a href=\"https:\/\/www.france24.com\/fr\/tag\/miguel-d%C3%ADaz-canel\/\" target=\"_self\" rel=\"noopener\">Miguel Diaz-Canel<\/a>\u00a0a donn\u00e9 aux r\u00e9volutionnaires \u201cl\u2019ordre de combattre\u201d, les appelant \u00e0 \u201csortir dans les rues o\u00f9 vont se produire ces provocations, d\u00e8s maintenant et dans les prochains jours\u201d.<\/p>\n<p>\u201cCuba n\u2019est pas \u00e0 vous\u00a0!\u201d, criait notamment une foule rassembl\u00e9e face \u00e0 des\u00a0<a href=\"https:\/\/www.france24.com\/fr\/am%C3%A9riques\/20210419-%C3%A0-cuba-le-pr%C3%A9sident-miguel-diaz-canel-succ%C3%A8de-%C3%A0-raul-castro-%C3%A0-la-t%C3%AAte-du-parti-communiste\" target=\"_self\" rel=\"noopener\">bureaux du Parti communiste (PCC), seule formation politique autoris\u00e9e \u00e0 Cuba<\/a>.<\/p>\n<p>\u201cNous avons faim\u201d, \u201cLibert\u00e9\u201d, \u201c\u00c0 bas la dictature\u201d ont \u00e9t\u00e9 quelques-uns des autres slogans scand\u00e9s au cours de cette journ\u00e9e mouvement\u00e9e, dont le d\u00e9roul\u00e9 a pouss\u00e9 le pr\u00e9sident \u00e0 se rendre \u00e0 la mi-journ\u00e9e \u00e0 San Antonio de los Ba\u00f1os, petite ville o\u00f9 le premier rassemblement a \u00e9t\u00e9 signal\u00e9, puis \u00e0 appara\u00eetre \u00e0 la t\u00e9l\u00e9vision d\u2019\u00c9tat.<\/p>\n<div id=\"tms-ad-inread-70970092366062\" class=\"tms-ad\">\n<div class=\"teads\"><\/div>\n<\/div>\n<p>Des \u00e9chauffour\u00e9es ont \u00e9clat\u00e9, notamment \u00e0 La Havane o\u00f9 les forces de l\u2019ordre ont utilis\u00e9 des gaz lacrymog\u00e8nes, tir\u00e9 en l\u2019air avec leurs armes et utilis\u00e9 des tuyaux en plastique pour frapper des manifestants, ont constat\u00e9 des journalistes de l\u2019AFP.<\/p>\n<p>Plusieurs voitures de la police ont \u00e9t\u00e9 renvers\u00e9es et endommag\u00e9es par des Cubains en col\u00e8re et de nombreuses personnes ont \u00e9t\u00e9 interpell\u00e9es.<\/p>\n<p>Un important dispositif policier et militaire a \u00e9t\u00e9 d\u00e9ploy\u00e9 dans la capitale et plusieurs villes de province.<\/p>\n<p>Au total, selon le site de datajournalisme Inventario, une quarantaine de manifestations, \u00e9parpill\u00e9es sur tout le territoire, ont \u00e9t\u00e9 recens\u00e9es.\u00a0 \u00c0\u00a0partir de la mi-journ\u00e9e, l\u2019acc\u00e8s \u00e0 la 3G a d\u2019ailleurs \u00e9t\u00e9 coup\u00e9 dans une grande partie du pays. Il n\u2019a \u00e9t\u00e9 r\u00e9tabli qu\u2019en milieu de soir\u00e9e.<\/p>\n<p>S\u2019il a reconnu \u201cl\u2019insatisfaction\u201d que peuvent ressentir certains Cubains, face aux p\u00e9nuries d\u2019aliments et de m\u00e9dicaments, combin\u00e9es aux coupures \u00e9lectriques quotidiennes, Miguel Diaz-Canel a \u00e9galement accus\u00e9 l\u2019ennemi de toujours, Washington, d\u2019\u00eatre \u00e0 la man\u0153uvre.<\/p>\n<p>\u201cIl y a un groupe de personnes, contre-r\u00e9volutionnaires, mercenaires, pay\u00e9es par le gouvernement am\u00e9ricain, de fa\u00e7on indirecte \u00e0 travers des agences du gouvernement am\u00e9ricain, pour organiser ce genre de manifestations\u201d, a-t-il affirm\u00e9.<\/p>\n<p><strong>Inqui\u00e9tude \u00e0 Washington\u00a0 \u00a0 \u00a0<\/strong><\/p>\n<p>Le gouvernement am\u00e9ricain a r\u00e9agi d\u00e8s dimanche en mettant en garde les autorit\u00e9s cubaines contre tout usage de la violence \u00e0 l\u2019encontre de \u201cmanifestants pacifiques\u201d. \u201cLes \u00c9tats-Unis soutiennent la libert\u00e9 d\u2019expression et d\u2019assembl\u00e9e \u00e0 Cuba, et condamneraient fermement tout acte de violence ou qui viserait \u00e0 prendre pour cible les manifestants pacifiques qui exercent leurs droits universels\u201d, a affirm\u00e9 le conseiller am\u00e9ricain \u00e0 la S\u00e9curit\u00e9 nationale, Jake Sullivan, sur Twitter.<\/p>\n<p>Les relations diplomatiques entre Cuba les \u00c9tats-Unis, apr\u00e8s une br\u00e8ve r\u00e9conciliation entre 2014 et 2016, sont au plus bas depuis le mandat de Donald Trump, qui a renforc\u00e9 l\u2019embargo en vigueur depuis 1962, d\u00e9non\u00e7ant des violations des droits de l\u2019Homme et le soutien de La Havane au gouvernement de Nicolas Maduro au Venezuela.<\/p>\n<p>Ces sanctions, ainsi que l\u2019absence de touristes due \u00e0 la\u00a0<a href=\"https:\/\/www.france24.com\/fr\/vid%C3%A9o\/20210622-covid-19-le-candidat-vaccin-de-cuba-1er-d-am%C3%A9rique-latine-efficace-%C3%A0-92-28\" target=\"_self\" rel=\"noopener\">pand\u00e9mie<\/a>, ont plong\u00e9 Cuba dans une profonde crise \u00e9conomique et g\u00e9n\u00e9r\u00e9 un fort malaise social, suivi de pr\u00e8s \u00e0 Washington et sur le continent am\u00e9ricain.<\/p>\n<div id=\"tms-block-9502141809071614\" class=\"o-self-promo o-self-promo--app\">\n<div class=\"o-self-promo-wrapper\">\n<p class=\"o-self-promo__text\">Emportez l\u2019actualit\u00e9 internationale partout avec vous ! T\u00e9l\u00e9chargez l\u2019application France 24<\/p>\n<\/div>\n<\/div>\n<p>\u201cNous reconnaissons la demande l\u00e9gitime de la soci\u00e9t\u00e9 cubaine d\u2019avoir des m\u00e9dicaments, des aliments et des libert\u00e9s fondamentales\u201d, a tweet\u00e9 de son c\u00f4t\u00e9 Luis Almagro, secr\u00e9taire g\u00e9n\u00e9ral de l\u2019Organisation des \u00c9tats am\u00e9ricains (OEA).<\/p>\n<p>\u201cNous condamnons le r\u00e9gime dictatorial cubain pour avoir appel\u00e9 des civils \u00e0 r\u00e9primer et \u00e0 la confrontation contre ceux qui exercent leur droit \u00e0 manifester\u201d, a-t-il ajout\u00e9.<\/p>\n<p>\u201cLa dictature doit comprendre que nous ne tol\u00e8rerons pas l\u2019usage de la force brutale pour taire les aspirations du peuple cubain\u201d, a averti dans un communiqu\u00e9 le s\u00e9nateur am\u00e9ricain Bob Menendez.<\/p>\n<p><em>Avec AFP<\/em><\/p>\n<\/div>\n<\/article>\n<\/div>\n<\/div>\n","protected":false},"excerpt":{"rendered":"<p>\u00a0\u00a0\u00a0\u00a0 &nbsp; Exc\u00e9d\u00e9s par la crise \u00e9conomique, des milliers de Cubains ont manifest\u00e9 dimanche \u00e0 travers le pays, aux cris de \u201cLibert\u00e9\u00a0!\u201d et \u201c\u00c0 bas la dictature\u00a0!\u201d. Le gouvernement, lui, s\u2019est dit pr\u00eat \u00e0 d\u00e9fendre la r\u00e9volution \u201cco\u00fbte que co\u00fbte\u201d. \u201cLa r\u00e9volution cubaine, nous la d\u00e9fendrons co\u00fbte que co\u00fbte!\u201d C\u2019est par ces mots que le [&hellip;]<\/p>\n","protected":false},"author":2,"featured_media":9555,"comment_status":"closed","ping_status":"closed","sticky":false,"template":"","format":"standard","meta":{"footnotes":""},"categories":[57],"tags":[],"class_list":{"0":"post-9554","1":"post","2":"type-post","3":"status-publish","4":"format-standard","5":"has-post-thumbnail","7":"category-politique"},"_links":{"self":[{"href":"https:\/\/conakrynews.org\/index.php\/wp-json\/wp\/v2\/posts\/9554","targetHints":{"allow":["GET"]}}],"collection":[{"href":"https:\/\/conakrynews.org\/index.php\/wp-json\/wp\/v2\/posts"}],"about":[{"href":"https:\/\/conakrynews.org\/index.php\/wp-json\/wp\/v2\/types\/post"}],"author":[{"embeddable":true,"href":"https:\/\/conakrynews.org\/index.php\/wp-json\/wp\/v2\/users\/2"}],"replies":[{"embeddable":true,"href":"https:\/\/conakrynews.org\/index.php\/wp-json\/wp\/v2\/comments?post=9554"}],"version-history":[{"count":0,"href":"https:\/\/conakrynews.org\/index.php\/wp-json\/wp\/v2\/posts\/9554\/revisions"}],"wp:featuredmedia":[{"embeddable":true,"href":"https:\/\/conakrynews.org\/index.php\/wp-json\/wp\/v2\/media\/9555"}],"wp:attachment":[{"href":"https:\/\/conakrynews.org\/index.php\/wp-json\/wp\/v2\/media?parent=9554"}],"wp:term":[{"taxonomy":"category","embeddable":true,"href":"https:\/\/conakrynews.org\/index.php\/wp-json\/wp\/v2\/categories?post=9554"},{"taxonomy":"post_tag","embeddable":true,"href":"https:\/\/conakrynews.org\/index.php\/wp-json\/wp\/v2\/tags?post=9554"}],"curies":[{"name":"wp","href":"https:\/\/api.w.org\/{rel}","templated":true}]}}