{"id":9575,"date":"2021-07-14T08:38:22","date_gmt":"2021-07-14T08:38:22","guid":{"rendered":"https:\/\/conakrynews.org\/?p=9575"},"modified":"2021-07-15T13:05:07","modified_gmt":"2021-07-15T13:05:07","slug":"plainte-de-lopposition-contre-letat-guineen-la-cedeao-renvoie-son-verdict-au-17-novembre-prochain","status":"publish","type":"post","link":"https:\/\/conakrynews.org\/index.php\/plainte-de-lopposition-contre-letat-guineen-la-cedeao-renvoie-son-verdict-au-17-novembre-prochain\/","title":{"rendered":"Plainte de l\u2019opposition contre l\u2019Etat guin\u00e9en: La C\u00e9d\u00e9ao renvoie son verdict au 17 novembre prochain"},"content":{"rendered":"<h1 class=\"name post-title entry-title\"><\/h1>\n<div class=\"clear\"><\/div>\n<div class=\"entry\">\n<p>La Cour de justice de la C\u00e9d\u00e9ao, a mis en d\u00e9lib\u00e9r\u00e9, pour le 17 novembre prochain, sa d\u00e9cision finale sur le changement de Constitution intervenu en 2020.<\/p>\n<p>Le Proc\u00e8s contre l\u2019Etat guin\u00e9en avait \u00e9t\u00e9 ouvert suite \u00e0 une plainte de l\u2019opposition en lien avec le changement de Constitution intervenu en 2020.<\/p>\n<p>La juridiction ouest-africaine devra \u00e9galement se prononcer sur une plainte des blogueurs guin\u00e9ens visant le pouvoir de Conakry, pour la coupure du r\u00e9seau internet lors des derni\u00e8res \u00e9lections dans le pays.<\/p>\n<p>Internet coup\u00e9, la C\u00e9d\u00e9ao doit r\u00e9agir<\/p>\n<p>Lors des \u00e9lections l\u00e9gislatives et r\u00e9f\u00e9rendaire du 22 mars 2020 et \u00a0la pr\u00e9sidentielle de la m\u00eame ann\u00e9e, les autorit\u00e9s guin\u00e9ennes avaient coup\u00e9 le r\u00e9seau internet et bloqu\u00e9 les plateformes de r\u00e9seaux sociaux.<\/p>\n<p>Une situation qui a affect\u00e9 de nombreux citoyens au nombre desquels des journalistes et blogueurs qui ont donc d\u00e9cid\u00e9 de porter l\u2019affaire devant la cour de justice de la C\u00e9d\u00e9ao.<\/p>\n<p>Joint par la DW, Alfa Diallo, pr\u00e9sident de\u00a0l\u2019association des blogueurs de Guin\u00e9e, affirme, \u00ab\u00a0Nous attendons de la Cour une condamnation, que la Cour prenne une ordonnance pour obliger l\u2019Etat guin\u00e9en\u00a0\u00e0 mettre en \u0153uvre\u00a0des mesures pour que ce type d\u2019actes ne se produisent plus. Chaque fois que la situation se crispe en Guin\u00e9e, le reflexe est de bloquer internet et les plateformes de r\u00e9seaux sociaux. Nous comptons sur la Cour de la C\u00e9d\u00e9ao pour obliger la Guin\u00e9e \u00e0 ne plus recourir \u00e0 ces pratiques anti-d\u00e9mocratiques.\u00a0\u00bb<\/p>\n<p>Le mandat d\u2019Alpha Cond\u00e9<\/p>\n<p>Sur le plan purement politique, c\u2019est le Front national pour la d\u00e9fense de la Constitution, FNDC, qui a saisi la Cour de justice de la C\u00e9d\u00e9ao.<\/p>\n<p>Pour la plateforme de l\u2019opposition, le changement de\u00a0Constitution\u00a0en 2020, dans le seul but pour Alpha Cond\u00e9, de briguer un\u00a0troisi\u00e8me mandat, est une violation de la l\u00e9gislation communautaire.<\/p>\n<p>\u00ab\u00a0Nous avons port\u00e9 devant la Cour les griefs de violation du droit \u00e0 l\u2019alternance d\u00e9mocratique, \u00e0\u00a0participer \u00e0\u00a0des \u00e9lections.\u00a0Que la Cour v\u00e9rifie la conformit\u00e9 de la reforme constitutionnelle qui a \u00e9t\u00e9 port\u00e9e par Alpha Cond\u00e9 au regard du droit communautaire. L\u2019interdiction de changer les constitutions aux seules fins de rester au pouvoir\u00a0\u00bb, explique\u00a0Ma\u00eetre Alpha Yaya Dram\u00e9 avocat du FNDC.<\/p>\n<p>Pour Ibrahima Diallo, charg\u00e9 des op\u00e9rations du FNDC, qui esp\u00e8re un jugement favorable de la Cour de justice de la C\u00e9d\u00e9ao, \u00a0\u00bb Si la Cour tranche en notre faveur, la cons\u00e9quence sera une remise en cause du processus qui a conduit au maintien\u00a0d\u2019Alpha Cond\u00e9 au pouvoir.\u00a0\u00bb<\/p>\n<p>La Cour de la C\u00e9d\u00e9ao a d\u00e9cid\u00e9 lors de son audience de ce mercredi de mettre en d\u00e9lib\u00e9r\u00e9 sa d\u00e9cision finale pour le mercredi 17 novembre 2021.<\/p>\n<p><strong>Avec DW-Afrique<\/strong><\/p>\n<p><strong>\u00a0<\/strong><\/p>\n<\/div>\n","protected":false},"excerpt":{"rendered":"<p>La Cour de justice de la C\u00e9d\u00e9ao, a mis en d\u00e9lib\u00e9r\u00e9, pour le 17 novembre prochain, sa d\u00e9cision finale sur le changement de Constitution intervenu en 2020. Le Proc\u00e8s contre l\u2019Etat guin\u00e9en avait \u00e9t\u00e9 ouvert suite \u00e0 une plainte de l\u2019opposition en lien avec le changement de Constitution intervenu en 2020. La juridiction ouest-africaine devra [&hellip;]<\/p>\n","protected":false},"author":2,"featured_media":9576,"comment_status":"closed","ping_status":"closed","sticky":false,"template":"","format":"standard","meta":{"footnotes":""},"categories":[58],"tags":[],"class_list":{"0":"post-9575","1":"post","2":"type-post","3":"status-publish","4":"format-standard","5":"has-post-thumbnail","7":"category-societe"},"_links":{"self":[{"href":"https:\/\/conakrynews.org\/index.php\/wp-json\/wp\/v2\/posts\/9575","targetHints":{"allow":["GET"]}}],"collection":[{"href":"https:\/\/conakrynews.org\/index.php\/wp-json\/wp\/v2\/posts"}],"about":[{"href":"https:\/\/conakrynews.org\/index.php\/wp-json\/wp\/v2\/types\/post"}],"author":[{"embeddable":true,"href":"https:\/\/conakrynews.org\/index.php\/wp-json\/wp\/v2\/users\/2"}],"replies":[{"embeddable":true,"href":"https:\/\/conakrynews.org\/index.php\/wp-json\/wp\/v2\/comments?post=9575"}],"version-history":[{"count":0,"href":"https:\/\/conakrynews.org\/index.php\/wp-json\/wp\/v2\/posts\/9575\/revisions"}],"wp:featuredmedia":[{"embeddable":true,"href":"https:\/\/conakrynews.org\/index.php\/wp-json\/wp\/v2\/media\/9576"}],"wp:attachment":[{"href":"https:\/\/conakrynews.org\/index.php\/wp-json\/wp\/v2\/media?parent=9575"}],"wp:term":[{"taxonomy":"category","embeddable":true,"href":"https:\/\/conakrynews.org\/index.php\/wp-json\/wp\/v2\/categories?post=9575"},{"taxonomy":"post_tag","embeddable":true,"href":"https:\/\/conakrynews.org\/index.php\/wp-json\/wp\/v2\/tags?post=9575"}],"curies":[{"name":"wp","href":"https:\/\/api.w.org\/{rel}","templated":true}]}}