{"id":9582,"date":"2021-07-14T08:55:18","date_gmt":"2021-07-14T08:55:18","guid":{"rendered":"https:\/\/conakrynews.org\/?p=9582"},"modified":"2021-07-14T12:12:19","modified_gmt":"2021-07-14T12:12:19","slug":"guinee-lancement-a-conakry-des-travaux-de-la-3eme-edition-de-la-conference-internationale-sur-le-droit-de-lhomme","status":"publish","type":"post","link":"https:\/\/conakrynews.org\/index.php\/guinee-lancement-a-conakry-des-travaux-de-la-3eme-edition-de-la-conference-internationale-sur-le-droit-de-lhomme\/","title":{"rendered":"Guin\u00e9e : Lancement \u00e0 Conakry des travaux de la 3\u00e8me \u00e9dition de la conf\u00e9rence internationale sur le Droit de l\u2019Homme"},"content":{"rendered":"<h1 class=\"name post-title entry-title\"><\/h1>\n<div class=\"clear\"><\/div>\n<div class=\"entry\">\n<p>Le pr\u00e9sident de la R\u00e9publique Pr Alpha Cond\u00e9 a lanc\u00e9 ce mardi 13 juillet 2021 dans un r\u00e9ceptif h\u00f4telier de la place les travaux de la\u00a03<sup>\u00e8me<\/sup>\u00a0\u00a0\u00e9dition de la Conf\u00e9rence Internationale sur le Droit de l\u2019homme.<\/p>\n<p>Cette rencontre organis\u00e9e autour du th\u00e8me\u00a0<strong>\u00a0\u00bb\u00a0La contribution\u00a0du D\u00e9veloppement aux Droits de l\u2019Homme en R\u00e9publique de Guin\u00e9e\u00a0\u00bb\u00a0<\/strong>est une 3<sup>\u00e8me<\/sup>du genre au monde.<\/p>\n<p>&nbsp;<\/p>\n<p>Dans son discours d\u2019ouverture, la ministre de la citoyennet\u00e9 Dr Djalikatou Diallo a soulign\u00e9 que durant cette d\u00e9cennie, la R\u00e9publique de Guin\u00e9e a fait des avanc\u00e9es notables\u00a0 dans le domaine de droit de l\u2019Hommes.<\/p>\n<p>\u00ab\u00a0 Le dialogue constructif entre les autorit\u00e9s guin\u00e9ennes et les diff\u00e9rents m\u00e9canismes internationaux a permis d\u2019avoir une cha\u00eene\u00a0 d\u2019appr\u00e9ciation des avanc\u00e9s li\u00e9es\u00a0 \u00e0 la reconnaissance de la protection et \u00e0 la r\u00e9alisation des droits de l\u2019Homme en Guin\u00e9e. Donc, la\u00a0\u00a0tenue de cette conf\u00e9rence offres \u00e0 la R\u00e9publique\u00a0 et \u00e0 l\u2019ensemble de ces partenaires au sortir de cette journ\u00e9e de r\u00e9flexion, les opportunit\u00e9s de mutualisation des efforts pour faire reculer ensemble la pauvret\u00e9, l\u2019ins\u00e9curit\u00e9, l\u2019ignorance et la maladie.\u00a0\u00bb<\/p>\n<p>De son c\u00f4t\u00e9, le chef de l\u2019Etat, Pr Alpha Cond\u00e9 a invit\u00e9 tous les guin\u00e9ens de mobiliser et f\u00e9d\u00e9rer\u00a0 toutes les \u00e9nergies, toutes les comp\u00e9tences\u00a0 mais aussi tous les parents du pays dans un parc r\u00e9publicain et patriotique sans inclusive ni exclusion pour le d\u00e9veloppement \u00e9conomique social et harmonieux du pays.<\/p>\n<p>&nbsp;<\/p>\n<p><strong>Ibra Camara<\/strong><\/p>\n<\/div>\n","protected":false},"excerpt":{"rendered":"<p>Le pr\u00e9sident de la R\u00e9publique Pr Alpha Cond\u00e9 a lanc\u00e9 ce mardi 13 juillet 2021 dans un r\u00e9ceptif h\u00f4telier de la place les travaux de la\u00a03\u00e8me\u00a0\u00a0\u00e9dition de la Conf\u00e9rence Internationale sur le Droit de l\u2019homme. Cette rencontre organis\u00e9e autour du th\u00e8me\u00a0\u00a0\u00bb\u00a0La contribution\u00a0du D\u00e9veloppement aux Droits de l\u2019Homme en R\u00e9publique de Guin\u00e9e\u00a0\u00bb\u00a0est une 3\u00e8medu genre au [&hellip;]<\/p>\n","protected":false},"author":2,"featured_media":9583,"comment_status":"closed","ping_status":"closed","sticky":false,"template":"","format":"standard","meta":{"footnotes":""},"categories":[58],"tags":[],"class_list":{"0":"post-9582","1":"post","2":"type-post","3":"status-publish","4":"format-standard","5":"has-post-thumbnail","7":"category-societe"},"_links":{"self":[{"href":"https:\/\/conakrynews.org\/index.php\/wp-json\/wp\/v2\/posts\/9582","targetHints":{"allow":["GET"]}}],"collection":[{"href":"https:\/\/conakrynews.org\/index.php\/wp-json\/wp\/v2\/posts"}],"about":[{"href":"https:\/\/conakrynews.org\/index.php\/wp-json\/wp\/v2\/types\/post"}],"author":[{"embeddable":true,"href":"https:\/\/conakrynews.org\/index.php\/wp-json\/wp\/v2\/users\/2"}],"replies":[{"embeddable":true,"href":"https:\/\/conakrynews.org\/index.php\/wp-json\/wp\/v2\/comments?post=9582"}],"version-history":[{"count":0,"href":"https:\/\/conakrynews.org\/index.php\/wp-json\/wp\/v2\/posts\/9582\/revisions"}],"wp:featuredmedia":[{"embeddable":true,"href":"https:\/\/conakrynews.org\/index.php\/wp-json\/wp\/v2\/media\/9583"}],"wp:attachment":[{"href":"https:\/\/conakrynews.org\/index.php\/wp-json\/wp\/v2\/media?parent=9582"}],"wp:term":[{"taxonomy":"category","embeddable":true,"href":"https:\/\/conakrynews.org\/index.php\/wp-json\/wp\/v2\/categories?post=9582"},{"taxonomy":"post_tag","embeddable":true,"href":"https:\/\/conakrynews.org\/index.php\/wp-json\/wp\/v2\/tags?post=9582"}],"curies":[{"name":"wp","href":"https:\/\/api.w.org\/{rel}","templated":true}]}}