{"id":9594,"date":"2021-07-15T08:17:09","date_gmt":"2021-07-15T08:17:09","guid":{"rendered":"https:\/\/conakrynews.org\/?p=9594"},"modified":"2021-07-15T13:04:38","modified_gmt":"2021-07-15T13:04:38","slug":"le-pape-francois-quitte-lhopital-10-jours-apres-son-operation","status":"publish","type":"post","link":"https:\/\/conakrynews.org\/index.php\/le-pape-francois-quitte-lhopital-10-jours-apres-son-operation\/","title":{"rendered":"Le pape Fran\u00e7ois quitte l\u2019h\u00f4pital 10 jours apr\u00e8s son op\u00e9ration"},"content":{"rendered":"<h1 class=\"name post-title entry-title\"><\/h1>\n<div class=\"clear\"><\/div>\n<div class=\"entry\">\n<p>Le pape Fran\u00e7ois a quitt\u00e9 mercredi en fin de matin\u00e9e l\u2019h\u00f4pital de Rome o\u00f9 il \u00e9tait en convalescence apr\u00e8s avoir \u00e9t\u00e9 op\u00e9r\u00e9 du c\u00f4lon le 4 juillet, a constat\u00e9 un photographe de l\u2019AFP.<\/p>\n<p>Le souverain pontife argentin de 84 ans a quitt\u00e9 \u00e0 bord d\u2019une voiture aux vitres teint\u00e9es l\u2019h\u00f4pital universitaire Gemelli, o\u00f9 il avait \u00e9t\u00e9 op\u00e9r\u00e9 sous anesth\u00e9sie g\u00e9n\u00e9rale d\u2019une \u00ab\u00a0colectomie gauche\u00a0\u00bb (chirurgie pour retirer une portion de c\u00f4lon).<\/p>\n<p>Mardi, le porte-parole du pape avait indiqu\u00e9 que Fran\u00e7ois rentrerait \u00ab\u00a0d\u00e8s que possible\u00a0\u00bb au Vatican, sans toutefois pr\u00e9ciser de date.<\/p>\n<p>Le Saint-Si\u00e8ge avait mis\u00e9 initialement sur \u00ab\u00a0une semaine environ\u00a0\u00bb d\u2019hospitalisation, \u00ab\u00a0sauf complications\u00a0\u00bb.<\/p>\n<p>Il avait diffus\u00e9 mardi soir des photos du pape se promenant \u00e0 pied dans une section de l\u2019h\u00f4pital consacr\u00e9 aux enfants malades.<\/p>\n<p>Le pape\u00a0<em>\u00ab\u00a0<\/em><em>a tenu \u00e0 saluer les petits malades hospitalis\u00e9s dans le Service d\u2019oncologie p\u00e9diatrique, en face de la zone de son hospitalisation\u00a0\u00bb<\/em>, a \u00e9crit sur Twitter le p\u00e8re Jean-Pierre Bodjoko de Radio Vatican\u200b.<\/p>\n<p>&nbsp;<\/p>\n<p><strong>Avec AFP<\/strong><\/p>\n<\/div>\n","protected":false},"excerpt":{"rendered":"<p>Le pape Fran\u00e7ois a quitt\u00e9 mercredi en fin de matin\u00e9e l\u2019h\u00f4pital de Rome o\u00f9 il \u00e9tait en convalescence apr\u00e8s avoir \u00e9t\u00e9 op\u00e9r\u00e9 du c\u00f4lon le 4 juillet, a constat\u00e9 un photographe de l\u2019AFP. Le souverain pontife argentin de 84 ans a quitt\u00e9 \u00e0 bord d\u2019une voiture aux vitres teint\u00e9es l\u2019h\u00f4pital universitaire Gemelli, o\u00f9 il avait [&hellip;]<\/p>\n","protected":false},"author":2,"featured_media":9595,"comment_status":"closed","ping_status":"closed","sticky":false,"template":"","format":"standard","meta":{"footnotes":""},"categories":[59],"tags":[],"class_list":{"0":"post-9594","1":"post","2":"type-post","3":"status-publish","4":"format-standard","5":"has-post-thumbnail","7":"category-sante"},"_links":{"self":[{"href":"https:\/\/conakrynews.org\/index.php\/wp-json\/wp\/v2\/posts\/9594","targetHints":{"allow":["GET"]}}],"collection":[{"href":"https:\/\/conakrynews.org\/index.php\/wp-json\/wp\/v2\/posts"}],"about":[{"href":"https:\/\/conakrynews.org\/index.php\/wp-json\/wp\/v2\/types\/post"}],"author":[{"embeddable":true,"href":"https:\/\/conakrynews.org\/index.php\/wp-json\/wp\/v2\/users\/2"}],"replies":[{"embeddable":true,"href":"https:\/\/conakrynews.org\/index.php\/wp-json\/wp\/v2\/comments?post=9594"}],"version-history":[{"count":0,"href":"https:\/\/conakrynews.org\/index.php\/wp-json\/wp\/v2\/posts\/9594\/revisions"}],"wp:featuredmedia":[{"embeddable":true,"href":"https:\/\/conakrynews.org\/index.php\/wp-json\/wp\/v2\/media\/9595"}],"wp:attachment":[{"href":"https:\/\/conakrynews.org\/index.php\/wp-json\/wp\/v2\/media?parent=9594"}],"wp:term":[{"taxonomy":"category","embeddable":true,"href":"https:\/\/conakrynews.org\/index.php\/wp-json\/wp\/v2\/categories?post=9594"},{"taxonomy":"post_tag","embeddable":true,"href":"https:\/\/conakrynews.org\/index.php\/wp-json\/wp\/v2\/tags?post=9594"}],"curies":[{"name":"wp","href":"https:\/\/api.w.org\/{rel}","templated":true}]}}