{"id":9626,"date":"2021-07-17T09:15:55","date_gmt":"2021-07-17T09:15:55","guid":{"rendered":"https:\/\/conakrynews.org\/?p=9626"},"modified":"2021-07-17T15:37:45","modified_gmt":"2021-07-17T15:37:45","slug":"des-intemperies-font-au-moins-126-morts-en-europe","status":"publish","type":"post","link":"https:\/\/conakrynews.org\/index.php\/des-intemperies-font-au-moins-126-morts-en-europe\/","title":{"rendered":"Des intemp\u00e9ries font au moins 126 morts en Europe"},"content":{"rendered":"<h1 class=\"name post-title entry-title\"><\/h1>\n<div class=\"clear\"><\/div>\n<div class=\"entry\">\n<p>Le bilan des intemp\u00e9ries d\u00e9vastatrices en Europe a atteint vendredi au moins 126 morts, la plupart en Allemagne, o\u00f9 de nombreuses personnes restent disparues, faisant craindre une trag\u00e9die bien plus grave encore.<\/p>\n<p>Il s\u2019agit de la pire catastrophe naturelle dans ce pays depuis la guerre.<\/p>\n<p>La Belgique paie aussi un lourd tribut avec au moins 23 d\u00e9c\u00e8s. Et les inondations cons\u00e9cutives \u00e0 des pluies diluviennes ont aussi caus\u00e9 de nombreux d\u00e9g\u00e2ts aux Pays-Bas, au Luxembourg ou encore en Suisse.<\/p>\n<p>Mais c\u2019est l\u2019ouest de l\u2019Allemagne qui a \u00e9t\u00e9 le plus affect\u00e9 par les crues subites, avec \u00e0 elle seule au moins 103 morts, selon le dernier bilan vendredi.<\/p>\n<p><strong>Comme \u00e0 la \u00ab\u00a0guerre\u00a0\u00bb\u2018<\/strong><\/p>\n<p>\u00ab\u00a0Nous vivons ici depuis plus de 20 ans et nous n\u2019avons jamais v\u00e9cu quelque chose \u00e7a, c\u2019est comme si nous \u00e9tions en guerre\u00a0\u00bb, t\u00e9moigne aupr\u00e8s de l\u2019AFP un habitant de Schuld, un village de Rh\u00e9nanie-Palatinat en grande partie d\u00e9truit, Hans-Dieter Vrancken, 65 ans.<\/p>\n<p>\u00ab\u00a0C\u2019est impossible \u00e0 d\u00e9crire avec des mots, en deux heures les voitures \u00e9taient emport\u00e9es, les arbres arrach\u00e9s et les maisons s\u2019effondraient\u00a0\u00bb, ajoute-t-il.<\/p>\n<p>De nombreux villages de cette zone pr\u00e9sentent une image de d\u00e9solation.<\/p>\n<p>Le bilan pourrait encore grimper : \u00ab\u00a0Au fur et \u00e0 mesure que les caves se vident ou qu\u2019on pompe l\u2019eau, nous ne cessons de tomber sur les corps de gens qui ont laiss\u00e9 leur vie dans ces flots, ce qui fait que je ne peux pas me prononcer sur le bilan final\u00a0\u00bb, a d\u00e9plor\u00e9 vendredi Roger Lewentz, ministre de l\u2019Int\u00e9rieur de Rh\u00e9nanie-Palatinat, l\u2019une des deux r\u00e9gions les plus touch\u00e9es avec la Rh\u00e9nanie du Nord-Westphalie voisine.<\/p>\n<p>Pr\u00e8s de Cologne, une portion de village s\u2019est litt\u00e9ralement effondr\u00e9e sur elle-m\u00eame suite \u00e0 un glissement de terrain vendredi. Les images, spectaculaires, de la zone sinistr\u00e9e montraient un vaste crat\u00e8re b\u00e9ant dans lequel se d\u00e9versaient des masses de terre, d\u2019eau brune et de d\u00e9bris.<\/p>\n<p>Les autorit\u00e9s ont pr\u00e9venu que plusieurs personnes y avaient perdu la vie.<\/p>\n<p><strong>\u00ab\u00a0C\u2019\u00e9tait le chaos\u00a0\u00bb<\/strong><\/p>\n<p>Par ailleurs, rien qu\u2019en Rh\u00e9nanie-Palatinat, les autorit\u00e9s ont indiqu\u00e9 \u00eatre toujours sans nouvelles de 1.300 personnes dans le canton le plus frapp\u00e9, celui de Bad Neuenahr-Ahrweiler, ce qui pourrait toutefois \u00eatre li\u00e9 aux perturbations t\u00e9l\u00e9phoniques.<\/p>\n<p>Concr\u00e8tement, \u00ab\u00a0nous tablons encore sur 40, 50 ou 60 disparus et quand vous avez des personnes qui n\u2019ont pas donn\u00e9 signe de vie depuis tant de temps (\u2026) on doit craindre le pire\u00a0\u00bb, a d\u00e9clar\u00e9 Roger Lewentz.<\/p>\n<p>Il doit en outre continuer \u00e0 pleuvoir dans certaines r\u00e9gions de l\u2019ouest du pays. Et le niveau du Rhin et de plusieurs de ses affluents monte dangereusement.<\/p>\n<p>Pr\u00e8s d\u2019un millier de soldats ont \u00e9t\u00e9 mobilis\u00e9s pour aider aux op\u00e9rations de secours et de d\u00e9blaiement dans les villes et villages.<\/p>\n<p>A Ahrweiler, plusieurs maisons se sont litt\u00e9ralement effondr\u00e9es. Sous les d\u00e9combres, la ville donne le sentiment d\u2019avoir \u00e9t\u00e9 victime d\u2019un tsunami.<\/p>\n<p>\u00ab\u00a0A 23H30, il n\u2019y avait qu\u2019un peu d\u2019eau, \u00e0 1H du matin, tout \u00e9tait sous l\u2019eau. Notre appartement, notre bureau, les maisons de nos voisins, tout \u00e9tait sous l\u2019eau. En quinze minutes. C\u2019\u00e9tait tr\u00e8s rapide\u00a0\u00bb, a t\u00e9moign\u00e9 aupr\u00e8s de l\u2019AFP Agron Berischa, dans le district d\u2019Ahrweiler.<\/p>\n<p><strong>Des \u00ab\u00a0milliards d\u2019euros\u00a0\u00bb de d\u00e9g\u00e2ts<\/strong><\/p>\n<p>\u00ab\u00a0C\u2019est une catastrophe unique, d\u2019une ampleur sans pr\u00e9c\u00e9dent\u00a0\u00bb, ass\u00e8ne Gerd Landsberg, directeur g\u00e9n\u00e9ral de l\u2019association allemande des villes et municipalit\u00e9s. \u00ab\u00a0\u00c0 en juger par les d\u00e9g\u00e2ts, des milliards d\u2019euros sont en Deux hommes se tiennent debout dans les d\u00e9bris apr\u00e8s les inondations qui ont caus\u00e9 d\u2019importants d\u00e9g\u00e2ts \u00e0 Hagen, dans l\u2019ouest de l\u2019Allemagne, le 15 juillet 2021.<\/p>\n<div id=\"content\">\n<div class=\"container\">\n<div class=\"hdr-container\">\n<div class=\"row\">\n<div class=\"col-xs-12 col-md-2 pull-left article-share pos-rel\">\n<div class=\"share--box\">\n<div class=\"links\"><\/div>\n<\/div>\n<\/div>\n<\/div>\n<\/div>\n<div class=\"body-container\">\n<div class=\"row\">\n<div class=\"col-xs-12 col-sm-12 col-md-10 col-lg-10 pull-right\">\n<div class=\"row\">\n<div class=\"col-xs-12 col-sm-12 col-md-8 col-lg-8 pull-left bottom-offset content-offset\">\n<div id=\"article-content\" class=\"content-floated-wrap fb-quotable\">\n<div class=\"wsw\">\n<p>Le bilan des intemp\u00e9ries d\u00e9vastatrices en Europe a atteint vendredi au moins 126 morts, la plupart en Allemagne, o\u00f9 de nombreuses personnes restent disparues, faisant craindre une trag\u00e9die bien plus grave encore.<\/p>\n<p>Il s\u2019agit de la pire catastrophe naturelle dans ce pays depuis la guerre.<\/p>\n<p>La Belgique paie aussi un lourd tribut avec au moins 23 d\u00e9c\u00e8s. Et les inondations cons\u00e9cutives \u00e0 des pluies diluviennes ont aussi caus\u00e9 de nombreux d\u00e9g\u00e2ts aux Pays-Bas, au Luxembourg ou encore en Suisse.<\/p>\n<p>Mais c\u2019est l\u2019ouest de l\u2019Allemagne qui a \u00e9t\u00e9 le plus affect\u00e9 par les crues subites, avec \u00e0 elle seule au moins 103 morts, selon le dernier bilan vendredi.<\/p>\n<p><strong>Comme \u00e0 la \u00ab\u00a0guerre\u00a0\u00bb\u2018<\/strong><\/p>\n<p>\u00ab\u00a0Nous vivons ici depuis plus de 20 ans et nous n\u2019avons jamais v\u00e9cu quelque chose \u00e7a, c\u2019est comme si nous \u00e9tions en guerre\u00a0\u00bb, t\u00e9moigne aupr\u00e8s de l\u2019AFP un habitant de Schuld, un village de Rh\u00e9nanie-Palatinat en grande partie d\u00e9truit, Hans-Dieter Vrancken, 65 ans.<\/p>\n<p>\u00ab\u00a0C\u2019est impossible \u00e0 d\u00e9crire avec des mots, en deux heures les voitures \u00e9taient emport\u00e9es, les arbres arrach\u00e9s et les maisons s\u2019effondraient\u00a0\u00bb, ajoute-t-il.<\/p>\n<p>De nombreux villages de cette zone pr\u00e9sentent une image de d\u00e9solation.<\/p>\n<div class=\"wsw__embed\">\n<figure class=\"media-image js-media-expand js-media-expand--ready\">\n<div class=\"img-wrap\">\n<div class=\"thumb\"><img decoding=\"async\" class=\"enhanced tie-appear\" src=\"https:\/\/gdb.voanews.com\/240B479F-0C1C-40F0-9007-FF6731CEDB13_w408_r0_s.jpg\" alt=\"Des personnes utilisent des radeaux en caoutchouc dans les eaux de crue apr\u00e8s que la Meuse soit sortie de son lit lors de fortes inondations \u00e0 Li\u00e8ge, en Belgique, jeudi 15 juillet 2021.\" \/><\/div>\n<\/div><figcaption><span class=\"caption\">Des personnes utilisent des radeaux en caoutchouc dans les eaux de crue apr\u00e8s que la Meuse soit sortie de son lit lors de fortes inondations \u00e0 Li\u00e8ge, en Belgique, jeudi 15 juillet 2021.<\/span><\/figcaption><\/figure>\n<\/div>\n<p>Le bilan pourrait encore grimper : \u00ab\u00a0Au fur et \u00e0 mesure que les caves se vident ou qu\u2019on pompe l\u2019eau, nous ne cessons de tomber sur les corps de gens qui ont laiss\u00e9 leur vie dans ces flots, ce qui fait que je ne peux pas me prononcer sur le bilan final\u00a0\u00bb, a d\u00e9plor\u00e9 vendredi Roger Lewentz, ministre de l\u2019Int\u00e9rieur de Rh\u00e9nanie-Palatinat, l\u2019une des deux r\u00e9gions les plus touch\u00e9es avec la Rh\u00e9nanie du Nord-Westphalie voisine.<\/p>\n<p>Pr\u00e8s de Cologne, une portion de village s\u2019est litt\u00e9ralement effondr\u00e9e sur elle-m\u00eame suite \u00e0 un glissement de terrain vendredi. Les images, spectaculaires, de la zone sinistr\u00e9e montraient un vaste crat\u00e8re b\u00e9ant dans lequel se d\u00e9versaient des masses de terre, d\u2019eau brune et de d\u00e9bris.<\/p>\n<p>Les autorit\u00e9s ont pr\u00e9venu que plusieurs personnes y avaient perdu la vie.<\/p>\n<p><strong>\u00ab\u00a0C\u2019\u00e9tait le chaos\u00a0\u00bb<\/strong><\/p>\n<p>Par ailleurs, rien qu\u2019en Rh\u00e9nanie-Palatinat, les autorit\u00e9s ont indiqu\u00e9 \u00eatre toujours sans nouvelles de 1.300 personnes dans le canton le plus frapp\u00e9, celui de Bad Neuenahr-Ahrweiler, ce qui pourrait toutefois \u00eatre li\u00e9 aux perturbations t\u00e9l\u00e9phoniques.<\/p>\n<p>Concr\u00e8tement, \u00ab\u00a0nous tablons encore sur 40, 50 ou 60 disparus et quand vous avez des personnes qui n\u2019ont pas donn\u00e9 signe de vie depuis tant de temps (\u2026) on doit craindre le pire\u00a0\u00bb, a d\u00e9clar\u00e9 Roger Lewentz.<\/p>\n<p>Il doit en outre continuer \u00e0 pleuvoir dans certaines r\u00e9gions de l\u2019ouest du pays. Et le niveau du Rhin et de plusieurs de ses affluents monte dangereusement.<\/p>\n<p>Pr\u00e8s d\u2019un millier de soldats ont \u00e9t\u00e9 mobilis\u00e9s pour aider aux op\u00e9rations de secours et de d\u00e9blaiement dans les villes et villages.<\/p>\n<p>A Ahrweiler, plusieurs maisons se sont litt\u00e9ralement effondr\u00e9es. Sous les d\u00e9combres, la ville donne le sentiment d\u2019avoir \u00e9t\u00e9 victime d\u2019un tsunami.<\/p>\n<p>\u00ab\u00a0A 23H30, il n\u2019y avait qu\u2019un peu d\u2019eau, \u00e0 1H du matin, tout \u00e9tait sous l\u2019eau. Notre appartement, notre bureau, les maisons de nos voisins, tout \u00e9tait sous l\u2019eau. En quinze minutes. C\u2019\u00e9tait tr\u00e8s rapide\u00a0\u00bb, a t\u00e9moign\u00e9 aupr\u00e8s de l\u2019AFP Agron Berischa, dans le district d\u2019Ahrweiler.<\/p>\n<p><strong>Des \u00ab\u00a0milliards d\u2019euros\u00a0\u00bb de d\u00e9g\u00e2ts<\/strong><\/p>\n<p>\u00ab\u00a0C\u2019est une catastrophe unique, d\u2019une ampleur sans pr\u00e9c\u00e9dent\u00a0\u00bb, ass\u00e8ne Gerd Landsberg, directeur g\u00e9n\u00e9ral de l\u2019association allemande des villes et municipalit\u00e9s. \u00ab\u00a0\u00c0 en juger par les d\u00e9g\u00e2ts, des milliards d\u2019euros sont en jeu\u00a0\u00bb, chiffre-t-il.<\/p>\n<p>Ces intemp\u00e9ries ont plac\u00e9 la question du r\u00e9chauffement climatique au centre de la campagne \u00e9lectorale, qui bat son plein en Allemagne en vue du scrutin l\u00e9gislatif du 26 septembre, au terme duquel Angela Merkel quittera le pouvoir.<\/p>\n<div class=\"wsw__embed\">\n<figure class=\"media-image js-media-expand js-media-expand--ready\">\n<div class=\"img-wrap\">\n<div class=\"thumb\"><img decoding=\"async\" class=\"enhanced tie-appear\" src=\"https:\/\/gdb.voanews.com\/2dab58ee-20dc-4511-a1be-8462508d4480_w408_r0_s.jpg\" alt=\"Une voiture est recouverte \u00e0 Hagen, en Allemagne, mercredi 15 juillet 2021, par les d\u00e9bris apport\u00e9s par la crue du fleuve Nahma la nuit pr\u00e9c\u00e9dente.\" \/><\/div>\n<\/div><figcaption><span class=\"caption\">Une voiture est recouverte \u00e0 Hagen, en Allemagne, mercredi 15 juillet 2021, par les d\u00e9bris apport\u00e9s par la crue du fleuve Nahma la nuit pr\u00e9c\u00e9dente.<\/span><\/figcaption><\/figure>\n<\/div>\n<p>Une atmosph\u00e8re plus chaude retient en effet davantage d\u2019eau et peut provoquer des pr\u00e9cipitations d\u2019extr\u00eame intensit\u00e9. Celles-ci peuvent avoir des cons\u00e9quences particuli\u00e8rement d\u00e9vastatrices en zone urbaine, avec des cours d\u2019eau mal drain\u00e9s et des constructions en zone inondable.<\/p>\n<p>Tous les candidats rivalisent de promesses, \u00e0 deux mois et demi des \u00e9lections. Le pr\u00e9sident de la R\u00e9publique f\u00e9d\u00e9rale, Frank-Walter Steinmeier, a exhort\u00e9 vendredi, dans une d\u00e9claration solennelle, \u00e0 lutter \u00ab\u00a0r\u00e9solument\u00a0\u00bb contre le r\u00e9chauffement climatique.<\/p>\n<p>\u00ab\u00a0Ces inondations confirment ce que dit la science sur le r\u00e9chauffement climatique\u00a0\u00bb, a dit vendredi \u00e0 Dublin la pr\u00e9sidente de la Commission Europ\u00e9enne Ursula von der Leyen.<\/p>\n<p>\u00ab\u00a0Mes pens\u00e9es vont aux victimes des intemp\u00e9ries (\u2026). La France est solidaire dans cette \u00e9preuve\u00a0\u00bb, a de con c\u00f4t\u00e9 assur\u00e9 le pr\u00e9sident Emmanuel Macron.<\/p>\n<p>En Belgique, des personnes sont toujours port\u00e9es disparues et 21.000 habitants sont priv\u00e9s d\u2019\u00e9lectricit\u00e9. L\u2019arm\u00e9e a \u00e9t\u00e9 d\u00e9ploy\u00e9e dans quatre des dix provinces du pays pour participer aux secours et notamment aux nombreuses \u00e9vacuations.<\/p>\n<p>La situation pourrait aussi s\u2019aggraver en Suisse, avec des risques de crues de plusieurs lacs et cours d\u2019eau.<\/p>\n<p>Avec AFP<\/p>\n<\/div>\n<\/div>\n<\/div>\n<\/div>\n<\/div>\n<\/div>\n<\/div>\n<\/div>\n<\/div>\n<\/div>\n","protected":false},"excerpt":{"rendered":"<p>Le bilan des intemp\u00e9ries d\u00e9vastatrices en Europe a atteint vendredi au moins 126 morts, la plupart en Allemagne, o\u00f9 de nombreuses personnes restent disparues, faisant craindre une trag\u00e9die bien plus grave encore. Il s\u2019agit de la pire catastrophe naturelle dans ce pays depuis la guerre. La Belgique paie aussi un lourd tribut avec au moins [&hellip;]<\/p>\n","protected":false},"author":2,"featured_media":9627,"comment_status":"closed","ping_status":"closed","sticky":false,"template":"","format":"standard","meta":{"footnotes":""},"categories":[58],"tags":[],"class_list":{"0":"post-9626","1":"post","2":"type-post","3":"status-publish","4":"format-standard","5":"has-post-thumbnail","7":"category-societe"},"_links":{"self":[{"href":"https:\/\/conakrynews.org\/index.php\/wp-json\/wp\/v2\/posts\/9626","targetHints":{"allow":["GET"]}}],"collection":[{"href":"https:\/\/conakrynews.org\/index.php\/wp-json\/wp\/v2\/posts"}],"about":[{"href":"https:\/\/conakrynews.org\/index.php\/wp-json\/wp\/v2\/types\/post"}],"author":[{"embeddable":true,"href":"https:\/\/conakrynews.org\/index.php\/wp-json\/wp\/v2\/users\/2"}],"replies":[{"embeddable":true,"href":"https:\/\/conakrynews.org\/index.php\/wp-json\/wp\/v2\/comments?post=9626"}],"version-history":[{"count":0,"href":"https:\/\/conakrynews.org\/index.php\/wp-json\/wp\/v2\/posts\/9626\/revisions"}],"wp:featuredmedia":[{"embeddable":true,"href":"https:\/\/conakrynews.org\/index.php\/wp-json\/wp\/v2\/media\/9627"}],"wp:attachment":[{"href":"https:\/\/conakrynews.org\/index.php\/wp-json\/wp\/v2\/media?parent=9626"}],"wp:term":[{"taxonomy":"category","embeddable":true,"href":"https:\/\/conakrynews.org\/index.php\/wp-json\/wp\/v2\/categories?post=9626"},{"taxonomy":"post_tag","embeddable":true,"href":"https:\/\/conakrynews.org\/index.php\/wp-json\/wp\/v2\/tags?post=9626"}],"curies":[{"name":"wp","href":"https:\/\/api.w.org\/{rel}","templated":true}]}}