{"id":9645,"date":"2021-07-18T14:29:58","date_gmt":"2021-07-18T14:29:58","guid":{"rendered":"https:\/\/conakrynews.org\/?p=9645"},"modified":"2021-07-19T10:52:43","modified_gmt":"2021-07-19T10:52:43","slug":"haiti-les-obseques-de-jovenel-moise-fixees-au-23-juillet-jean-bertrand-aristide-de-retour-le-president-haitien-assassine-jovenel-moise-sera-enterre-le-23-juillet-dans-la-ville-du-cap-haitien-d","status":"publish","type":"post","link":"https:\/\/conakrynews.org\/index.php\/haiti-les-obseques-de-jovenel-moise-fixees-au-23-juillet-jean-bertrand-aristide-de-retour-le-president-haitien-assassine-jovenel-moise-sera-enterre-le-23-juillet-dans-la-ville-du-cap-haitien-d\/","title":{"rendered":"Ha\u00efti: les obs\u00e8ques de Jovenel Mo\u00efse fix\u00e9es au 23 juillet, Jean Bertrand Aristide de retour"},"content":{"rendered":"<h1 class=\"name post-title entry-title\"><\/h1>\n<div class=\"clear\"><\/div>\n<div class=\"entry\">\n<p>Le pr\u00e9sident ha\u00eftien assassin\u00e9, Jovenel Mo\u00efse, sera enterr\u00e9 le 23 juillet dans la ville du Cap-Ha\u00eftien, dans le nord du pays, a d\u00e9clar\u00e9 vendredi un membre du comit\u00e9 officiel d\u2019organisation des fun\u00e9railles.<\/p>\n<p>Les membres du comit\u00e9 de planification des fun\u00e9railles sont le Premier ministre par int\u00e9rim Claude Joseph, les ministres de la d\u00e9fense, de la culture et de la communication, et de l\u2019int\u00e9rieur, le directeur du cabinet, le secr\u00e9taire g\u00e9n\u00e9ral de la pr\u00e9sidence et le directeur g\u00e9n\u00e9ral du Mus\u00e9e du Panth\u00e9on National Ha\u00eftien (MUPANAH).<\/p>\n<p>Trois \u00e9v\u00e9nements sont pr\u00e9vus. D\u2019abord le 20 juillet, une c\u00e9r\u00e9monie officielle en hommage \u00e0 la vie de Jovenel Mo\u00efse aura lieu au MUPANAH. Ensuite, le 22 juillet, la veill\u00e9e fun\u00e8bre du pr\u00e9sident aura lieu. Enfin, l\u2019inhumation interviendra le 23 juillet.<\/p>\n<p>La premi\u00e8re dame, Martine Mo\u00efse, suit toujours des soins \u00e0 Miami, aux \u00c9tats-Unis, o\u00f9 elle avait \u00e9t\u00e9 \u00e9vacu\u00e9e d\u2019urgence pour des blessures par balle subies lors de l\u2019attaque qui a tu\u00e9 son mari le 7 juillet. Elle pr\u00e9voit toutefois de rentrer en Ha\u00efti pour les fun\u00e9railles, selon le Premier ministre.<\/p>\n<p>Le Premier ministre par int\u00e9rim a d\u00e9clar\u00e9 que le pr\u00e9sident assassin\u00e9 avait exprim\u00e9 le souhait d\u2019\u00eatre enterr\u00e9 \u00e0 c\u00f4t\u00e9 de son p\u00e8re dans le nord d\u2019Ha\u00efti. Les d\u00e9tails ont \u00e9t\u00e9 inclus dans un d\u00e9cret officiel du gouvernement publi\u00e9 le 11 mars 2020, relatif \u00e0 l\u2019enterrement des chefs d\u2019\u00c9tat, a d\u00e9clar\u00e9 aux journalistes le ministre de la culture et de la communication, Pradel Anriquez.<\/p>\n<p><em>\u00ab\u00a0Le gouvernement ha\u00eftien dans son ensemble s\u2019engage \u00e0 donner au pr\u00e9sident des fun\u00e9railles appropri\u00e9es\u00a0\u00bb<\/em>, a-t-il ajout\u00e9.<\/p>\n<p><strong>L\u2019ex-pr\u00e9sident Aristide de retour en Ha\u00efti<\/strong><\/p>\n<p>Ailleurs dans la capitale, un groupe de partisans de l\u2019ancien pr\u00e9sident Jean Bertrand Aristide est descendu dans la rue pour saluer son retour en Ha\u00efti apr\u00e8s un s\u00e9jour \u00e0 Cuba pour des soins m\u00e9dicaux. Les fans de l\u2019ancien pr\u00e9sident ont brandi des drapeaux ha\u00eftiens, des drapeaux blancs, des branches d\u2019arbres fra\u00eechement cueillies, des pancartes faites maison et ont jou\u00e9 de la musique festive traditionnelle \u00ab\u00a0rara\u00a0\u00bb en attendant de le voir.<\/p>\n<div class=\"hdr with-share\">\n<div class=\"hdr-nav-frag\">\n<div class=\"container\">\n<p><a id=\"logo\" class=\"fl\" href=\"https:\/\/www.voaafrique.com\/\"><img decoding=\"async\" class=\"tie-appear\" src=\"https:\/\/www.voaafrique.com\/Content\/responsive\/VOA\/fr\/img\/logo.png\" alt=\"logo\" \/><\/a><\/p>\n<ul class=\"compact-actions\">\n<li class=\"action action-entity-sites\"><\/li>\n<\/ul>\n<div class=\"actions has-actions\">\n<div class=\"actions__safe-wrap\"><\/div>\n<\/div>\n<\/div>\n<\/div>\n<div class=\"nav-hdr-outer-container\">\n<div id=\"nav-hdr-container\" class=\"container\"><\/div>\n<\/div>\n<\/div>\n<div class=\"c-hlights c-hlights--live hidden-sm hidden-md hidden-lg c-hlights--multi-items\" data-hlight-display=\"mobile\">\n<div class=\"c-hlights__wrap container p-0\"><\/div>\n<\/div>\n<div id=\"content\">\n<div class=\"container\">\n<div class=\"hdr-container\">\n<div class=\"row\">\n<div class=\"col-title col-xs-12 col-md-10 pull-right\">\n<h1 class=\"title pg-title\"><\/h1>\n<\/div>\n<div class=\"col-publishing-details col-xs-12 col-sm-12 col-md-2 pull-left\">\n<div class=\"publishing-details\">\n<div class=\"published\"><\/div>\n<\/div>\n<\/div>\n<div class=\"col-multimedia col-xs-12 col-md-10 pull-right\">\n<div class=\"cover-media\">\n<figure class=\"media-image js-media-expand js-media-expand--ready\">\n<div class=\"img-wrap\">\n<div class=\"thumb thumb16_9\"><img decoding=\"async\" class=\"enhanced tie-appear\" src=\"https:\/\/gdb.voanews.com\/7465C1E4-21D4-4926-AAF7-C8C354682A69_cx0_cy10_cw0_w408_r1_s.jpg\" alt=\"Des hommes placent un portrait du d\u00e9funt pr\u00e9sident ha\u00eftien Jovenel Mo\u00efse avec une citation de lui qui se lit en cr\u00e9ole &quot;J'ai essay\u00e9, n'abandonnez pas. Continuez la bataille&quot; \u00e0 un m\u00e9morial devant le Palais pr\u00e9sidentiel, \u00e0 Port-au-Prince, Ha\u00efti le 14 juillet 2021.\" \/><\/div>\n<\/div><figcaption><span class=\"caption\" data-cms-inline-wrap=\"caption\" data-cms-inline-text=\"\">Des hommes placent un portrait du d\u00e9funt pr\u00e9sident ha\u00eftien Jovenel Mo\u00efse avec une citation de lui qui se lit en cr\u00e9ole \u00ab J\u2019ai essay\u00e9, n\u2019abandonnez pas. Continuez la bataille \u00bb \u00e0 un m\u00e9morial devant le Palais pr\u00e9sidentiel, \u00e0 Port-au-Prince, Ha\u00efti le 14 juillet 2021.<\/span><\/figcaption><\/figure>\n<\/div>\n<\/div>\n<\/div>\n<\/div>\n<div class=\"body-container\">\n<div class=\"row\">\n<div class=\"col-xs-12 col-sm-12 col-md-10 col-lg-10 pull-right\">\n<div class=\"row\">\n<div class=\"col-xs-12 col-sm-12 col-md-8 col-lg-8 pull-left bottom-offset content-offset\">\n<div id=\"article-content\" class=\"content-floated-wrap fb-quotable\">\n<div class=\"wsw\">\n<p>Le pr\u00e9sident ha\u00eftien assassin\u00e9, Jovenel Mo\u00efse, sera enterr\u00e9 le 23 juillet dans la ville du Cap-Ha\u00eftien, dans le nord du pays, a d\u00e9clar\u00e9 vendredi un membre du comit\u00e9 officiel d\u2019organisation des fun\u00e9railles.<\/p>\n<p>Les membres du comit\u00e9 de planification des fun\u00e9railles sont le Premier ministre par int\u00e9rim Claude Joseph, les ministres de la d\u00e9fense, de la culture et de la communication, et de l\u2019int\u00e9rieur, le directeur du cabinet, le secr\u00e9taire g\u00e9n\u00e9ral de la pr\u00e9sidence et le directeur g\u00e9n\u00e9ral du Mus\u00e9e du Panth\u00e9on National Ha\u00eftien (MUPANAH).<\/p>\n<p>Trois \u00e9v\u00e9nements sont pr\u00e9vus. D\u2019abord le 20 juillet, une c\u00e9r\u00e9monie officielle en hommage \u00e0 la vie de Jovenel Mo\u00efse aura lieu au MUPANAH. Ensuite, le 22 juillet, la veill\u00e9e fun\u00e8bre du pr\u00e9sident aura lieu. Enfin, l\u2019inhumation interviendra le 23 juillet.<\/p>\n<p>La premi\u00e8re dame, Martine Mo\u00efse, suit toujours des soins \u00e0 Miami, aux \u00c9tats-Unis, o\u00f9 elle avait \u00e9t\u00e9 \u00e9vacu\u00e9e d\u2019urgence pour des blessures par balle subies lors de l\u2019attaque qui a tu\u00e9 son mari le 7 juillet. Elle pr\u00e9voit toutefois de rentrer en Ha\u00efti pour les fun\u00e9railles, selon le Premier ministre.<\/p>\n<p>Le Premier ministre par int\u00e9rim a d\u00e9clar\u00e9 que le pr\u00e9sident assassin\u00e9 avait exprim\u00e9 le souhait d\u2019\u00eatre enterr\u00e9 \u00e0 c\u00f4t\u00e9 de son p\u00e8re dans le nord d\u2019Ha\u00efti. Les d\u00e9tails ont \u00e9t\u00e9 inclus dans un d\u00e9cret officiel du gouvernement publi\u00e9 le 11 mars 2020, relatif \u00e0 l\u2019enterrement des chefs d\u2019\u00c9tat, a d\u00e9clar\u00e9 aux journalistes le ministre de la culture et de la communication, Pradel Anriquez.<\/p>\n<p><em>\u00ab\u00a0Le gouvernement ha\u00eftien dans son ensemble s\u2019engage \u00e0 donner au pr\u00e9sident des fun\u00e9railles appropri\u00e9es\u00a0\u00bb<\/em>, a-t-il ajout\u00e9.<\/p>\n<p><strong>L\u2019ex-pr\u00e9sident Aristide de retour en Ha\u00efti<\/strong><\/p>\n<p>Ailleurs dans la capitale, un groupe de partisans de l\u2019ancien pr\u00e9sident Jean Bertrand Aristide est descendu dans la rue pour saluer son retour en Ha\u00efti apr\u00e8s un s\u00e9jour \u00e0 Cuba pour des soins m\u00e9dicaux. Les fans de l\u2019ancien pr\u00e9sident ont brandi des drapeaux ha\u00eftiens, des drapeaux blancs, des branches d\u2019arbres fra\u00eechement cueillies, des pancartes faites maison et ont jou\u00e9 de la musique festive traditionnelle \u00ab\u00a0rara\u00a0\u00bb en attendant de le voir.<\/p>\n<div class=\"wsw__embed\">\n<figure class=\"media-image js-media-expand js-media-expand--ready\">\n<div class=\"img-wrap\">\n<div class=\"thumb\"><img decoding=\"async\" class=\"enhanced tie-appear\" src=\"https:\/\/gdb.voanews.com\/88DB3A7A-FFC4-4EA6-B990-3401DD06A260_w408_r0_s.jpg\" alt=\"L'ancien pr\u00e9sident ha\u00eftien Jean-Bertrand Aristide salue ses partisans lors d'un rassemblement du parti Fanmi Lavalas au Village de la Renaissance, dans la banlieue de Port-au-Prince, en Ha\u00efti, le 6 novembre 2016.\" \/><\/div>\n<\/div><figcaption><span class=\"caption\">L\u2019ancien pr\u00e9sident ha\u00eftien Jean-Bertrand Aristide salue ses partisans lors d\u2019un rassemblement du parti Fanmi Lavalas au Village de la Renaissance, dans la banlieue de Port-au-Prince, en Ha\u00efti, le 6 novembre 2016.<\/span><\/figcaption><\/figure>\n<\/div>\n<p>Aristide a \u00e9t\u00e9 le premier pr\u00e9sident ha\u00eftien d\u00e9mocratiquement \u00e9lu apr\u00e8s que le dictateur Jean-Claude Duvalier ait \u00e9t\u00e9 chass\u00e9 du pouvoir en 1986.<\/p>\n<p>Il a gouvern\u00e9 Ha\u00efti du 7 f\u00e9vrier au 30 septembre 1991, date \u00e0 laquelle il a \u00e9t\u00e9 renvers\u00e9 par un coup d\u2019\u00c9tat militaire. Apr\u00e8s avoir v\u00e9cu en exil aux \u00c9tats-Unis pendant trois ans, il est revenu diriger Ha\u00efti d\u2019octobre 1994 \u00e0 1996.<\/p>\n<p>Un an plus tard, il cr\u00e9e le parti politique Fanmi Lavalas (Famille Lavalas). Il s\u2019est pr\u00e9sent\u00e9 comme candidat \u00e0 la pr\u00e9sidence et a gagn\u00e9 en 2000. (La constitution ha\u00eftienne interdit aux chefs d\u2019\u00c9tat d\u2019exercer des mandats cons\u00e9cutifs).<\/p>\n<p>En juillet 2001, Aristide a \u00e9t\u00e9 chass\u00e9 par un autre coup d\u2019\u00c9tat militaire et a v\u00e9cu en exil en Afrique du Sud jusqu\u2019au printemps 2011, lorsqu\u2019il a \u00e9t\u00e9 autoris\u00e9 par le pr\u00e9sident de l\u2019\u00e9poque, Michel Martelly, \u00e0 rentrer \u00e0 Port-au-Prince. Il est rest\u00e9 le plus souvent loin des projecteurs, mais son parti reste actif en politique.<\/p>\n<p><em>\u00ab\u00a0Le pr\u00e9sident qui nous aimait vraiment et qui \u00e9tait le leader le plus capable de nous diriger a \u00e9t\u00e9 \u00e9vinc\u00e9 du pouvoir par les colons lors d\u2019un coup d\u2019\u00c9tat. Esp\u00e9rons que le peuple ha\u00eftien voit maintenant clairement ce qui se passe\u00a0\u00bb<\/em>, a d\u00e9clar\u00e9 \u00e0 VOA Cr\u00e9ole un partisan d\u2019Aristide, qui se tenait sur le c\u00f4t\u00e9 de la route de l\u2019a\u00e9roport pour accueillir l\u2019ancien pr\u00e9sident.<\/p>\n<p>&nbsp;<\/p>\n<p>Avec VOA<\/p>\n<\/div>\n<\/div>\n<\/div>\n<\/div>\n<\/div>\n<\/div>\n<\/div>\n<\/div>\n<\/div>\n<p>&nbsp;<\/p>\n<\/div>\n","protected":false},"excerpt":{"rendered":"<p>Le pr\u00e9sident ha\u00eftien assassin\u00e9, Jovenel Mo\u00efse, sera enterr\u00e9 le 23 juillet dans la ville du Cap-Ha\u00eftien, dans le nord du pays, a d\u00e9clar\u00e9 vendredi un membre du comit\u00e9 officiel d\u2019organisation des fun\u00e9railles. Les membres du comit\u00e9 de planification des fun\u00e9railles sont le Premier ministre par int\u00e9rim Claude Joseph, les ministres de la d\u00e9fense, de la [&hellip;]<\/p>\n","protected":false},"author":2,"featured_media":9647,"comment_status":"closed","ping_status":"closed","sticky":false,"template":"","format":"standard","meta":{"footnotes":""},"categories":[58],"tags":[],"class_list":{"0":"post-9645","1":"post","2":"type-post","3":"status-publish","4":"format-standard","5":"has-post-thumbnail","7":"category-societe"},"_links":{"self":[{"href":"https:\/\/conakrynews.org\/index.php\/wp-json\/wp\/v2\/posts\/9645","targetHints":{"allow":["GET"]}}],"collection":[{"href":"https:\/\/conakrynews.org\/index.php\/wp-json\/wp\/v2\/posts"}],"about":[{"href":"https:\/\/conakrynews.org\/index.php\/wp-json\/wp\/v2\/types\/post"}],"author":[{"embeddable":true,"href":"https:\/\/conakrynews.org\/index.php\/wp-json\/wp\/v2\/users\/2"}],"replies":[{"embeddable":true,"href":"https:\/\/conakrynews.org\/index.php\/wp-json\/wp\/v2\/comments?post=9645"}],"version-history":[{"count":0,"href":"https:\/\/conakrynews.org\/index.php\/wp-json\/wp\/v2\/posts\/9645\/revisions"}],"wp:featuredmedia":[{"embeddable":true,"href":"https:\/\/conakrynews.org\/index.php\/wp-json\/wp\/v2\/media\/9647"}],"wp:attachment":[{"href":"https:\/\/conakrynews.org\/index.php\/wp-json\/wp\/v2\/media?parent=9645"}],"wp:term":[{"taxonomy":"category","embeddable":true,"href":"https:\/\/conakrynews.org\/index.php\/wp-json\/wp\/v2\/categories?post=9645"},{"taxonomy":"post_tag","embeddable":true,"href":"https:\/\/conakrynews.org\/index.php\/wp-json\/wp\/v2\/tags?post=9645"}],"curies":[{"name":"wp","href":"https:\/\/api.w.org\/{rel}","templated":true}]}}