{"id":9653,"date":"2021-07-18T14:51:24","date_gmt":"2021-07-18T14:51:24","guid":{"rendered":"https:\/\/conakrynews.org\/?p=9653"},"modified":"2021-07-19T10:51:59","modified_gmt":"2021-07-19T10:51:59","slug":"sept-morts-dans-des-affrontements-a-la-frontiere-rdc-ouganda","status":"publish","type":"post","link":"https:\/\/conakrynews.org\/index.php\/sept-morts-dans-des-affrontements-a-la-frontiere-rdc-ouganda\/","title":{"rendered":"Sept morts dans des affrontements \u00e0 la fronti\u00e8re RDC-Ouganda"},"content":{"rendered":"<article id=\"the-post\" class=\"post-listing post-16787 post type-post status-publish format-standard has-post-thumbnail category-international\">\n<div class=\"post-inner\">\n<h1 class=\"name post-title entry-title\"><\/h1>\n<div class=\"clear\"><\/div>\n<div class=\"entry\">\n<p>Le minist\u00e8re ougandais de la D\u00e9fense a annonc\u00e9 samedi qu\u2019un soldat et six assaillants venus de la R\u00e9publique d\u00e9mocratique du Congo (RDC) avaient \u00e9t\u00e9 tu\u00e9s dans des affrontements dans la for\u00eat de Zeu, pr\u00e8s de la fronti\u00e8re.<\/p>\n<p>Quelque vingt hommes arm\u00e9s, d\u00e9guis\u00e9s en b\u00fbcherons et venus de la RDC, ont attaqu\u00e9 vendredi matin un poste militaire, dans une r\u00e9gion couverte de jungle dans le Nord-Ouest du pays, a expliqu\u00e9 \u00e0 l\u2019AFP une porte-parole du minist\u00e8re, Flavia Byekwaso.<\/p>\n<p>Six assaillants, qui appartiendraient \u00e0 l\u2019ethnie Lendu, ont \u00e9t\u00e9 tu\u00e9s et quatre ont \u00e9t\u00e9 faits prisonniers, a-t-elle ajout\u00e9.<\/p>\n<p>\u00ab\u00a0Nous avons perdu un soldat au cours de cette attaque men\u00e9e par des hommes arm\u00e9s congolais\u00a0\u00bb, a poursuivi la porte-parole pr\u00e9cisant que trois autres soldats avaient \u00e9t\u00e9 bless\u00e9s et \u00e9vacu\u00e9s par air vers un h\u00f4pital militaire pr\u00e8s de Kampala.<\/p>\n<p>Des armes, dont une mitrailleuse, des arcs et des fl\u00e8ches ainsi que des machettes, ont \u00e9t\u00e9 saisies et le reste des assaillants poursuivis, en coordination avec les autorit\u00e9s congolaises, a soulign\u00e9 Flavia Byekwaso.<\/p>\n<p>\u00ab\u00a0Nous avons subi r\u00e9cemment un certain nombre d\u2019attaques men\u00e9e par des miliciens congolais contre plusieurs de nos bases militaires, mais aussi des infrastructures civiles. Nous esp\u00e9rons que les autorit\u00e9s de ce pays vont prendre les mesures n\u00e9cessaires pour les emp\u00eacher de se reproduire\u00a0\u00bb, a affirm\u00e9 la porte-parole.<\/p>\n<p>L\u2019Ouganda et la RDC ont des relations complexes. La Cour internationale de justice (CIJ) \u00e9tudie actuellement le montant des r\u00e9parations qui doit \u00eatre vers\u00e9 par Kampala \u00e0 Kinshasa, pour avoir envahi la RDC en 1998-2003.<\/p>\n<p>Le conflit avait impliqu\u00e9 jusqu\u2019\u00e0 neuf pays africains, l\u2019Ouganda et le Rwanda soutenant des forces rebelles contre le gouvernement de Kinshasa dans l\u2019Est congolais riche en minerai, et fait trois millions de morts.<\/p>\n<p><strong>Avec AFP<\/strong><\/p>\n<\/div>\n<div class=\"share-post\">\n<div class=\"clear\"><\/div>\n<\/div>\n<div class=\"clear\"><\/div>\n<\/div>\n<\/article>\n<section id=\"author-box\">\n<div class=\"block-head\"><\/div>\n<\/section>\n","protected":false},"excerpt":{"rendered":"<p>Le minist\u00e8re ougandais de la D\u00e9fense a annonc\u00e9 samedi qu\u2019un soldat et six assaillants venus de la R\u00e9publique d\u00e9mocratique du Congo (RDC) avaient \u00e9t\u00e9 tu\u00e9s dans des affrontements dans la for\u00eat de Zeu, pr\u00e8s de la fronti\u00e8re. Quelque vingt hommes arm\u00e9s, d\u00e9guis\u00e9s en b\u00fbcherons et venus de la RDC, ont attaqu\u00e9 vendredi matin un poste [&hellip;]<\/p>\n","protected":false},"author":2,"featured_media":9654,"comment_status":"closed","ping_status":"closed","sticky":false,"template":"","format":"standard","meta":{"footnotes":""},"categories":[58],"tags":[],"class_list":{"0":"post-9653","1":"post","2":"type-post","3":"status-publish","4":"format-standard","5":"has-post-thumbnail","7":"category-societe"},"_links":{"self":[{"href":"https:\/\/conakrynews.org\/index.php\/wp-json\/wp\/v2\/posts\/9653","targetHints":{"allow":["GET"]}}],"collection":[{"href":"https:\/\/conakrynews.org\/index.php\/wp-json\/wp\/v2\/posts"}],"about":[{"href":"https:\/\/conakrynews.org\/index.php\/wp-json\/wp\/v2\/types\/post"}],"author":[{"embeddable":true,"href":"https:\/\/conakrynews.org\/index.php\/wp-json\/wp\/v2\/users\/2"}],"replies":[{"embeddable":true,"href":"https:\/\/conakrynews.org\/index.php\/wp-json\/wp\/v2\/comments?post=9653"}],"version-history":[{"count":0,"href":"https:\/\/conakrynews.org\/index.php\/wp-json\/wp\/v2\/posts\/9653\/revisions"}],"wp:featuredmedia":[{"embeddable":true,"href":"https:\/\/conakrynews.org\/index.php\/wp-json\/wp\/v2\/media\/9654"}],"wp:attachment":[{"href":"https:\/\/conakrynews.org\/index.php\/wp-json\/wp\/v2\/media?parent=9653"}],"wp:term":[{"taxonomy":"category","embeddable":true,"href":"https:\/\/conakrynews.org\/index.php\/wp-json\/wp\/v2\/categories?post=9653"},{"taxonomy":"post_tag","embeddable":true,"href":"https:\/\/conakrynews.org\/index.php\/wp-json\/wp\/v2\/tags?post=9653"}],"curies":[{"name":"wp","href":"https:\/\/api.w.org\/{rel}","templated":true}]}}