{"id":9679,"date":"2021-07-21T15:27:41","date_gmt":"2021-07-21T15:27:41","guid":{"rendered":"https:\/\/conakrynews.org\/?p=9679"},"modified":"2021-07-21T18:48:36","modified_gmt":"2021-07-21T18:48:36","slug":"jordanie-le-premier-ministre-jordanien-recoit-et-rassure-le-professeur-koutoubou-sano","status":"publish","type":"post","link":"https:\/\/conakrynews.org\/index.php\/jordanie-le-premier-ministre-jordanien-recoit-et-rassure-le-professeur-koutoubou-sano\/","title":{"rendered":"Jordanie : Le Premier ministre jordanien re\u00e7oit et rassure le Professeur Koutoubou SANO"},"content":{"rendered":"<h1 class=\"name post-title entry-title\"><\/h1>\n<div class=\"clear\"><\/div>\n<div class=\"entry\">\n<p>Sur invitation du gouvernement jordanien, le secr\u00e9taire g\u00e9n\u00e9ral de l\u2019Acad\u00e9mie internationale de la jurisprudence islamique de l\u2019OCI, SEM le Professeur Koutoubou Moustapha SANO, a effectu\u00e9 une visite de travail dans le Royaume Hashimite Jordanien du 8 au 13 juillet 2021.<\/p>\n<p>*Des \u2018\u2019r\u00e9formes qualitatives\u2019\u2019 \u00e0 l\u2019actif de l\u2019Acad\u00e9mie\u2026*<\/p>\n<p>Au lendemain de son arriv\u00e9e, il a \u00e9t\u00e9 re\u00e7u en audience par le ministre d\u2019Awqaf et des affaires islamiques, SEM Dr. Mouhammad al-Khalaelah, qui lui a transmis les f\u00e9licitations des autorit\u00e9s jordaniennes pour sa nomination \u00e0 la t\u00eate de l\u2019Acad\u00e9mie.<\/p>\n<p>Il lui a \u00e9galement exprim\u00e9 la satisfaction du Royaume pour les r\u00e9formes qualitatives et structurelles au niveau du Secr\u00e9tariat g\u00e9n\u00e9ral de l\u2019Acad\u00e9mie depuis sa prise de fonction.<\/p>\n<p>Au cours de l\u2019entretien, le ministre a inform\u00e9 son h\u00f4te de l\u2019accord du gouvernement jordanien \u00e0 signer un m\u00e9morandum d\u2019entente entre son d\u00e9partement et l\u2019Acad\u00e9mie.<\/p>\n<p>De son c\u00f4t\u00e9, SEM le Professeur Koutoubou SANO, a remerci\u00e9 le gouvernement jordanien pour l\u2019invitation et l\u2019accueil si chaleureux.<\/p>\n<p>Il a \u00e9galement renouvel\u00e9 l\u2019engagement ind\u00e9fectible de l\u2019Acad\u00e9mie de renforcer davantage les relations de coop\u00e9ration et de partenariat strat\u00e9gique avec la Jordanie.<\/p>\n<p>*Le Premier ministre rassure son h\u00f4te de marque*<br \/>\nAu cours de la m\u00eame journ\u00e9e, il a \u00e9t\u00e9 re\u00e7u en audience par le premier ministre, chef du gouvernement SEM Dr. Bishr Khassassinah, qui s\u2019est exprim\u00e9 en ces termes : \u00ab Nous sommes tr\u00e8s satisfaits de votre nomination. Nous pensons que vous le m\u00e9ritez, car votre parcours acad\u00e9mique est tr\u00e8s impressionnant et votre ma\u00eetrise des sciences islamiques ne fait pas d\u00e9faut.<\/p>\n<p>Nous esp\u00e9rons que l\u2019Acad\u00e9mie conna\u00eetra sous votre leadership une avanc\u00e9e consid\u00e9rable dans le domaine de la promotion, de la mod\u00e9ration et la lutte contre l\u2019extr\u00e9misme et le terrorisme.<\/p>\n<p>En cons\u00e9quence, je voudrais vous rassurer de l\u2019engagement du Royaume \u00e0 vous accompagner, en vue de relever les d\u00e9fis cit\u00e9s plus hauts. Vous pouvez compter sur nous, mon tr\u00e8s cher fr\u00e8re \u00bb.<\/p>\n<p>De son c\u00f4t\u00e9, le Professeur Koutoubou SANO a remerci\u00e9 SEM le premier ministre pour l\u2019audience qu\u2019il a bien voulu lui accorder en d\u00e9pit de son calendrier tr\u00e8s charg\u00e9.<\/p>\n<p>Aussi, il lui a promis de faire tout pour m\u00e9riter la confiance des \u00c9tats membres de l\u2019OCI plac\u00e9e en sa personne et de transformer l\u2019Acad\u00e9mie en une institution scientifique moderne et innovante avec l\u2019appui du gouvernement jordanien et les institutions scientifiques du Royaume.<\/p>\n<p>\u00c0 la fin de la rencontre, le secr\u00e9taire g\u00e9n\u00e9ral de l\u2019Acad\u00e9mie a offert \u00e0 SEM le chef du gouvernement le livre des r\u00e9solutions de l\u2019Acad\u00e9mie.<\/p>\n<p>*Plusieurs t\u00eate-\u00e0-t\u00eate au plus haut niveau\u2026*<br \/>\nIl est \u00e0 noter qu\u2019au cours de sa visite, il a \u00e9t\u00e9 \u00e9galement re\u00e7u par le cousin du Roi Abdallah II, l\u2019influent prince du Royaume, Dr. GHazi bin Mohammed bin Talal. Il a ensuite \u00e9t\u00e9 re\u00e7u par le chancelier de justice, le Mufti g\u00e9n\u00e9ral du Royaume ainsi que le pr\u00e9sident de l\u2019universit\u00e9 internationale d\u2019Amman.<\/p>\n<p>*Des sites historiques visit\u00e9s*<br \/>\nEn fin, les autorit\u00e9s jordaniennes ont organis\u00e9, en l\u2019honneur du Pr Koutoubou SANO, une visite guid\u00e9e de sites historiques du village d\u2019Amuass o\u00f9 la pand\u00e9mie, la plus d\u00e9vastatrice dans la civilisation islamique a eu lieu.<\/p>\n<p>Cette pand\u00e9mie a emport\u00e9 des milliers de personnes dont les grands compagnons du Proph\u00e8te Muhammad (Paix et Salut sur lui), qui dirigeaient la r\u00e9gion \u00e0 l\u2019\u00e9poque : Saidna Abu Ubaidah, Saidna Muaz bin Jabal et Saidna Shurhabil bin Hasna. Ensuite, ils ont visit\u00e9 le site historique appel\u00e9 \u00ab\u00a0les gens de la Caverne\u00a0\u00bb (Khahf), et le site o\u00f9 il a eu lieu la bataille du Yarmouk entre les musulmans et les byzantins.<\/p>\n<p>Le s\u00e9jour a \u00e9t\u00e9 cl\u00f4tur\u00e9 par un d\u00e9bat \u00e0 la t\u00e9l\u00e9vision nationale sur les finances islamiques :les d\u00e9fis et perspectives.<\/p>\n<\/div>\n","protected":false},"excerpt":{"rendered":"<p>Sur invitation du gouvernement jordanien, le secr\u00e9taire g\u00e9n\u00e9ral de l\u2019Acad\u00e9mie internationale de la jurisprudence islamique de l\u2019OCI, SEM le Professeur Koutoubou Moustapha SANO, a effectu\u00e9 une visite de travail dans le Royaume Hashimite Jordanien du 8 au 13 juillet 2021. *Des \u2018\u2019r\u00e9formes qualitatives\u2019\u2019 \u00e0 l\u2019actif de l\u2019Acad\u00e9mie\u2026* Au lendemain de son arriv\u00e9e, il a \u00e9t\u00e9 [&hellip;]<\/p>\n","protected":false},"author":2,"featured_media":9680,"comment_status":"closed","ping_status":"closed","sticky":false,"template":"","format":"standard","meta":{"footnotes":""},"categories":[57],"tags":[],"class_list":{"0":"post-9679","1":"post","2":"type-post","3":"status-publish","4":"format-standard","5":"has-post-thumbnail","7":"category-politique"},"_links":{"self":[{"href":"https:\/\/conakrynews.org\/index.php\/wp-json\/wp\/v2\/posts\/9679","targetHints":{"allow":["GET"]}}],"collection":[{"href":"https:\/\/conakrynews.org\/index.php\/wp-json\/wp\/v2\/posts"}],"about":[{"href":"https:\/\/conakrynews.org\/index.php\/wp-json\/wp\/v2\/types\/post"}],"author":[{"embeddable":true,"href":"https:\/\/conakrynews.org\/index.php\/wp-json\/wp\/v2\/users\/2"}],"replies":[{"embeddable":true,"href":"https:\/\/conakrynews.org\/index.php\/wp-json\/wp\/v2\/comments?post=9679"}],"version-history":[{"count":0,"href":"https:\/\/conakrynews.org\/index.php\/wp-json\/wp\/v2\/posts\/9679\/revisions"}],"wp:featuredmedia":[{"embeddable":true,"href":"https:\/\/conakrynews.org\/index.php\/wp-json\/wp\/v2\/media\/9680"}],"wp:attachment":[{"href":"https:\/\/conakrynews.org\/index.php\/wp-json\/wp\/v2\/media?parent=9679"}],"wp:term":[{"taxonomy":"category","embeddable":true,"href":"https:\/\/conakrynews.org\/index.php\/wp-json\/wp\/v2\/categories?post=9679"},{"taxonomy":"post_tag","embeddable":true,"href":"https:\/\/conakrynews.org\/index.php\/wp-json\/wp\/v2\/tags?post=9679"}],"curies":[{"name":"wp","href":"https:\/\/api.w.org\/{rel}","templated":true}]}}