{"id":9691,"date":"2021-07-22T15:41:07","date_gmt":"2021-07-22T15:41:07","guid":{"rendered":"https:\/\/conakrynews.org\/?p=9691"},"modified":"2021-07-22T15:41:07","modified_gmt":"2021-07-22T15:41:07","slug":"cote-divoire-alassane-ouattara-et-laurent-gbagbo-vont-se-retrouver-le-27-juillet-prochain-au-palais-presidentiel","status":"publish","type":"post","link":"https:\/\/conakrynews.org\/index.php\/cote-divoire-alassane-ouattara-et-laurent-gbagbo-vont-se-retrouver-le-27-juillet-prochain-au-palais-presidentiel\/","title":{"rendered":"C\u00f4te d\u2019Ivoire : Alassane Ouattara et Laurent Gbagbo vont se retrouver le 27 juillet prochain au palais pr\u00e9sidentiel"},"content":{"rendered":"<hr \/>\n<h1 class=\"name post-title entry-title\"><\/h1>\n<p class=\"post-meta\">\n<div class=\"clear\"><\/div>\n<div class=\"entry\">\n<p class=\"lead\">Alassane Ouattara et Laurent Gbagbo vont se retrouver le 27 juillet au palais pr\u00e9sidentiel, \u00e0 Abidjan. Une rencontre pr\u00e9par\u00e9e en coulisses depuis plusieurs jours.<\/p>\n<p>Dix ans apr\u00e8s la guerre qui les a oppos\u00e9s et qui a mis la C\u00f4te d\u2019Ivoire \u00e0 genoux, les deux anciens adversaires vont se retrouver le 27 juillet. Le pr\u00e9sident ivoirien l\u2019a annonc\u00e9 \u00e0 son gouvernement lors du conseil des ministres, ce mercredi. Cette rencontre a ensuite \u00e9t\u00e9 officiellement annonc\u00e9e par Amadou Coulibaly, le ministre de la Communication et porte-parole du gouvernement. Il a expliqu\u00e9 qu\u2019\u00ab il y a eu un contact\u00a0\u00bb entre Alassane Ouattara et\u00a0<a href=\"https:\/\/www.jeuneafrique.com\/1190126\/politique\/cote-divoire-et-soudain-ils-ont-vu-laurent-gbagbo\/\">Laurent Gbagbo<\/a>, ces derniers jours, pour pr\u00e9parer ce rendez-vous symbolique, cens\u00e9 incarner leur r\u00e9conciliation, dix ans apr\u00e8s la crise post-\u00e9lectorale qui a d\u00e9chir\u00e9 le pays et fait plus de 3 000 morts.<\/p>\n<p><strong>Avec JA<\/strong><\/p>\n<\/div>\n","protected":false},"excerpt":{"rendered":"<p>Alassane Ouattara et Laurent Gbagbo vont se retrouver le 27 juillet au palais pr\u00e9sidentiel, \u00e0 Abidjan. Une rencontre pr\u00e9par\u00e9e en coulisses depuis plusieurs jours. Dix ans apr\u00e8s la guerre qui les a oppos\u00e9s et qui a mis la C\u00f4te d\u2019Ivoire \u00e0 genoux, les deux anciens adversaires vont se retrouver le 27 juillet. Le pr\u00e9sident ivoirien [&hellip;]<\/p>\n","protected":false},"author":2,"featured_media":9692,"comment_status":"closed","ping_status":"closed","sticky":false,"template":"","format":"standard","meta":{"footnotes":""},"categories":[57],"tags":[],"class_list":{"0":"post-9691","1":"post","2":"type-post","3":"status-publish","4":"format-standard","5":"has-post-thumbnail","7":"category-politique"},"_links":{"self":[{"href":"https:\/\/conakrynews.org\/index.php\/wp-json\/wp\/v2\/posts\/9691","targetHints":{"allow":["GET"]}}],"collection":[{"href":"https:\/\/conakrynews.org\/index.php\/wp-json\/wp\/v2\/posts"}],"about":[{"href":"https:\/\/conakrynews.org\/index.php\/wp-json\/wp\/v2\/types\/post"}],"author":[{"embeddable":true,"href":"https:\/\/conakrynews.org\/index.php\/wp-json\/wp\/v2\/users\/2"}],"replies":[{"embeddable":true,"href":"https:\/\/conakrynews.org\/index.php\/wp-json\/wp\/v2\/comments?post=9691"}],"version-history":[{"count":0,"href":"https:\/\/conakrynews.org\/index.php\/wp-json\/wp\/v2\/posts\/9691\/revisions"}],"wp:featuredmedia":[{"embeddable":true,"href":"https:\/\/conakrynews.org\/index.php\/wp-json\/wp\/v2\/media\/9692"}],"wp:attachment":[{"href":"https:\/\/conakrynews.org\/index.php\/wp-json\/wp\/v2\/media?parent=9691"}],"wp:term":[{"taxonomy":"category","embeddable":true,"href":"https:\/\/conakrynews.org\/index.php\/wp-json\/wp\/v2\/categories?post=9691"},{"taxonomy":"post_tag","embeddable":true,"href":"https:\/\/conakrynews.org\/index.php\/wp-json\/wp\/v2\/tags?post=9691"}],"curies":[{"name":"wp","href":"https:\/\/api.w.org\/{rel}","templated":true}]}}