{"id":9712,"date":"2021-07-27T15:35:49","date_gmt":"2021-07-27T15:35:49","guid":{"rendered":"https:\/\/conakrynews.org\/?p=9712"},"modified":"2021-07-27T18:05:06","modified_gmt":"2021-07-27T18:05:06","slug":"tribune-reouverture-frontiere-senegal-guinee-le-regime-dalpha-conde-plaide","status":"publish","type":"post","link":"https:\/\/conakrynews.org\/index.php\/tribune-reouverture-frontiere-senegal-guinee-le-regime-dalpha-conde-plaide\/","title":{"rendered":"TRIBUNE\/R\u00e9ouverture fronti\u00e8re S\u00e9n\u00e9gal-Guin\u00e9e : le r\u00e9gime d\u2019Alpha CONDE plaide !"},"content":{"rendered":"<h1 class=\"name post-title entry-title\"><\/h1>\n<div class=\"clear\"><\/div>\n<div class=\"entry\">\n<p>Pendant longtemps une certaine opinion \u00e9tait distill\u00e9e ci et l\u00e0 que sans la Guin\u00e9e, les S\u00e9n\u00e9galais auraient \u00ab certainement \u00bb d\u00e9m\u00e9nag\u00e9 de leur pays. De la fermeture de la fronti\u00e8re \u00e0 sa r\u00e9ouverture, les id\u00e9es sont de plus en plus claires et r\u00e9v\u00e8lent le caract\u00e8re interd\u00e9pendant qui gouverne la conduite des \u00c9tats. Toutefois, cette r\u00e9ouverture, en se fondant sur les faits, semble \u00eatre plus sollicit\u00e9e d\u2019un c\u00f4t\u00e9 que de l\u2019autre.<\/p>\n<p>&nbsp;<\/p>\n<p>\u00c0 la fermeture spontan\u00e9e de la fronti\u00e8re Guin\u00e9e-S\u00e9n\u00e9gal, des guin\u00e9ens ont vu en cette mesure, une d\u00e9cision mal inspir\u00e9e. Certains ont m\u00eame estim\u00e9 que c\u2019\u00e9tait juste pour faire mal \u00e0 une \u00ab certaine cat\u00e9gorie de guin\u00e9ens \u00bb ! Avec le temps, tous les guin\u00e9ens semblent subir les cons\u00e9quences de la mesure. Mieux, le tr\u00e9sor public en paie aussi les frais ! Les caisses sont vides et l\u2019Etat doit faire face \u00e0 un minimum d\u2019obligations surtout envers ces hommes. O\u00f9 alors trouver l\u2019argent ? Les recettes !<\/p>\n<p>&nbsp;<\/p>\n<p>C\u2019est d\u2019ailleurs pour cette raison que les autorit\u00e9s guin\u00e9ennes se sont lanc\u00e9es dans une v\u00e9ritable campagne de s\u00e9duction des autorit\u00e9s s\u00e9n\u00e9galaises en proc\u00e9dant \u00e0 la ratification (un dimanche) par le parlement guin\u00e9en de l\u2019accord sign\u00e9 entre les ex\u00e9cutifs des deux pays. La Guin\u00e9e montre ainsi son int\u00e9r\u00eat \u00e0 r\u00e9ouvrir rapidement la fronti\u00e8re car, en v\u00e9rit\u00e9, elle constitue une entr\u00e9e \u00e9norme financi\u00e8re pour le tr\u00e9sor public.<\/p>\n<p>&nbsp;<\/p>\n<p>Plusieurs jours pass\u00e9s, les autorit\u00e9s guin\u00e9ennes continuent d\u2019attendre que les S\u00e9n\u00e9galais r\u00e9agissent. C\u2019est d\u2019ailleurs ce que dit Aladji Cellou : R\u00e9ouverture fronti\u00e8re Guin\u00e9e-S\u00e9n\u00e9gal : \u00ab nous attendons nos amis s\u00e9n\u00e9galais \u00bb<\/p>\n<p>&nbsp;<\/p>\n<p>Et pendant ce temps, les \u00ab amis \u00bb S\u00e9n\u00e9galais sont occup\u00e9s \u00e0 autre chose. Cela ne semble pas \u00eatre leur priorit\u00e9 ! Les S\u00e9n\u00e9galais sont-ils dans la perspective de faire r\u00e9aliser au r\u00e9gime d\u2019Alpha CONDE l\u2019interd\u00e9pendance entre les \u00c9tats, elle-m\u00eame, cons\u00e9cutive \u00e0 la mondialisation ? Veulent-ils, dans un contexte de crise o\u00f9 la Guin\u00e9e a besoin de renflouer ses caisses, faire payer au r\u00e9gime d\u2019Alpha CONSE sa d\u00e9cision mal inspir\u00e9e ? En tout \u00e9tat de cause, les S\u00e9n\u00e9galais se sont faits respect\u00e9s en ne se pr\u00e9cipitant pas \u00e0 ratifier l\u2019accord. Car le faire aurait suscit\u00e9 une autre lecture.<\/p>\n<p>&nbsp;<\/p>\n<p>\u00c0 ce stade de l\u2019analyse, on peut ais\u00e9ment comprendre qui du S\u00e9n\u00e9gal ou de la Guin\u00e9e serait demandeur de la r\u00e9ouverture de la fronti\u00e8re ?Certainement\u00a0 le pays qui en souffrirait plus ! Est-ce le S\u00e9n\u00e9gal ou la Guin\u00e9e ? La r\u00e9ponse \u00e0 cette interrogation se trouve dans la posture adopt\u00e9e par les uns et les autres dans la ratification rapide ou non de l\u2019accord sign\u00e9 des ex\u00e9cutifs des deux pays.<\/p>\n<p>&nbsp;<\/p>\n<p>Fod\u00e9 BALDE pour guineequotidien.com<\/p>\n<\/div>\n","protected":false},"excerpt":{"rendered":"<p>Pendant longtemps une certaine opinion \u00e9tait distill\u00e9e ci et l\u00e0 que sans la Guin\u00e9e, les S\u00e9n\u00e9galais auraient \u00ab certainement \u00bb d\u00e9m\u00e9nag\u00e9 de leur pays. De la fermeture de la fronti\u00e8re \u00e0 sa r\u00e9ouverture, les id\u00e9es sont de plus en plus claires et r\u00e9v\u00e8lent le caract\u00e8re interd\u00e9pendant qui gouverne la conduite des \u00c9tats. Toutefois, cette r\u00e9ouverture, [&hellip;]<\/p>\n","protected":false},"author":2,"featured_media":9713,"comment_status":"closed","ping_status":"closed","sticky":false,"template":"","format":"standard","meta":{"footnotes":""},"categories":[57],"tags":[],"class_list":{"0":"post-9712","1":"post","2":"type-post","3":"status-publish","4":"format-standard","5":"has-post-thumbnail","7":"category-politique"},"_links":{"self":[{"href":"https:\/\/conakrynews.org\/index.php\/wp-json\/wp\/v2\/posts\/9712","targetHints":{"allow":["GET"]}}],"collection":[{"href":"https:\/\/conakrynews.org\/index.php\/wp-json\/wp\/v2\/posts"}],"about":[{"href":"https:\/\/conakrynews.org\/index.php\/wp-json\/wp\/v2\/types\/post"}],"author":[{"embeddable":true,"href":"https:\/\/conakrynews.org\/index.php\/wp-json\/wp\/v2\/users\/2"}],"replies":[{"embeddable":true,"href":"https:\/\/conakrynews.org\/index.php\/wp-json\/wp\/v2\/comments?post=9712"}],"version-history":[{"count":0,"href":"https:\/\/conakrynews.org\/index.php\/wp-json\/wp\/v2\/posts\/9712\/revisions"}],"wp:featuredmedia":[{"embeddable":true,"href":"https:\/\/conakrynews.org\/index.php\/wp-json\/wp\/v2\/media\/9713"}],"wp:attachment":[{"href":"https:\/\/conakrynews.org\/index.php\/wp-json\/wp\/v2\/media?parent=9712"}],"wp:term":[{"taxonomy":"category","embeddable":true,"href":"https:\/\/conakrynews.org\/index.php\/wp-json\/wp\/v2\/categories?post=9712"},{"taxonomy":"post_tag","embeddable":true,"href":"https:\/\/conakrynews.org\/index.php\/wp-json\/wp\/v2\/tags?post=9712"}],"curies":[{"name":"wp","href":"https:\/\/api.w.org\/{rel}","templated":true}]}}