{"id":9746,"date":"2021-07-30T12:17:37","date_gmt":"2021-07-30T12:17:37","guid":{"rendered":"https:\/\/conakrynews.org\/?p=9746"},"modified":"2021-07-30T14:05:12","modified_gmt":"2021-07-30T14:05:12","slug":"joao-lourenco-a-sa-descente-de-lavion-notre-mission-en-tant-que-chefs-detat-est-de-developper-langola-et-la-guinee","status":"publish","type":"post","link":"https:\/\/conakrynews.org\/index.php\/joao-lourenco-a-sa-descente-de-lavion-notre-mission-en-tant-que-chefs-detat-est-de-developper-langola-et-la-guinee\/","title":{"rendered":"Jo\u00e3o Louren\u00e7o \u00e0 sa descente de l\u2019avion: \u201cNotre mission en tant que chefs d\u2019\u00c9tat est de d\u00e9velopper l\u2019Angola et la Guin\u00e9e \u201d"},"content":{"rendered":"<div class=\"td-post-header\">\n<header class=\"td-post-title\">\n<h1 class=\"entry-title\"><\/h1>\n<div class=\"td-module-meta-info\">\n<div class=\"td-post-author-name\">\n<div class=\"td-author-by\"><\/div>\n<\/div>\n<\/div>\n<\/header>\n<\/div>\n<div class=\"td-post-sharing td-post-sharing-top \">\n<div class=\"td-default-sharing\"><i class=\"td-icon-facebook\"><\/i>\u00a0<i class=\"td-icon-twitter\"><\/i>\u00a0<i class=\"td-icon-googleplus\"><\/i>\u00a0<i class=\"td-icon-pinterest\"><\/i>\u00a0<i class=\"td-icon-whatsapp\"><\/i><\/div>\n<\/div>\n<div class=\"td-post-content\">\n<div class=\"td-post-featured-image\"><a class=\"td-modal-image\" href=\"https:\/\/liberationinfo.com\/wp-content\/uploads\/2021\/07\/FB_IMG_16275741427642901.jpg\" data-caption=\"\"><img loading=\"lazy\" decoding=\"async\" class=\"entry-thumb td-animation-stack-type0-2\" title=\"FB_IMG_16275741427642901\" src=\"https:\/\/liberationinfo.com\/wp-content\/uploads\/2021\/07\/FB_IMG_16275741427642901-696x464.jpg\" alt=\"\" width=\"696\" height=\"464\" \/><\/a><\/div>\n<div class=\"entry-header clearfix\">\n<header class=\"entry-header-title\">\n<h1 class=\"entry-title\"><\/h1>\n<\/header>\n<\/div>\n<div class=\"row single-main-content\">\n<div class=\"main-content content-right col-sx-12 col-sm-12 col-md-9 col-lg-9\">\n<div class=\"content-inner\">\n<div class=\"code-block code-block-1\"><\/div>\n<div class=\"box box-article\">\n<article id=\"post-160893\" class=\"post-160893 post type-post status-publish format-standard has-post-thumbnail hentry category-la-une\">\n<div class=\"post-image single-image\"><\/div>\n<div class=\"entry-content clearfix\">\n<div class=\"entry-content-inner padding-left\">\n<div class=\"pf-content\">\n<div class=\"printfriendly pf-button pf-button-content pf-alignright\"><\/div>\n<p><strong>Accueilli \u00e0 sa descente de l\u2019avion par son homologue guin\u00e9en, le pr\u00e9sident Angolais Jo\u00e3o Louren\u00e7o a mis cap sur Conakry pour une visite de travail de 72 heures.\u00a0 Apr\u00e8s l\u2019ex\u00e9cution des hymnes nationaux, Jo\u00e3o Louren\u00e7o a d\u00e9clin\u00e9 l\u2019objectif de sa visite en Guin\u00e9e, c\u2019est pour le renforcement des relations entre Conakry et Louanda.<\/strong><\/p>\n<p><em>\u00ab Comme vous le savez, les relations entre la Guin\u00e9e et l\u2019Angola sont des relations historiques. Notre lutte de lib\u00e9ration est pass\u00e9e par la Guin\u00e9e. Le peuple angolais a b\u00e9n\u00e9fici\u00e9 de l\u2019aide du peuple guin\u00e9en pour acc\u00e9der \u00e0 l\u2019ind\u00e9pendance. Nous serons toujours reconnaissants de l\u2019appui re\u00e7u du peuple guin\u00e9en<\/em>\u00a0\u00bb<strong>\u00a0a-t-il rappel\u00e9 le pr\u00e9sident Angolais.\u00a0<\/strong><\/p>\n<p><strong>Avant de poursuivre<\/strong>\u00a0: \u00ab Et aujourd\u2019hui, nous avons compris qu\u2019il ne faut pas faire seulement des r\u00e9f\u00e9rences historiques, il faut donner des pas concrets de notre coop\u00e9ration bilat\u00e9rale et surtout dans le domaine \u00e9conomique entre les deux pays. Notre mission en tant que chefs d\u2019\u00c9tat est de d\u00e9velopper l\u2019Angola et la Guin\u00e9e et il n\u2019y a pas de pays qui se d\u00e9veloppe \u00e0 travers le monde sans coop\u00e9rer avec d\u2019autres pays. L\u2019objectif concret de cette visite est de donner une nouvelle impulsion aux relations de coop\u00e9ration \u00e9conomique entre les deux pays \u00bb,\u00a0<strong>a-t-il fait savoir.\u00a0<\/strong><\/p>\n<p><strong>Jo\u00e3o Louren\u00e7o va mettre au profit de ses 72 heures de visite \u00e0 Conakry pour signer plusieurs conventions avec les d\u00e9partements minist\u00e9riels concern\u00e9s.\u00a0<\/strong><\/p>\n<p><strong>Mohamed\u00a0 Camara\u00a0<\/strong><\/p>\n<\/div>\n<\/div>\n<\/div>\n<\/article>\n<\/div>\n<\/div>\n<\/div>\n<\/div>\n<\/div>\n","protected":false},"excerpt":{"rendered":"<p>\u00a0\u00a0\u00a0\u00a0 Accueilli \u00e0 sa descente de l\u2019avion par son homologue guin\u00e9en, le pr\u00e9sident Angolais Jo\u00e3o Louren\u00e7o a mis cap sur Conakry pour une visite de travail de 72 heures.\u00a0 Apr\u00e8s l\u2019ex\u00e9cution des hymnes nationaux, Jo\u00e3o Louren\u00e7o a d\u00e9clin\u00e9 l\u2019objectif de sa visite en Guin\u00e9e, c\u2019est pour le renforcement des relations entre Conakry et Louanda. \u00ab [&hellip;]<\/p>\n","protected":false},"author":2,"featured_media":9747,"comment_status":"closed","ping_status":"closed","sticky":false,"template":"","format":"standard","meta":{"footnotes":""},"categories":[57],"tags":[],"class_list":{"0":"post-9746","1":"post","2":"type-post","3":"status-publish","4":"format-standard","5":"has-post-thumbnail","7":"category-politique"},"_links":{"self":[{"href":"https:\/\/conakrynews.org\/index.php\/wp-json\/wp\/v2\/posts\/9746","targetHints":{"allow":["GET"]}}],"collection":[{"href":"https:\/\/conakrynews.org\/index.php\/wp-json\/wp\/v2\/posts"}],"about":[{"href":"https:\/\/conakrynews.org\/index.php\/wp-json\/wp\/v2\/types\/post"}],"author":[{"embeddable":true,"href":"https:\/\/conakrynews.org\/index.php\/wp-json\/wp\/v2\/users\/2"}],"replies":[{"embeddable":true,"href":"https:\/\/conakrynews.org\/index.php\/wp-json\/wp\/v2\/comments?post=9746"}],"version-history":[{"count":0,"href":"https:\/\/conakrynews.org\/index.php\/wp-json\/wp\/v2\/posts\/9746\/revisions"}],"wp:featuredmedia":[{"embeddable":true,"href":"https:\/\/conakrynews.org\/index.php\/wp-json\/wp\/v2\/media\/9747"}],"wp:attachment":[{"href":"https:\/\/conakrynews.org\/index.php\/wp-json\/wp\/v2\/media?parent=9746"}],"wp:term":[{"taxonomy":"category","embeddable":true,"href":"https:\/\/conakrynews.org\/index.php\/wp-json\/wp\/v2\/categories?post=9746"},{"taxonomy":"post_tag","embeddable":true,"href":"https:\/\/conakrynews.org\/index.php\/wp-json\/wp\/v2\/tags?post=9746"}],"curies":[{"name":"wp","href":"https:\/\/api.w.org\/{rel}","templated":true}]}}