{"id":9760,"date":"2021-07-30T19:59:04","date_gmt":"2021-07-30T19:59:04","guid":{"rendered":"https:\/\/conakrynews.org\/?p=9760"},"modified":"2021-07-30T20:38:48","modified_gmt":"2021-07-30T20:38:48","slug":"guinee-le-president-guineen-satisfait-de-son-entretien-avec-son-homologue-angolais","status":"publish","type":"post","link":"https:\/\/conakrynews.org\/index.php\/guinee-le-president-guineen-satisfait-de-son-entretien-avec-son-homologue-angolais\/","title":{"rendered":"Guin\u00e9e: le pr\u00e9sident guin\u00e9en satisfait de son entretien avec son homologue Angolais"},"content":{"rendered":"<div class=\"td-post-header\">\n<header class=\"td-post-title\">\n<h1 class=\"entry-title\"><\/h1>\n<div class=\"td-module-meta-info\">\n<div class=\"td-post-author-name\">\n<div class=\"td-author-by\"><\/div>\n<\/div>\n<\/div>\n<\/header>\n<\/div>\n<div class=\"td-post-sharing td-post-sharing-top \">\n<div class=\"td-default-sharing\"><i class=\"td-icon-facebook\"><\/i>\u00a0<i class=\"td-icon-twitter\"><\/i>\u00a0<i class=\"td-icon-googleplus\"><\/i>\u00a0<i class=\"td-icon-pinterest\"><\/i>\u00a0<i class=\"td-icon-whatsapp\"><\/i><\/div>\n<\/div>\n<div class=\"td-post-content\">\n<div class=\"td-post-featured-image\"><a class=\"td-modal-image\" href=\"https:\/\/liberationinfo.com\/wp-content\/uploads\/2021\/07\/FB_IMG_16276664831029355.jpg\" data-caption=\"\"><img loading=\"lazy\" decoding=\"async\" class=\"entry-thumb td-animation-stack-type0-2\" title=\"FB_IMG_16276664831029355\" src=\"https:\/\/liberationinfo.com\/wp-content\/uploads\/2021\/07\/FB_IMG_16276664831029355-696x464.jpg\" alt=\"\" width=\"696\" height=\"464\" \/><\/a><\/div>\n<div class=\"jeg_navbar_mobile_wrapper\">\n<div class=\"jeg_navbar_mobile jeg_sticky_nav\">\n<div class=\"jeg_mobile_bottombar jeg_mobile_midbar jeg_container normal\">\n<div class=\"container\">\n<div class=\"jeg_nav_row\">\n<div class=\"jeg_nav_col jeg_nav_center jeg_nav_grow\">\n<div class=\"item_wrap jeg_nav_aligncenter\">\n<div class=\"jeg_nav_item jeg_mobile_logo\">\n<div class=\"site-title\"><\/div>\n<\/div>\n<\/div>\n<\/div>\n<\/div>\n<\/div>\n<\/div>\n<\/div>\n<div class=\"sticky_blankspace\"><\/div>\n<\/div>\n<div class=\"post-wrapper\">\n<div class=\"post-wrap\">\n<div class=\"jeg_main \">\n<div class=\"jeg_container\">\n<div class=\"jeg_content jeg_singlepage\">\n<div class=\"container\">\n<div class=\"jeg_ad jeg_article jnews_article_top_ads\">\n<div class=\"ads-wrapper \">\n<div class=\"ads-text\"><\/div>\n<\/div>\n<\/div>\n<div class=\"row\">\n<div class=\"jeg_main_content col-md-8\">\n<div class=\"jeg_inner_content\">\n<div class=\"jeg_featured featured_image\">\n<div class=\"thumbnail-container animate-lazy\"><\/div>\n<\/div>\n<div class=\"jeg_ad jeg_article jnews_content_top_ads \">\n<div class=\"ads-wrapper \"><\/div>\n<\/div>\n<div class=\"entry-content no-share\">\n<div class=\"jeg_share_button share-float jeg_sticky_share clearfix share-monocrhome\"><\/div>\n<div class=\"content-inner \">\n<div class=\"jeg_ad jeg_ad_article jnews_content_inline_2_ads \">\n<div class=\"ads-wrapper align-center \">\n<div class=\"ads_code\"><\/div>\n<\/div>\n<\/div>\n<p>En visite officielle de 72 heures en Guin\u00e9e,\u00a0 le pr\u00e9sident Angolais, Jo\u00e3o Louren\u00e7o a eu un t\u00eate-\u00e0-t\u00eate avec son homologue guin\u00e9en, le pr\u00e9sident Alpha Cond\u00e9. Ce vendredi 30 juillet 2021 dans un h\u00f4tel de la place.<\/p>\n<p>Le chef de l\u2019\u00e9tat guin\u00e9en, tr\u00e8s satisfait de son entretien avec son Camarade et ami ,Jo\u00e3o Louren\u00e7o a d\u00e9clar\u00e9 sur sa page Facebook :<\/p>\n<p><strong><em>\u00ab\u00a0J\u2019ai eu un franc et fraternel t\u00eate-\u00e0-t\u00eate avec mon ami Jo\u00e3o Louren\u00e7o, pr\u00e9sident de l\u2019Angola. La Guin\u00e9e panafricaine \u0153uvre au raffermissement de ses relations d\u2019amiti\u00e9 avec tous les pays du continent\u00a0\u00bb,<\/em><\/strong>\u00a0s\u2019est rejoui le pr\u00e9sident guin\u00e9en sur son compte Facebook.<\/p>\n<p>&nbsp;<\/p>\n<p><strong>Mohamed\u00a0 Camara<\/strong><\/p>\n<\/div>\n<\/div>\n<\/div>\n<\/div>\n<\/div>\n<\/div>\n<\/div>\n<\/div>\n<\/div>\n<\/div>\n<\/div>\n<\/div>\n","protected":false},"excerpt":{"rendered":"<p>\u00a0\u00a0\u00a0\u00a0 En visite officielle de 72 heures en Guin\u00e9e,\u00a0 le pr\u00e9sident Angolais, Jo\u00e3o Louren\u00e7o a eu un t\u00eate-\u00e0-t\u00eate avec son homologue guin\u00e9en, le pr\u00e9sident Alpha Cond\u00e9. Ce vendredi 30 juillet 2021 dans un h\u00f4tel de la place. Le chef de l\u2019\u00e9tat guin\u00e9en, tr\u00e8s satisfait de son entretien avec son Camarade et ami ,Jo\u00e3o Louren\u00e7o a [&hellip;]<\/p>\n","protected":false},"author":2,"featured_media":9761,"comment_status":"closed","ping_status":"closed","sticky":false,"template":"","format":"standard","meta":{"footnotes":""},"categories":[57],"tags":[],"class_list":{"0":"post-9760","1":"post","2":"type-post","3":"status-publish","4":"format-standard","5":"has-post-thumbnail","7":"category-politique"},"_links":{"self":[{"href":"https:\/\/conakrynews.org\/index.php\/wp-json\/wp\/v2\/posts\/9760","targetHints":{"allow":["GET"]}}],"collection":[{"href":"https:\/\/conakrynews.org\/index.php\/wp-json\/wp\/v2\/posts"}],"about":[{"href":"https:\/\/conakrynews.org\/index.php\/wp-json\/wp\/v2\/types\/post"}],"author":[{"embeddable":true,"href":"https:\/\/conakrynews.org\/index.php\/wp-json\/wp\/v2\/users\/2"}],"replies":[{"embeddable":true,"href":"https:\/\/conakrynews.org\/index.php\/wp-json\/wp\/v2\/comments?post=9760"}],"version-history":[{"count":0,"href":"https:\/\/conakrynews.org\/index.php\/wp-json\/wp\/v2\/posts\/9760\/revisions"}],"wp:featuredmedia":[{"embeddable":true,"href":"https:\/\/conakrynews.org\/index.php\/wp-json\/wp\/v2\/media\/9761"}],"wp:attachment":[{"href":"https:\/\/conakrynews.org\/index.php\/wp-json\/wp\/v2\/media?parent=9760"}],"wp:term":[{"taxonomy":"category","embeddable":true,"href":"https:\/\/conakrynews.org\/index.php\/wp-json\/wp\/v2\/categories?post=9760"},{"taxonomy":"post_tag","embeddable":true,"href":"https:\/\/conakrynews.org\/index.php\/wp-json\/wp\/v2\/tags?post=9760"}],"curies":[{"name":"wp","href":"https:\/\/api.w.org\/{rel}","templated":true}]}}