{"id":9785,"date":"2021-08-03T10:35:47","date_gmt":"2021-08-03T10:35:47","guid":{"rendered":"https:\/\/conakrynews.org\/?p=9785"},"modified":"2021-08-03T13:07:26","modified_gmt":"2021-08-03T13:07:26","slug":"mamou-plusieurs-maisons-incendiees-par-un-malade-mental-a-gadha-kogon","status":"publish","type":"post","link":"https:\/\/conakrynews.org\/index.php\/mamou-plusieurs-maisons-incendiees-par-un-malade-mental-a-gadha-kogon\/","title":{"rendered":"Mamou : Plusieurs maisons incendi\u00e9es par un malade mental \u00e0 Gadha Kogon"},"content":{"rendered":"<h1 class=\"name post-title entry-title\"><\/h1>\n<div class=\"clear\"><\/div>\n<div class=\"entry\">\n<p>Une maison en t\u00f4le et sept (7) cases ont \u00e9t\u00e9 incendi\u00e9es par un malade mental, le nomm\u00e9 Thierno Yaya Diallo, citoyen du secteur de Gadha Kogon dans le district de Garankella, situ\u00e9 \u00e0 85km du chef-lieu de la pr\u00e9fecture de Mamou sur la nationale Mamou-Dabola.<\/p>\n<p>Selon une source bien inform\u00e9e, il a d\u2019abord commenc\u00e9 par le b\u00e2timent de son p\u00e8re avant d\u2019aller chez les voisins. Il a bless\u00e9 deux (2) personnes dont un cas grave qui a \u00e9t\u00e9 admis \u00e0 l\u2019h\u00f4pital r\u00e9gional de Mamou apr\u00e8s les premiers soins au centre de sant\u00e9 de Saramoussaya.<\/p>\n<p>Inform\u00e9s, les services de s\u00e9curit\u00e9 compos\u00e9s d\u2019une \u00e9quipe mixte de gendarmes et de policiers, appuy\u00e9e par des jeunes des villages voisins, ont mis main sur le malade mental entre Hamidouya et Gadha Kogon.<\/p>\n<p>Pour l\u2019heure, les sinistr\u00e9s de Gadha Kogon passent la nuit sous la belle \u00e9toile, sans nourriture ni v\u00eatements en cette p\u00e9riode de soudure.<\/p>\n<p><strong><em>AGP<\/em><\/strong><\/p>\n<\/div>\n","protected":false},"excerpt":{"rendered":"<p>Une maison en t\u00f4le et sept (7) cases ont \u00e9t\u00e9 incendi\u00e9es par un malade mental, le nomm\u00e9 Thierno Yaya Diallo, citoyen du secteur de Gadha Kogon dans le district de Garankella, situ\u00e9 \u00e0 85km du chef-lieu de la pr\u00e9fecture de Mamou sur la nationale Mamou-Dabola. Selon une source bien inform\u00e9e, il a d\u2019abord commenc\u00e9 par [&hellip;]<\/p>\n","protected":false},"author":2,"featured_media":9786,"comment_status":"closed","ping_status":"closed","sticky":false,"template":"","format":"standard","meta":{"footnotes":""},"categories":[58],"tags":[],"class_list":{"0":"post-9785","1":"post","2":"type-post","3":"status-publish","4":"format-standard","5":"has-post-thumbnail","7":"category-societe"},"_links":{"self":[{"href":"https:\/\/conakrynews.org\/index.php\/wp-json\/wp\/v2\/posts\/9785","targetHints":{"allow":["GET"]}}],"collection":[{"href":"https:\/\/conakrynews.org\/index.php\/wp-json\/wp\/v2\/posts"}],"about":[{"href":"https:\/\/conakrynews.org\/index.php\/wp-json\/wp\/v2\/types\/post"}],"author":[{"embeddable":true,"href":"https:\/\/conakrynews.org\/index.php\/wp-json\/wp\/v2\/users\/2"}],"replies":[{"embeddable":true,"href":"https:\/\/conakrynews.org\/index.php\/wp-json\/wp\/v2\/comments?post=9785"}],"version-history":[{"count":0,"href":"https:\/\/conakrynews.org\/index.php\/wp-json\/wp\/v2\/posts\/9785\/revisions"}],"wp:featuredmedia":[{"embeddable":true,"href":"https:\/\/conakrynews.org\/index.php\/wp-json\/wp\/v2\/media\/9786"}],"wp:attachment":[{"href":"https:\/\/conakrynews.org\/index.php\/wp-json\/wp\/v2\/media?parent=9785"}],"wp:term":[{"taxonomy":"category","embeddable":true,"href":"https:\/\/conakrynews.org\/index.php\/wp-json\/wp\/v2\/categories?post=9785"},{"taxonomy":"post_tag","embeddable":true,"href":"https:\/\/conakrynews.org\/index.php\/wp-json\/wp\/v2\/tags?post=9785"}],"curies":[{"name":"wp","href":"https:\/\/api.w.org\/{rel}","templated":true}]}}