{"id":9814,"date":"2021-08-04T10:13:36","date_gmt":"2021-08-04T10:13:36","guid":{"rendered":"https:\/\/conakrynews.org\/?p=9814"},"modified":"2021-08-04T14:50:13","modified_gmt":"2021-08-04T14:50:13","slug":"afrique-de-louest-creation-dun-reseau-pour-developper-le-commerce","status":"publish","type":"post","link":"https:\/\/conakrynews.org\/index.php\/afrique-de-louest-creation-dun-reseau-pour-developper-le-commerce\/","title":{"rendered":"Afrique de l\u2019Ouest : Cr\u00e9ation d\u2019un r\u00e9seau pour d\u00e9velopper le commerce"},"content":{"rendered":"<h1 class=\"name post-title entry-title\"><\/h1>\n<div class=\"clear\"><\/div>\n<div class=\"entry\">\n<p class=\"teaser\">Ce r\u00e9seau permettra d\u2019acc\u00e9der \u00e0 de nouveaux march\u00e9s et d\u2019\u00e9tablir des liens entre les entreprises locales et internationales.<\/p>\n<p><span class=\"dateline\">Tunis\u00a0<span class=\"credit\">(dpa)<\/span>\u00a0\u2013\u00a0<\/span>Un r\u00e9seau d\u2019Organisations de Promotion du Commerce (OPC) en Afrique de l\u2019Ouest a \u00e9t\u00e9 mis en place le 15 juillet \u00e0 Abuja, capitale du Nigeria, dans l\u2019objectif de mener des initiatives de d\u00e9veloppement du commerce inclusif dans la sous-r\u00e9gion et au-del\u00e0.<\/p>\n<p>Ce r\u00e9seau est initi\u00e9 par la\u00a0<a class=\"externalLink\" href=\"https:\/\/www.ecowas.int\/?lang=fr\" target=\"_blank\" rel=\"noopener noreferrer\">Communaut\u00e9 \u00e9conomique des \u00c9tats de l\u2019Afrique de l\u2019Ouest<\/a>\u00a0(CEDEAO) avec le soutien du Centre du commerce international (CCI), une agence conjointe de l\u2019Organisation mondiale du commerce et de l\u2019ONU. Il s\u2019agit d\u2019une entit\u00e9 dirig\u00e9e par le secteur public, a indiqu\u00e9 la CEDEAO.<\/p>\n<p>Tei Konzi, Commissaire de la CEDEAO pour le commerce, les douanes et la libre circulation, a soulign\u00e9 l\u2019importance des OPC pour acc\u00e9der \u00e0 de nouveaux march\u00e9s et \u00e9tablir des liens entre les entreprises locales et internationales.<\/p>\n<p>\u00ab En tant que r\u00e9seau, vous pouvez apprendre les uns des autres, soutenir la croissance sur vos march\u00e9s respectifs, investir dans des ressources d\u2019informations partag\u00e9es et amplifier la voix des OPC et du secteur priv\u00e9 \u00bb, a d\u00e9clar\u00e9 Pamela Coke-Hamilton, directrice ex\u00e9cutive du CCI, cit\u00e9e dans un communiqu\u00e9 de la CEDEAO.<\/p>\n<p>En cr\u00e9ant ce r\u00e9seau, \u00ab vous portez votre mission \u00e0 un autre niveau, en cr\u00e9ant la force du nombre et les synergies d\u2019une collaboration plus \u00e9troite avec l\u2019objectif ultime d\u2019am\u00e9liorer les march\u00e9s ouest-africains \u00bb, a d\u00e9clar\u00e9, pour sa part, C\u00e9cile Tassin-Pelzer, cheffe de la coop\u00e9ration de la d\u00e9l\u00e9gation de l\u2019Union europ\u00e9enne (UE) au Nigeria et \u00e0 la CEDEAO. La d\u00e9cision d\u2019\u00e9tablir le r\u00e9seau en question a \u00e9t\u00e9 prise le 17 juin 2021 par le Conseil des ministres de la CEDEAO, a-t-on rappel\u00e9.<\/p>\n<p>&nbsp;<\/p>\n<p><strong>Avec dpa-news<\/strong><\/p>\n<\/div>\n","protected":false},"excerpt":{"rendered":"<p>Ce r\u00e9seau permettra d\u2019acc\u00e9der \u00e0 de nouveaux march\u00e9s et d\u2019\u00e9tablir des liens entre les entreprises locales et internationales. Tunis\u00a0(dpa)\u00a0\u2013\u00a0Un r\u00e9seau d\u2019Organisations de Promotion du Commerce (OPC) en Afrique de l\u2019Ouest a \u00e9t\u00e9 mis en place le 15 juillet \u00e0 Abuja, capitale du Nigeria, dans l\u2019objectif de mener des initiatives de d\u00e9veloppement du commerce inclusif dans [&hellip;]<\/p>\n","protected":false},"author":2,"featured_media":9815,"comment_status":"closed","ping_status":"closed","sticky":false,"template":"","format":"standard","meta":{"footnotes":""},"categories":[58],"tags":[],"class_list":{"0":"post-9814","1":"post","2":"type-post","3":"status-publish","4":"format-standard","5":"has-post-thumbnail","7":"category-societe"},"_links":{"self":[{"href":"https:\/\/conakrynews.org\/index.php\/wp-json\/wp\/v2\/posts\/9814","targetHints":{"allow":["GET"]}}],"collection":[{"href":"https:\/\/conakrynews.org\/index.php\/wp-json\/wp\/v2\/posts"}],"about":[{"href":"https:\/\/conakrynews.org\/index.php\/wp-json\/wp\/v2\/types\/post"}],"author":[{"embeddable":true,"href":"https:\/\/conakrynews.org\/index.php\/wp-json\/wp\/v2\/users\/2"}],"replies":[{"embeddable":true,"href":"https:\/\/conakrynews.org\/index.php\/wp-json\/wp\/v2\/comments?post=9814"}],"version-history":[{"count":0,"href":"https:\/\/conakrynews.org\/index.php\/wp-json\/wp\/v2\/posts\/9814\/revisions"}],"wp:featuredmedia":[{"embeddable":true,"href":"https:\/\/conakrynews.org\/index.php\/wp-json\/wp\/v2\/media\/9815"}],"wp:attachment":[{"href":"https:\/\/conakrynews.org\/index.php\/wp-json\/wp\/v2\/media?parent=9814"}],"wp:term":[{"taxonomy":"category","embeddable":true,"href":"https:\/\/conakrynews.org\/index.php\/wp-json\/wp\/v2\/categories?post=9814"},{"taxonomy":"post_tag","embeddable":true,"href":"https:\/\/conakrynews.org\/index.php\/wp-json\/wp\/v2\/tags?post=9814"}],"curies":[{"name":"wp","href":"https:\/\/api.w.org\/{rel}","templated":true}]}}