{"id":9853,"date":"2021-08-08T19:10:11","date_gmt":"2021-08-08T19:10:11","guid":{"rendered":"https:\/\/conakrynews.org\/?p=9853"},"modified":"2021-08-08T19:10:11","modified_gmt":"2021-08-08T19:10:11","slug":"kissidougou-deux-2-morts-dans-un-grave-accident-de-motos-a-walto","status":"publish","type":"post","link":"https:\/\/conakrynews.org\/index.php\/kissidougou-deux-2-morts-dans-un-grave-accident-de-motos-a-walto\/","title":{"rendered":"Kissidougou: Deux (2) morts dans un grave accident de motos \u00e0 Walto"},"content":{"rendered":"<h1 class=\"name post-title entry-title\"><\/h1>\n<p class=\"post-meta\">\n<div class=\"clear\"><\/div>\n<div class=\"entry\">\n<p>Dans la soir\u00e9e du vendredi, 6 ao\u00fbt, deux fr\u00e8res de m\u00eame p\u00e8re et m\u00eame m\u00e8re ont trouv\u00e9 la mort dans un grave accident impliquant deux motos.<\/p>\n<p>En provenance de Yend\u00e8 Millimou pour Walto \u00e0 20km de Kissidougou, deux motards se sont heurt\u00e9s dans les environs de 20h50. Selon Kamano Fran\u00e7ois, \u00e9tudiant en lettres modernes \u00e0 l\u2019universit\u00e9 G\u00e9n\u00e9ral Lansana Cont\u00e9 de Sonfonia, pr\u00e9sentement en vacances au village \u00ab L<strong><em>\u2018alerte a \u00e9t\u00e9 donn\u00e9e au village par un chauffeur en partance pour Conakry. Il y a eu trois personnes mais ce sont deux qui sont mortes. L\u2019autre n\u2019est pas morte. Il a eu des cassures et des blessures au niveau des pieds. C\u2019est un professeur au Lyc\u00e9e de Yend\u00e8. \u00bb<\/em><\/strong><\/p>\n<p>Interrog\u00e9 par le correspondant de l\u2019AGP, Jean Fara Millimouno, p\u00e8re des deux fr\u00e8res morts subitement, a eu du mal \u00e0 s\u2019exprimer. \u00ab\u00a0<strong><em>Nous \u00e9tions au village, et on m\u2019a dit que mes enfants \u00e9taient impliqu\u00e9s dans l\u2019accident qui venait d\u2019avoir lieu sur la montagne. Je suis venu ici, et j\u2019ai trouv\u00e9 effectivement que mes deux gar\u00e7ons sont morts. \u00bb<\/em><\/strong><\/p>\n<p>Selon d\u2019autres t\u00e9moignages recueillis sur les lieux de l\u2019accident, la mort des deux jeunes aurait \u00e9t\u00e9 caus\u00e9e par le choc de l\u2019arri\u00e8re de la moto que conduisait l\u2019enseignant gri\u00e8vement bless\u00e9.<\/p>\n<p>Aux derni\u00e8res informations, l\u2019enseignant bless\u00e9 a \u00e9t\u00e9 admis \u00e0 l\u2019h\u00f4pital pr\u00e9fectoral de Kissidougou o\u00f9 il suit des soins intensifs.<\/p>\n<p><strong><em>AGP<\/em><\/strong><\/p>\n<\/div>\n","protected":false},"excerpt":{"rendered":"<p>Dans la soir\u00e9e du vendredi, 6 ao\u00fbt, deux fr\u00e8res de m\u00eame p\u00e8re et m\u00eame m\u00e8re ont trouv\u00e9 la mort dans un grave accident impliquant deux motos. En provenance de Yend\u00e8 Millimou pour Walto \u00e0 20km de Kissidougou, deux motards se sont heurt\u00e9s dans les environs de 20h50. Selon Kamano Fran\u00e7ois, \u00e9tudiant en lettres modernes \u00e0 [&hellip;]<\/p>\n","protected":false},"author":2,"featured_media":0,"comment_status":"closed","ping_status":"closed","sticky":false,"template":"","format":"standard","meta":{"footnotes":""},"categories":[58],"tags":[],"class_list":{"0":"post-9853","1":"post","2":"type-post","3":"status-publish","4":"format-standard","6":"category-societe"},"_links":{"self":[{"href":"https:\/\/conakrynews.org\/index.php\/wp-json\/wp\/v2\/posts\/9853","targetHints":{"allow":["GET"]}}],"collection":[{"href":"https:\/\/conakrynews.org\/index.php\/wp-json\/wp\/v2\/posts"}],"about":[{"href":"https:\/\/conakrynews.org\/index.php\/wp-json\/wp\/v2\/types\/post"}],"author":[{"embeddable":true,"href":"https:\/\/conakrynews.org\/index.php\/wp-json\/wp\/v2\/users\/2"}],"replies":[{"embeddable":true,"href":"https:\/\/conakrynews.org\/index.php\/wp-json\/wp\/v2\/comments?post=9853"}],"version-history":[{"count":0,"href":"https:\/\/conakrynews.org\/index.php\/wp-json\/wp\/v2\/posts\/9853\/revisions"}],"wp:attachment":[{"href":"https:\/\/conakrynews.org\/index.php\/wp-json\/wp\/v2\/media?parent=9853"}],"wp:term":[{"taxonomy":"category","embeddable":true,"href":"https:\/\/conakrynews.org\/index.php\/wp-json\/wp\/v2\/categories?post=9853"},{"taxonomy":"post_tag","embeddable":true,"href":"https:\/\/conakrynews.org\/index.php\/wp-json\/wp\/v2\/tags?post=9853"}],"curies":[{"name":"wp","href":"https:\/\/api.w.org\/{rel}","templated":true}]}}