{"id":9961,"date":"2021-08-17T13:02:18","date_gmt":"2021-08-17T13:02:18","guid":{"rendered":"https:\/\/conakrynews.org\/?p=9961"},"modified":"2021-08-17T14:18:37","modified_gmt":"2021-08-17T14:18:37","slug":"guinee-greve-des-transporteurs-des-bus-dalbayrak-au-moins-4-chauffeurs-arretes","status":"publish","type":"post","link":"https:\/\/conakrynews.org\/index.php\/guinee-greve-des-transporteurs-des-bus-dalbayrak-au-moins-4-chauffeurs-arretes\/","title":{"rendered":"Guin\u00e9e\/Gr\u00e8ve des transporteurs des bus d\u2019Albayrak : Au moins 4 chauffeurs arr\u00eat\u00e9s"},"content":{"rendered":"<h1 class=\"name post-title entry-title\"><\/h1>\n<div class=\"clear\"><\/div>\n<div class=\"entry\">\n<p>Comme annonc\u00e9, les travailleurs de la soci\u00e9t\u00e9 de transport d\u2019Albarayk ont lanc\u00e9 ce lundi 16 ao\u00fbt 2021 \u00e0 Conakry une gr\u00e8ve pour r\u00e9clamer , l\u2019am\u00e9lioration de leurs conditions de vie et de travail, a constat\u00e9 notre.<\/p>\n<p>Tr\u00e8s t\u00f4t dans la matin\u00e9e de ce lundi, les travailleurs de la \u00a0soci\u00e9t\u00e9 de transport d\u2019Albarayk se sont regroup\u00e9s dans la cour du si\u00e8ge de ladite soci\u00e9t\u00e9 pour manifester leur col\u00e8re qui, ont \u00e9t\u00e9 finalement dispers\u00e9s par les forces de l\u2019ordre.<\/p>\n<p>Selon la d\u00e9l\u00e9gation syndicale des\u00a0 travailleurs de Albayrak, Boubacar Mariam Fofana, ils comptent poursuivre cette gr\u00e8ve jusqu\u2019\u00e0 la satisfaction.<\/p>\n<p>\u00ab\u00a0Depuis qu\u2019on n\u2019a entam\u00e9 cette gr\u00e8ve, la soci\u00e9t\u00e9 a n\u00e9goci\u00e9 certains travailleurs licenci\u00e9s pour travailler \u00e0 notre place. \u00a0Au moins quatre de nos amis sont\u00a0 arr\u00eat\u00e9s et ils sont m\u00eame en prison maintenant l\u00e0.\u00a0\u00bb Pr\u00e9cise-t-il.<\/p>\n<p>Au moment o\u00f9 nous quittons les lieux, tous les travailleurs \u00e9taient regroup\u00e9s au rond point de Matoto et les bus sont gar\u00e9s dans la cour .<\/p>\n<p>&nbsp;<\/p>\n<p><strong>\u00a0<\/strong><\/p>\n<p><strong>Ibra Camara pour guineequotidien.com<\/strong><\/p>\n<p><strong>\u00a0<\/strong><\/p>\n<\/div>\n","protected":false},"excerpt":{"rendered":"<p>Comme annonc\u00e9, les travailleurs de la soci\u00e9t\u00e9 de transport d\u2019Albarayk ont lanc\u00e9 ce lundi 16 ao\u00fbt 2021 \u00e0 Conakry une gr\u00e8ve pour r\u00e9clamer , l\u2019am\u00e9lioration de leurs conditions de vie et de travail, a constat\u00e9 notre. Tr\u00e8s t\u00f4t dans la matin\u00e9e de ce lundi, les travailleurs de la \u00a0soci\u00e9t\u00e9 de transport d\u2019Albarayk se sont regroup\u00e9s [&hellip;]<\/p>\n","protected":false},"author":2,"featured_media":9962,"comment_status":"closed","ping_status":"closed","sticky":false,"template":"","format":"standard","meta":{"footnotes":""},"categories":[58],"tags":[],"class_list":{"0":"post-9961","1":"post","2":"type-post","3":"status-publish","4":"format-standard","5":"has-post-thumbnail","7":"category-societe"},"_links":{"self":[{"href":"https:\/\/conakrynews.org\/index.php\/wp-json\/wp\/v2\/posts\/9961","targetHints":{"allow":["GET"]}}],"collection":[{"href":"https:\/\/conakrynews.org\/index.php\/wp-json\/wp\/v2\/posts"}],"about":[{"href":"https:\/\/conakrynews.org\/index.php\/wp-json\/wp\/v2\/types\/post"}],"author":[{"embeddable":true,"href":"https:\/\/conakrynews.org\/index.php\/wp-json\/wp\/v2\/users\/2"}],"replies":[{"embeddable":true,"href":"https:\/\/conakrynews.org\/index.php\/wp-json\/wp\/v2\/comments?post=9961"}],"version-history":[{"count":0,"href":"https:\/\/conakrynews.org\/index.php\/wp-json\/wp\/v2\/posts\/9961\/revisions"}],"wp:featuredmedia":[{"embeddable":true,"href":"https:\/\/conakrynews.org\/index.php\/wp-json\/wp\/v2\/media\/9962"}],"wp:attachment":[{"href":"https:\/\/conakrynews.org\/index.php\/wp-json\/wp\/v2\/media?parent=9961"}],"wp:term":[{"taxonomy":"category","embeddable":true,"href":"https:\/\/conakrynews.org\/index.php\/wp-json\/wp\/v2\/categories?post=9961"},{"taxonomy":"post_tag","embeddable":true,"href":"https:\/\/conakrynews.org\/index.php\/wp-json\/wp\/v2\/tags?post=9961"}],"curies":[{"name":"wp","href":"https:\/\/api.w.org\/{rel}","templated":true}]}}