{"id":9989,"date":"2021-08-19T11:35:11","date_gmt":"2021-08-19T11:35:11","guid":{"rendered":"https:\/\/conakrynews.org\/?p=9989"},"modified":"2021-08-20T20:35:24","modified_gmt":"2021-08-20T20:35:24","slug":"burkina-faso-le-proces-de-lassassinat-de-thomas-sankara-fixe-au-11-octobr","status":"publish","type":"post","link":"https:\/\/conakrynews.org\/index.php\/burkina-faso-le-proces-de-lassassinat-de-thomas-sankara-fixe-au-11-octobr\/","title":{"rendered":"Burkina Faso : le proc\u00e8s de l\u2019assassinat de Thomas Sankara fix\u00e9 au 11 octobr"},"content":{"rendered":"<h1 class=\"name post-title entry-title\"><\/h1>\n<p class=\"post-meta\">\n<div class=\"clear\"><\/div>\n<div class=\"entry\">\n<p>Trente-quatre ans apr\u00e8s la mort du \u00ab\u00a0p\u00e8re de la r\u00e9volution\u00a0\u00bb burkinab\u00e8, la date du proc\u00e8s de l\u2019assassinat de Thomas Sankara a finalement \u00e9t\u00e9 fix\u00e9e au 11 octobre.\u00a0L\u2019ancien pr\u00e9sident Blaise Compaor\u00e9\u00a0sera sur le banc des accus\u00e9s.<\/p>\n<p>Bient\u00f4t la v\u00e9rit\u00e9 dans\u00a0l\u2019affaire\u00a0<a href=\"https:\/\/www.france24.com\/fr\/tag\/thomas-sankara\/\" target=\"_self\" rel=\"noopener noreferrer\">Thomas Sankara<\/a>\u00a0?\u00a0La date du proc\u00e8s de l\u2019assassinat de l\u2019ancien pr\u00e9sident du Burkina Faso, tu\u00e9 avec douze autres personnes lors d\u2019un coup d\u2019\u00c9tat en 1987, a \u00e9t\u00e9 fix\u00e9e, mardi 17 ao\u00fbt, par le procureur militaire du Burkina Faso. L\u2019ancien pr\u00e9sident\u00a0<a href=\"https:\/\/www.france24.com\/fr\/tag\/blaise-compaor%C3%A9\/\" target=\"_self\" rel=\"noopener noreferrer\">Blaise\u00a0Compaor\u00e9<\/a>\u00a0et douze\u00a0autres accus\u00e9s seront jug\u00e9s \u00e0 Ouagadougou \u00e0 partir du\u00a011 octobre.<\/p>\n<p>\u00ab\u00a0Le\u00a0proc\u00e8s des personnes mises en cause dans l\u2019affaire de l\u2019assassinat du pr\u00e9sident Thomas Sankara et de ses douze compagnons s\u2019ouvrira le lundi 11 octobre 2021 \u00e0 partir de 9 h\u00a0(GMT et locales)\u00a0\u00bb, indique un communiqu\u00e9 transmis \u00e0 l\u2019AFP. Le texte pr\u00e9cise que le\u00a0proc\u00e8s sera \u00ab\u00a0public\u00a0\u00bb et d\u00e9localis\u00e9 \u00ab\u00a0dans la salle des banquets de Ouaga 2000\u00a0\u00bb.<\/p>\n<p><strong>\u00ab\u00a0Beaucoup d\u2019accus\u00e9s d\u00e9c\u00e9d\u00e9s\u00a0\u00bb<\/strong><\/p>\n<p>Mi-avril,\u00a0le dossier avait \u00e9t\u00e9 renvoy\u00e9 devant le tribunal militaire de Ouagadougou, apr\u00e8s la confirmation des charges contre les principaux accus\u00e9s, dont l\u2019ex-pr\u00e9sident du Burkina Faso Blaise Compaor\u00e9,\u00a034 ans apr\u00e8s la mort du \u00ab\u00a0p\u00e8re de la r\u00e9volution\u00a0\u00bb burkinab\u00e8.<\/p>\n<div id=\"tms-ad-inread-08413956636079378\" class=\"tms-ad\" data-tms-ad-type=\"inread\" data-tms-ad-provider=\"invibes\" data-tms-ad-status=\"loaded\">\n<div id=\"divVideoStepAdBottom\" class=\"divVideoStep\"><\/div>\n<\/div>\n<p>Outre Blaise\u00a0Compaor\u00e9, 12 autres accus\u00e9s seront jug\u00e9s pour \u00ab\u00a0attentat \u00e0 la s\u00fbret\u00e9 de l\u2019\u00c9tat\u00a0\u00bb, \u00ab\u00a0complicit\u00e9 d\u2019assassinats\u00a0\u00bb et \u00ab\u00a0complicit\u00e9 de recel de cadavres\u00a0\u00bb.\u00a0Parmi eux\u00a0figurent le g\u00e9n\u00e9ral Gilbert Diend\u00e9r\u00e9, l\u2019un des principaux chefs de l\u2019arm\u00e9e lors du putsch de 1987, devenu ensuite chef d\u2019\u00e9tat-major particulier de Blaise Compaor\u00e9, ainsi que des soldats de l\u2019ex-garde pr\u00e9sidentielle.<\/p>\n<p>Le g\u00e9n\u00e9ral Diend\u00e9r\u00e9 purge actuellement au Burkina Faso une peine de 20 ans de prison pour une tentative de coup d\u2019\u00c9tat en 2015.<\/p>\n<p>Davantage de personnes \u00e9taient mises en cause initialement, mais \u00ab\u00a0beaucoup d\u2019accus\u00e9s sont d\u00e9c\u00e9d\u00e9s\u00a0\u00bb, selon les avocats de la partie civile.<\/p>\n<p>Arriv\u00e9 au pouvoir par un coup d\u2019\u00c9tat en 1983, le pr\u00e9sident Sankara a \u00e9t\u00e9 tu\u00e9 \u00e0 37 ans\u00a0par un commando le 15 octobre 1987, lors d\u2019un putsch qui porta au pouvoir son compagnon d\u2019armes d\u2019alors, Blaise Compaor\u00e9.<\/p>\n<p><strong>Blaise Compaor\u00e9 en exil en C\u00f4te d\u2019Ivoire<\/strong><\/p>\n<p>La mort de Thomas Sankara, devenu\u00a0une figure panafricaine et surnomm\u00e9 le \u00ab\u00a0Che Africain\u00a0\u00bb, \u00e9tait un sujet tabou pendant les 27 ans de pouvoir de Blaise Compaor\u00e9, lui-m\u00eame renvers\u00e9 par une insurrection populaire en 2014.<\/p>\n<div class=\"m-em-image\">\n<figure class=\"m-figure m-figure--original\">\n<div class=\"m-figure__img-wrapper\"><img decoding=\"async\" class=\"m-figure__img tie-appear\" src=\"https:\/\/s.france24.com\/media\/display\/a569c20c-ff94-11eb-84b3-005056a90284\/000_H06YM.webp\" alt=\"L'ancien pr\u00e9sident burkinab\u00e8 Blaise Compaor\u00e9, en exil en C\u00f4te d'Ivoire, le 10 octobre 2016 \u00e0 Abidjan.\" data-image-dataset=\"{&quot;url&quot;:&quot;https:\\\/\\\/s.france24.com\\\/media\\\/display\\\/a569c20c-ff94-11eb-84b3-005056a90284\\\/&quot;,&quot;filename&quot;:&quot;000_H06YM.jpg&quot;,&quot;ratio&quot;:null,&quot;displayFormat&quot;:&quot;original&quot;}\" \/><\/div><figcaption class=\"m-figure__caption\"><span class=\"a-media-legend\">L\u2019ancien pr\u00e9sident burkinab\u00e8 Blaise Compaor\u00e9, en exil en C\u00f4te d\u2019Ivoire, le 10 octobre 2016 \u00e0 Abidjan.<\/span>\u00a0<span class=\"a-media-legend\">\u00a9 Issouf Sanogo, AFP<\/span><\/figcaption><\/figure>\n<\/div>\n<p>L\u2019affaire a \u00e9t\u00e9 relanc\u00e9e,\u00a0apr\u00e8s sa chute, par le r\u00e9gime de transition d\u00e9mocratique, et un\u00a0mandat d\u2019arr\u00eat international a \u00e9t\u00e9 \u00e9mis contre lui par la justice burkinab\u00e8\u00a0en d\u00e9cembre 2015.<\/p>\n<p>En f\u00e9vrier 2020, une premi\u00e8re reconstitution de l\u2019assassinat de Thomas Sankara s\u2019\u00e9tait d\u00e9roul\u00e9e sur les lieux du crime, au si\u00e8ge du Conseil national de la r\u00e9volution (CNR) \u00e0 Ouagadougou.<\/p>\n<p>Blaise Compaor\u00e9 vit en C\u00f4te d\u2019Ivoire, pays voisin du Burkina Faso, o\u00f9 il s\u2019\u00e9tait enfui apr\u00e8s sa chute et dont il a obtenu la nationalit\u00e9. Il devrait \u00eatre jug\u00e9 par contumace, sauf s\u2019il se pr\u00e9sente volontairement devant ses juges.<\/p>\n<p><strong><em>Avec AFP<\/em><\/strong><\/p>\n<\/div>\n","protected":false},"excerpt":{"rendered":"<p>Trente-quatre ans apr\u00e8s la mort du \u00ab\u00a0p\u00e8re de la r\u00e9volution\u00a0\u00bb burkinab\u00e8, la date du proc\u00e8s de l\u2019assassinat de Thomas Sankara a finalement \u00e9t\u00e9 fix\u00e9e au 11 octobre.\u00a0L\u2019ancien pr\u00e9sident Blaise Compaor\u00e9\u00a0sera sur le banc des accus\u00e9s. Bient\u00f4t la v\u00e9rit\u00e9 dans\u00a0l\u2019affaire\u00a0Thomas Sankara\u00a0?\u00a0La date du proc\u00e8s de l\u2019assassinat de l\u2019ancien pr\u00e9sident du Burkina Faso, tu\u00e9 avec douze autres [&hellip;]<\/p>\n","protected":false},"author":2,"featured_media":9990,"comment_status":"closed","ping_status":"closed","sticky":false,"template":"","format":"standard","meta":{"footnotes":""},"categories":[58],"tags":[],"class_list":{"0":"post-9989","1":"post","2":"type-post","3":"status-publish","4":"format-standard","5":"has-post-thumbnail","7":"category-societe"},"_links":{"self":[{"href":"https:\/\/conakrynews.org\/index.php\/wp-json\/wp\/v2\/posts\/9989","targetHints":{"allow":["GET"]}}],"collection":[{"href":"https:\/\/conakrynews.org\/index.php\/wp-json\/wp\/v2\/posts"}],"about":[{"href":"https:\/\/conakrynews.org\/index.php\/wp-json\/wp\/v2\/types\/post"}],"author":[{"embeddable":true,"href":"https:\/\/conakrynews.org\/index.php\/wp-json\/wp\/v2\/users\/2"}],"replies":[{"embeddable":true,"href":"https:\/\/conakrynews.org\/index.php\/wp-json\/wp\/v2\/comments?post=9989"}],"version-history":[{"count":0,"href":"https:\/\/conakrynews.org\/index.php\/wp-json\/wp\/v2\/posts\/9989\/revisions"}],"wp:featuredmedia":[{"embeddable":true,"href":"https:\/\/conakrynews.org\/index.php\/wp-json\/wp\/v2\/media\/9990"}],"wp:attachment":[{"href":"https:\/\/conakrynews.org\/index.php\/wp-json\/wp\/v2\/media?parent=9989"}],"wp:term":[{"taxonomy":"category","embeddable":true,"href":"https:\/\/conakrynews.org\/index.php\/wp-json\/wp\/v2\/categories?post=9989"},{"taxonomy":"post_tag","embeddable":true,"href":"https:\/\/conakrynews.org\/index.php\/wp-json\/wp\/v2\/tags?post=9989"}],"curies":[{"name":"wp","href":"https:\/\/api.w.org\/{rel}","templated":true}]}}